{"id":40475,"date":"2015-03-30T21:56:45","date_gmt":"2015-03-31T00:56:45","guid":{"rendered":"http:\/\/www.hoymercedes.com.ar\/principal\/?p=40475"},"modified":"2015-03-30T22:56:44","modified_gmt":"2015-03-31T01:56:44","slug":"selva-insiste-con-falta-de-compromiso-del-gobierno-nacional-con-mercedes","status":"publish","type":"post","link":"https:\/\/www.hoymercedes.com.ar\/principal\/2015\/03\/30\/selva-insiste-con-falta-de-compromiso-del-gobierno-nacional-con-mercedes\/","title":{"rendered":"Selva remarca falta de compromiso del Gobierno Nacional con Mercedes"},"content":{"rendered":"<p><a href=\"https:\/\/www.hoymercedes.com.ar\/principal\/wp-content\/uploads\/2014\/06\/Selva-Bragado.jpg\"><img loading=\"lazy\" decoding=\"async\" data-attachment-id=\"33702\" data-permalink=\"https:\/\/www.hoymercedes.com.ar\/principal\/2014\/06\/08\/carlos-selva-en-bragado-junto-a-concejales-de-la-cuarta-seccion-electoral\/selva-bragado\/#main\" data-orig-file=\"https:\/\/www.hoymercedes.com.ar\/principal\/wp-content\/uploads\/2014\/06\/Selva-Bragado.jpg\" data-orig-size=\"620,413\" data-comments-opened=\"1\" data-image-meta=\"{&quot;aperture&quot;:&quot;0&quot;,&quot;credit&quot;:&quot;&quot;,&quot;camera&quot;:&quot;&quot;,&quot;caption&quot;:&quot;&quot;,&quot;created_timestamp&quot;:&quot;0&quot;,&quot;copyright&quot;:&quot;&quot;,&quot;focal_length&quot;:&quot;0&quot;,&quot;iso&quot;:&quot;0&quot;,&quot;shutter_speed&quot;:&quot;0&quot;,&quot;title&quot;:&quot;&quot;}\" data-image-title=\"Selva-Bragado\" data-image-description=\"\" data-image-caption=\"\" data-large-file=\"https:\/\/www.hoymercedes.com.ar\/principal\/wp-content\/uploads\/2014\/06\/Selva-Bragado.jpg\" class=\"Img2014 aligncenter wp-image-33702 size-full\" src=\"https:\/\/www.hoymercedes.com.ar\/principal\/wp-content\/uploads\/2014\/06\/Selva-Bragado.jpg\" alt=\"Selva-Bragado\" width=\"620\" height=\"413\" \/><\/a><\/p>\n<p><strong>(MM) <em>\u00abEl intendente viene insistiendo con el aporte del Ministerio de Agricultura para el arreglo de caminos rurales. En diciembre se present\u00f3 el tr\u00e1mite pero todav\u00eda no hay novedades.\u00bb<\/em>, remarcan desde la Comuna.<\/strong><\/p>\n<p>El intendente Carlos Selva sigue a la espera que el Estado Nacional cumpla con este distrito en el marco del Programa de Recuperaci\u00f3n de Sectores de Caminos Rurales de la Emergencia Agropecuaria, ya que hab\u00edan dejado afuera de esta posibilidad a Mercedes.<\/p>\n<p>El Estado Nacional, a trav\u00e9s del Ministerio de Agricultura, hab\u00eda anunciado la ayuda econ\u00f3mica para municipios de la provincia de Buenos Aires que estaban en emergencia por las intensas y repetitivas lluvias del 2014 que destruyeron los caminos rurales. Se trataba de un total de 19.239.000 pesos para la mejora de los caminos rurales de 40 municipios.<\/p>\n<p>El listado de municipios inclu\u00eda a: Adolfo Gonz\u00e1lez Ch\u00e1vez, Alberti, Bol\u00edvar, Brandsen, Carlos Tejedor, Chacabuco, Chivilcoy, Esteban Echeverr\u00eda, Florentino Ameghino, General Belgrano, Las Heras, Pinto, Guamin\u00ed, Alem, Las Flores, Lezama, Lober\u00eda, Lobos, Marcos Paz, Moreno, Navarro, Pila, Presidente Per\u00f3n, Punta Indio, Roque P\u00e9rez, San Antonio de Areco, San Miguel del Monte, San Vicente, Suipacha, Tordillo, Tornquist, Villarino, Adolfo Alsina, Ca\u00f1uelas, Tapalqu\u00e9 y General Paz.<\/p>\n<p>Con el paso del tiempo la Secretar\u00eda de Obras P\u00fablicas manifest\u00f3 que \u201cen el marco de los subsidios ofrecidos a los distritos que sufrieron inundaciones en el a\u00f1o 2014, en el cual se olvidaron de Mercedes, y ante los reclamos efectuados por el intendente Selva ante los medios, y la repercusi\u00f3n de tuvo este olvido, se abrieron\u00a0 las puertas para que Mercedes entre en este aporte nacional\u201d.<\/p>\n<p>En este marco la Municipalidad de Mercedes gener\u00f3 los proyectos de recomposici\u00f3n de los 5 sectores m\u00e1s comprometidos del partido en su zona rural, siendo estos: Ruta Provincial 42 en inmediaciones de la estaci\u00f3n ferroviaria de La Verde, otro frente al Establecimiento \u201cEl Alba\u201d en la Localidad de Franklin, otro en prolongaci\u00f3n de calle 30 camino a Goldney, otro en camino a Suipacha en inmediaciones del campo de Pedretti, y otro en camino a Almeyra camino a escuelas rurales N\u00b0 4 y 6.<\/p>\n<p>Dichos proyectos fueron ingresados al Ministerio de Agricultura, Ganader\u00eda y Pesca del Estado Nacional, registrando su ingreso el d\u00eda 5 de diciembre del 2014. \u201cEste municipio se ve enga\u00f1ado, ya habiendo pasado casi 4 meses de su presentaci\u00f3n con varios reclamos entre medio, ya que a\u00fan no hay respuestas concretas, ante esta grave situaci\u00f3n que se vive en los distritos que han tenido de sufrir el agresivo r\u00e9gimen de lluvias ca\u00eddos en el a\u00f1o 2014, siendo este un 74% mayor al acontecido en los \u00faltimos 45 a\u00f1os\u201d, sostuvo la Secretar\u00eda de Obras P\u00fablicas a trav\u00e9s de un comunicado.<\/p>\n<p>Desde el municipio sostienen que hubo discriminaci\u00f3n a Mercedes en el proyecto original de aportes de la Naci\u00f3n y que adem\u00e1s, luego de efectuado el tr\u00e1mite de reincorporarlo a la propuesta del gobierno nacional, nada ha cambiado. Hoy los trabajos que se realizan en los caminos rurales del distrito son llevados adelante con el aporte \u00edntegramente municipal.<\/p>\n<p><span style=\"color: #808080;\">Fuente: MM<\/span><\/p>\n<p>&nbsp;<\/p>\n<p>&nbsp;<\/p>\n<p>&nbsp;<\/p>\n","protected":false},"excerpt":{"rendered":"<p>(MM) \u00abEl intendente viene insistiendo con el aporte del Ministerio de Agricultura para el arreglo de caminos rurales. En diciembre &#8230; <a title=\"Selva remarca falta de compromiso del Gobierno Nacional con Mercedes\" class=\"read-more\" href=\"https:\/\/www.hoymercedes.com.ar\/principal\/2015\/03\/30\/selva-insiste-con-falta-de-compromiso-del-gobierno-nacional-con-mercedes\/\" aria-label=\"Leer m\u00e1s sobre Selva remarca falta de compromiso del Gobierno Nacional con Mercedes\">Leer m\u00e1s<\/a><\/p>\n","protected":false},"author":1,"featured_media":0,"comment_status":"open","ping_status":"open","sticky":false,"template":"","format":"standard","meta":{"_monsterinsights_skip_tracking":false,"_monsterinsights_sitenote_active":false,"_monsterinsights_sitenote_note":"","_monsterinsights_sitenote_category":0,"jetpack_post_was_ever_published":false,"_jetpack_newsletter_access":"","_jetpack_dont_email_post_to_subs":false,"_jetpack_newsletter_tier_id":0,"_jetpack_memberships_contains_paywalled_content":false,"_jetpack_memberships_contains_paid_content":false,"footnotes":"","jetpack_publicize_message":"","jetpack_publicize_feature_enabled":true,"jetpack_social_post_already_shared":true,"jetpack_social_options":{"image_generator_settings":{"template":"highway","default_image_id":0,"font":"","enabled":false},"version":2},"_wpas_customize_per_network":false},"categories":[5],"tags":[39,7119],"class_list":["post-40475","post","type-post","status-publish","format-standard","hentry","category-politica","tag-carlos-selva","tag-fondos-gobiernos-nacional","generate-columns","tablet-grid-50","mobile-grid-100","grid-parent","grid-50"],"jetpack_publicize_connections":[],"jetpack_featured_media_url":"","wps_subtitle":"No llegan fondos ni obras","jetpack_sharing_enabled":true,"jetpack-related-posts":[{"id":44278,"url":"https:\/\/www.hoymercedes.com.ar\/principal\/2015\/08\/29\/estado-nacional-envio-700-000-para-los-caminos-rurales-de-mercedes\/","url_meta":{"origin":40475,"position":0},"title":"Estado Nacional envi\u00f3 $700.000 para los caminos rurales de Mercedes","author":"hoymercedes","date":"29 agosto, 2015","format":false,"excerpt":"El Estado nacional le transfiri\u00f3 al municipio casi 700 mil pesos para invertir en la mejora de los caminos rurales, en cumplimiento de un convenio firmado semanas atr\u00e1s entre\u00a0el Ministerio de Agricultura, Ganader\u00eda y Pesca y el intendente, Carlos Selva, que fue impulsado por el Secretario General de la Presidencia,\u2026","rel":"","context":"En \u00abPol\u00edtica\u00bb","block_context":{"text":"Pol\u00edtica","link":"https:\/\/www.hoymercedes.com.ar\/principal\/category\/politica\/"},"img":{"alt_text":"","src":"https:\/\/i0.wp.com\/www.hoymercedes.com.ar\/principal\/wp-content\/uploads\/2015\/08\/caminos-rurales-dineronacion.jpg?resize=350%2C200&ssl=1","width":350,"height":200,"srcset":"https:\/\/i0.wp.com\/www.hoymercedes.com.ar\/principal\/wp-content\/uploads\/2015\/08\/caminos-rurales-dineronacion.jpg?resize=350%2C200&ssl=1 1x, https:\/\/i0.wp.com\/www.hoymercedes.com.ar\/principal\/wp-content\/uploads\/2015\/08\/caminos-rurales-dineronacion.jpg?resize=525%2C300&ssl=1 1.5x"},"classes":[]},{"id":43158,"url":"https:\/\/www.hoymercedes.com.ar\/principal\/2015\/07\/17\/caminos-rurales-importante-convenio-para-aportes-de-nacion-para-su-mantenimietno\/","url_meta":{"origin":40475,"position":1},"title":"Caminos rurales: importante convenio para aportes de Naci\u00f3n para su mantenimietno","author":"hoymercedes","date":"17 julio, 2015","format":false,"excerpt":"El Estado nacional le transferir\u00e1 al municipio casi 700 mil pesos para invertir en la mejora de los caminos rurales, tras la firma de un convenio entre el Ministerio de Agricultura, Ganader\u00eda y Pesca y el intendente, Carlos Selva, que fue impulsado por el Secretario General de la Presidencia, Eduardo\u2026","rel":"","context":"En \u00abPol\u00edtica\u00bb","block_context":{"text":"Pol\u00edtica","link":"https:\/\/www.hoymercedes.com.ar\/principal\/category\/politica\/"},"img":{"alt_text":"","src":"https:\/\/i0.wp.com\/www.hoymercedes.com.ar\/principal\/wp-content\/uploads\/2015\/07\/Selva-Wado-Ustarroz.jpg?resize=350%2C200&ssl=1","width":350,"height":200,"srcset":"https:\/\/i0.wp.com\/www.hoymercedes.com.ar\/principal\/wp-content\/uploads\/2015\/07\/Selva-Wado-Ustarroz.jpg?resize=350%2C200&ssl=1 1x, https:\/\/i0.wp.com\/www.hoymercedes.com.ar\/principal\/wp-content\/uploads\/2015\/07\/Selva-Wado-Ustarroz.jpg?resize=525%2C300&ssl=1 1.5x"},"classes":[]},{"id":44934,"url":"https:\/\/www.hoymercedes.com.ar\/principal\/2015\/09\/30\/se-firmaron-convenios-para-asistir-a-productores-de-la-provincia-y-mercedes-beneficiado\/","url_meta":{"origin":40475,"position":2},"title":"Se firmaron convenios para asistir a productores de la provincia y Mercedes beneficiado","author":"hoymercedes","date":"30 septiembre, 2015","format":false,"excerpt":"En el marco de las asistencias que se est\u00e1n brindando a los productores afectados por las \u00faltimas inundaciones en la provincia de Buenos Aires, se firmaron 65 convenios con 52 municipios para asistencia directa, obras de infraestructura y para desarrollar un sistema de alerta temprana en conjunto con la Universidad\u2026","rel":"","context":"En \u00abPol\u00edtica\u00bb","block_context":{"text":"Pol\u00edtica","link":"https:\/\/www.hoymercedes.com.ar\/principal\/category\/politica\/"},"img":{"alt_text":"","src":"https:\/\/i0.wp.com\/www.hoymercedes.com.ar\/principal\/wp-content\/uploads\/2015\/09\/depedro.convenios.rurales.jpg?resize=350%2C200&ssl=1","width":350,"height":200,"srcset":"https:\/\/i0.wp.com\/www.hoymercedes.com.ar\/principal\/wp-content\/uploads\/2015\/09\/depedro.convenios.rurales.jpg?resize=350%2C200&ssl=1 1x, https:\/\/i0.wp.com\/www.hoymercedes.com.ar\/principal\/wp-content\/uploads\/2015\/09\/depedro.convenios.rurales.jpg?resize=525%2C300&ssl=1 1.5x"},"classes":[]},{"id":61039,"url":"https:\/\/www.hoymercedes.com.ar\/principal\/2017\/03\/25\/selva-participo-de-reunion-sobre-sistema-integrado-de-seguro-agropecuario\/","url_meta":{"origin":40475,"position":3},"title":"Selva particip\u00f3 de reuni\u00f3n sobre Sistema Integrado de Seguro Agropecuario","author":"hoymercedes","date":"25 marzo, 2017","format":false,"excerpt":"El Diputdo Carlos Selva particip\u00f3\u00a0de la reuni\u00f3n informativa sobre Sistema Integrado de Seguro Agropecuario que se llev\u00f3 d\u00edas atr\u00e1s en el Congreso Nacional. Como integrante de la Comisi\u00f3n de Agricultura y Ganader\u00eda de la H.\u00a0C. de Diputados de la Naci\u00f3n fue parte del debate por\u00a0el proyecto de ley sobre Sistema\u2026","rel":"","context":"En \u00abPol\u00edtica\u00bb","block_context":{"text":"Pol\u00edtica","link":"https:\/\/www.hoymercedes.com.ar\/principal\/category\/politica\/"},"img":{"alt_text":"","src":"https:\/\/i0.wp.com\/www.hoymercedes.com.ar\/principal\/wp-content\/uploads\/2017\/03\/25-Carlos-Selva.jpg?resize=350%2C200&ssl=1","width":350,"height":200,"srcset":"https:\/\/i0.wp.com\/www.hoymercedes.com.ar\/principal\/wp-content\/uploads\/2017\/03\/25-Carlos-Selva.jpg?resize=350%2C200&ssl=1 1x, https:\/\/i0.wp.com\/www.hoymercedes.com.ar\/principal\/wp-content\/uploads\/2017\/03\/25-Carlos-Selva.jpg?resize=525%2C300&ssl=1 1.5x"},"classes":[]},{"id":32908,"url":"https:\/\/www.hoymercedes.com.ar\/principal\/2014\/05\/16\/carlos-selva-se-reunio-con-productores-rurales-de-todo-el-partido\/","url_meta":{"origin":40475,"position":4},"title":"Carlos Selva se reuni\u00f3 con productores rurales de todo el Partido","author":"hoymercedes","date":"16 mayo, 2014","format":false,"excerpt":"El intendente Carlos Selva se reuni\u00f3 con una importante cantidad de productores rurales y vecinos de la zona rural con el objetivo de trabajar en conjunto en las mejoras que los caminos camperos de la ciudad requieren. El encuentro fue en la Terminal. All\u00ed debatieron, intercambiaron opiniones, buscaron alternativas para\u2026","rel":"","context":"En \u00abSociedad\u00bb","block_context":{"text":"Sociedad","link":"https:\/\/www.hoymercedes.com.ar\/principal\/category\/sociedad\/"},"img":{"alt_text":"","src":"","width":0,"height":0},"classes":[]},{"id":33380,"url":"https:\/\/www.hoymercedes.com.ar\/principal\/2014\/05\/28\/carlos-selva-se-reunio-nuevamente-con-productores-rurales\/","url_meta":{"origin":40475,"position":5},"title":"Carlos Selva se reuni\u00f3 nuevamente con Productores Rurales","author":"hoymercedes","date":"28 mayo, 2014","format":false,"excerpt":"(FR) El intendente Carlos Selva este mi\u00e9rcoles por la tarde mantuvo una importante reuni\u00f3n con productores rurales en la Casa del Campo, que fue calificada de positiva y con propuestas de trabajo a futuro consensuadas. Una treintena de productores rurales, acompa\u00f1ados de dirigentes de la Sociedad Rural, mantuvieron una reuni\u00f3n\u2026","rel":"","context":"En \u00abPol\u00edtica\u00bb","block_context":{"text":"Pol\u00edtica","link":"https:\/\/www.hoymercedes.com.ar\/principal\/category\/politica\/"},"img":{"alt_text":"CarlosSelva-ProductoresRurales","src":"https:\/\/i0.wp.com\/www.hoymercedes.com.ar\/principal\/wp-content\/uploads\/2014\/05\/CarlosSelva-ProductoresRurales.jpg?resize=350%2C200","width":350,"height":200,"srcset":"https:\/\/i0.wp.com\/www.hoymercedes.com.ar\/principal\/wp-content\/uploads\/2014\/05\/CarlosSelva-ProductoresRurales.jpg?resize=350%2C200 1x, https:\/\/i0.wp.com\/www.hoymercedes.com.ar\/principal\/wp-content\/uploads\/2014\/05\/CarlosSelva-ProductoresRurales.jpg?resize=525%2C300 1.5x"},"classes":[]}],"_links":{"self":[{"href":"https:\/\/www.hoymercedes.com.ar\/principal\/wp-json\/wp\/v2\/posts\/40475","targetHints":{"allow":["GET"]}}],"collection":[{"href":"https:\/\/www.hoymercedes.com.ar\/principal\/wp-json\/wp\/v2\/posts"}],"about":[{"href":"https:\/\/www.hoymercedes.com.ar\/principal\/wp-json\/wp\/v2\/types\/post"}],"author":[{"embeddable":true,"href":"https:\/\/www.hoymercedes.com.ar\/principal\/wp-json\/wp\/v2\/users\/1"}],"replies":[{"embeddable":true,"href":"https:\/\/www.hoymercedes.com.ar\/principal\/wp-json\/wp\/v2\/comments?post=40475"}],"version-history":[{"count":0,"href":"https:\/\/www.hoymercedes.com.ar\/principal\/wp-json\/wp\/v2\/posts\/40475\/revisions"}],"wp:attachment":[{"href":"https:\/\/www.hoymercedes.com.ar\/principal\/wp-json\/wp\/v2\/media?parent=40475"}],"wp:term":[{"taxonomy":"category","embeddable":true,"href":"https:\/\/www.hoymercedes.com.ar\/principal\/wp-json\/wp\/v2\/categories?post=40475"},{"taxonomy":"post_tag","embeddable":true,"href":"https:\/\/www.hoymercedes.com.ar\/principal\/wp-json\/wp\/v2\/tags?post=40475"}],"curies":[{"name":"wp","href":"https:\/\/api.w.org\/{rel}","templated":true}]}}