{"id":40477,"date":"2015-03-30T22:23:33","date_gmt":"2015-03-31T01:23:33","guid":{"rendered":"http:\/\/www.hoymercedes.com.ar\/principal\/?p=40477"},"modified":"2015-07-03T09:56:04","modified_gmt":"2015-07-03T12:56:04","slug":"este-martes-asociacion-judicial-bonaerense-adhiere-al-paro","status":"publish","type":"post","link":"https:\/\/www.hoymercedes.com.ar\/principal\/2015\/03\/30\/este-martes-asociacion-judicial-bonaerense-adhiere-al-paro\/","title":{"rendered":"Este martes Asociaci\u00f3n Judicial Bonaerense adhiere al paro"},"content":{"rendered":"<p><em><strong>El martes 31, la Asociaci\u00f3n Judicial Bonaerense realizar\u00e1 un paro total de actividades, sum\u00e1ndose a los cientos de cuerpos de delegados, sindicatos, federaciones, centrales y agrupaciones sindicales que a lo largo y ancho del pa\u00eds reclamar\u00e1n modificaciones a la aplicaci\u00f3n del impuesto a las ganancias sobre el salario.<\/strong><\/em><\/p>\n<p>A pesar de las profundas diferencias que la AJB mantiene con algunos de los dirigentes sindicales que convocan a la medida de ma\u00f1ana, el gremio judicial consider\u00f3 necesario expresar a trav\u00e9s de esta medida de car\u00e1cter nacional su en\u00e9rgico reclamo por la eliminaci\u00f3n del impuesto a las ganancias sobre salarios y haberes jubilatorios.<\/p>\n<p>El Congreso de la AJB hab\u00eda resuelto por amplia mayor\u00eda impulsar en forma permanente la lucha por la eliminaci\u00f3n del impuesto al salario, y las asambleas departamentales que la semana pasada debatieron el tema resolvieron impulsar la adhesi\u00f3n de la AJB.<\/p>\n<p>Para el caso de los judiciales bonaerenses, el impuesto a las ganancias afecta una parte sensible del salario de unos 2400 trabajadores activos (empleados y funcionarios), al tiempo que son miles los jubilados judiciales que se ven privados de percibir en forma completa sus haberes por los que aportaron durante toda su vida laboral.<\/p>\n<p>Asimismo, la AJB viene reclamando que mientras el impuesto a las ganancias se siga aplicando sobre los salarios, se elimine la restricci\u00f3n mediante la cual los magistrados se encuentran excluidos del pago de ese tributo.<\/p>\n<p>&nbsp;<\/p>\n<p>&nbsp;<\/p>\n","protected":false},"excerpt":{"rendered":"<p>El martes 31, la Asociaci\u00f3n Judicial Bonaerense realizar\u00e1 un paro total de actividades, sum\u00e1ndose a los cientos de cuerpos de &#8230; <a title=\"Este martes Asociaci\u00f3n Judicial Bonaerense adhiere al paro\" class=\"read-more\" href=\"https:\/\/www.hoymercedes.com.ar\/principal\/2015\/03\/30\/este-martes-asociacion-judicial-bonaerense-adhiere-al-paro\/\" aria-label=\"Leer m\u00e1s sobre Este martes Asociaci\u00f3n Judicial Bonaerense adhiere al paro\">Leer m\u00e1s<\/a><\/p>\n","protected":false},"author":1,"featured_media":0,"comment_status":"open","ping_status":"open","sticky":false,"template":"","format":"standard","meta":{"_monsterinsights_skip_tracking":false,"_monsterinsights_sitenote_active":false,"_monsterinsights_sitenote_note":"","_monsterinsights_sitenote_category":0,"jetpack_post_was_ever_published":false,"_jetpack_newsletter_access":"","_jetpack_dont_email_post_to_subs":false,"_jetpack_newsletter_tier_id":0,"_jetpack_memberships_contains_paywalled_content":false,"_jetpack_memberships_contains_paid_content":false,"footnotes":"","jetpack_publicize_message":"","jetpack_publicize_feature_enabled":true,"jetpack_social_post_already_shared":true,"jetpack_social_options":{"image_generator_settings":{"template":"highway","default_image_id":0,"font":"","enabled":false},"version":2},"_wpas_customize_per_network":false},"categories":[23],"tags":[95],"class_list":["post-40477","post","type-post","status-publish","format-standard","hentry","category-educacion","tag-ajb","generate-columns","tablet-grid-50","mobile-grid-100","grid-parent","grid-50"],"jetpack_publicize_connections":[],"jetpack_featured_media_url":"","wps_subtitle":"Por el salario","jetpack_sharing_enabled":true,"_links":{"self":[{"href":"https:\/\/www.hoymercedes.com.ar\/principal\/wp-json\/wp\/v2\/posts\/40477","targetHints":{"allow":["GET"]}}],"collection":[{"href":"https:\/\/www.hoymercedes.com.ar\/principal\/wp-json\/wp\/v2\/posts"}],"about":[{"href":"https:\/\/www.hoymercedes.com.ar\/principal\/wp-json\/wp\/v2\/types\/post"}],"author":[{"embeddable":true,"href":"https:\/\/www.hoymercedes.com.ar\/principal\/wp-json\/wp\/v2\/users\/1"}],"replies":[{"embeddable":true,"href":"https:\/\/www.hoymercedes.com.ar\/principal\/wp-json\/wp\/v2\/comments?post=40477"}],"version-history":[{"count":0,"href":"https:\/\/www.hoymercedes.com.ar\/principal\/wp-json\/wp\/v2\/posts\/40477\/revisions"}],"wp:attachment":[{"href":"https:\/\/www.hoymercedes.com.ar\/principal\/wp-json\/wp\/v2\/media?parent=40477"}],"wp:term":[{"taxonomy":"category","embeddable":true,"href":"https:\/\/www.hoymercedes.com.ar\/principal\/wp-json\/wp\/v2\/categories?post=40477"},{"taxonomy":"post_tag","embeddable":true,"href":"https:\/\/www.hoymercedes.com.ar\/principal\/wp-json\/wp\/v2\/tags?post=40477"}],"curies":[{"name":"wp","href":"https:\/\/api.w.org\/{rel}","templated":true}]}}