{"id":40509,"date":"2015-04-01T09:52:47","date_gmt":"2015-04-01T12:52:47","guid":{"rendered":"http:\/\/www.hoymercedes.com.ar\/principal\/?p=40509"},"modified":"2015-04-01T09:52:47","modified_gmt":"2015-04-01T12:52:47","slug":"junto-a-benitez-hubo-disertaciones-sobre-diversas-problematicas-en-casa-anus","status":"publish","type":"post","link":"https:\/\/www.hoymercedes.com.ar\/principal\/2015\/04\/01\/junto-a-benitez-hubo-disertaciones-sobre-diversas-problematicas-en-casa-anus\/","title":{"rendered":"Junto a Ben\u00edtez hubo disertaciones sobre diversas problem\u00e1ticas en Casa Anus"},"content":{"rendered":"<p><a href=\"https:\/\/www.hoymercedes.com.ar\/principal\/wp-content\/uploads\/2015\/04\/disertaciones-pro.jpg\"><img loading=\"lazy\" decoding=\"async\" data-attachment-id=\"40510\" data-permalink=\"https:\/\/www.hoymercedes.com.ar\/principal\/2015\/04\/01\/junto-a-benitez-hubo-disertaciones-sobre-diversas-problematicas-en-casa-anus\/disertaciones-pro\/#main\" data-orig-file=\"https:\/\/www.hoymercedes.com.ar\/principal\/wp-content\/uploads\/2015\/04\/disertaciones-pro.jpg\" data-orig-size=\"620,414\" data-comments-opened=\"1\" data-image-meta=\"{&quot;aperture&quot;:&quot;0&quot;,&quot;credit&quot;:&quot;&quot;,&quot;camera&quot;:&quot;&quot;,&quot;caption&quot;:&quot;&quot;,&quot;created_timestamp&quot;:&quot;0&quot;,&quot;copyright&quot;:&quot;&quot;,&quot;focal_length&quot;:&quot;0&quot;,&quot;iso&quot;:&quot;0&quot;,&quot;shutter_speed&quot;:&quot;0&quot;,&quot;title&quot;:&quot;&quot;,&quot;orientation&quot;:&quot;0&quot;}\" data-image-title=\"disertaciones-pro\" data-image-description=\"\" data-image-caption=\"\" data-large-file=\"https:\/\/www.hoymercedes.com.ar\/principal\/wp-content\/uploads\/2015\/04\/disertaciones-pro.jpg\" class=\"Img2014 aligncenter wp-image-40510 size-full\" src=\"https:\/\/www.hoymercedes.com.ar\/principal\/wp-content\/uploads\/2015\/04\/disertaciones-pro.jpg\" alt=\"disertaciones-pro\" width=\"620\" height=\"414\" \/><\/a><\/p>\n<p>Juan Carlos Ben\u00edtez contin\u00faa efectuando propuestas para los mercedinos. En esta ocasi\u00f3n con un encuentro en Casa An\u00fas que cont\u00f3 como disertantes \u00a0a la Docente Silvina P\u00e9rez, el Ingeniero Carlos Cristofari y el Dr Marcelo Elizondo, quienes expusieron sobre asuntos vinculados al Consejo Escolar, Higiene Urbana-Residuos S\u00f3lidos Urbanos y Actualidad Econ\u00f3mica respectivamente, concit\u00f3 la atenci\u00f3n continua de los numerosos presentes.<\/p>\n<p>Silvina P\u00e9rez destac\u00f3 la insuficiencia del gobierno provincial en la provisi\u00f3n de insumos para higiene edilicia y sanitaria as\u00ed como la escasez alimentaria destinada a la poblaci\u00f3n escolar donde el valor por copa de leche por d\u00eda y por alumno es de $3,95 y donde est\u00e1 establecido comedor escolar es de $6,30 por d\u00eda y por alumno.<img loading=\"lazy\" decoding=\"async\" class=\" aligncenter\" src=\"https:\/\/www.hoymercedes.com.ar\/principal\/wp-content\/uploads\/2015\/04\/disertaciones-pro-2.jpg\" alt=\"disertaciones-pro-2\" width=\"620\" height=\"368\" \/><\/p>\n<p>Carlos Cristofari aludi\u00f3 a la necesidad de gestionar en equipos la recolecci\u00f3n y disposici\u00f3n final de residuos s\u00f3lidos urbanos, a fin de dar lucha a la proliferaci\u00f3n de basurales clandestinos, refiri\u00e9ndose al caso espec\u00edfico del papel como residuo, expres\u00f3 su pertenencia laboral a empresa elaboradora de papeles para el hogar\u00a0 y dicha empresa elabora sus productos con papel recuperado en una proporci\u00f3n del 70%.<\/p>\n<p>Por \u00faltimo Marcelo Elizondo hizo eje en los males de la econom\u00eda argentina en estos a\u00f1os: la falta de inversi\u00f3n, s\u00f3lo el 17% del PBI es producto de inversi\u00f3n mientras que en otros lugares de Sudam\u00e9rica ese nivel llega al 30% del PBI, la falta de inversi\u00f3n es generadora de ca\u00edda de empleo; la inflaci\u00f3n y la desvinculaci\u00f3n comercial de Argentina con el mundo, a tal punto que en diferentes regiones se exporta entre 30-40 % de la producci\u00f3n local en Argentina estamos detenidos en porcentajes inferiores al 20 %, finaliz\u00f3 describiendo la necesidad de entrar en la sociedad del conocimiento dejando atr\u00e1s sistemas que pertenecen al absoluto pasado.<\/p>\n<p>Con Juan Carlos Ben\u00edtez y el PRO como anfitriones y bajo un marco de p\u00fablico ameno se prev\u00e9 las disertaciones sobre tem\u00e1ticas de inter\u00e9s podr\u00edan continuar en el tiempo.<\/p>\n<p>&nbsp;<\/p>\n<p>&nbsp;<\/p>\n<p>&nbsp;<\/p>\n<p>&nbsp;<\/p>\n","protected":false},"excerpt":{"rendered":"<p>Juan Carlos Ben\u00edtez contin\u00faa efectuando propuestas para los mercedinos. En esta ocasi\u00f3n con un encuentro en Casa An\u00fas que cont\u00f3 &#8230; <a title=\"Junto a Ben\u00edtez hubo disertaciones sobre diversas problem\u00e1ticas en Casa Anus\" class=\"read-more\" href=\"https:\/\/www.hoymercedes.com.ar\/principal\/2015\/04\/01\/junto-a-benitez-hubo-disertaciones-sobre-diversas-problematicas-en-casa-anus\/\" aria-label=\"Leer m\u00e1s sobre Junto a Ben\u00edtez hubo disertaciones sobre diversas problem\u00e1ticas en Casa Anus\">Leer m\u00e1s<\/a><\/p>\n","protected":false},"author":1,"featured_media":0,"comment_status":"open","ping_status":"open","sticky":false,"template":"","format":"standard","meta":{"_monsterinsights_skip_tracking":false,"_monsterinsights_sitenote_active":false,"_monsterinsights_sitenote_note":"","_monsterinsights_sitenote_category":0,"jetpack_post_was_ever_published":false,"_jetpack_newsletter_access":"","_jetpack_dont_email_post_to_subs":false,"_jetpack_newsletter_tier_id":0,"_jetpack_memberships_contains_paywalled_content":false,"_jetpack_memberships_contains_paid_content":false,"footnotes":"","jetpack_publicize_message":"","jetpack_publicize_feature_enabled":true,"jetpack_social_post_already_shared":true,"jetpack_social_options":{"image_generator_settings":{"template":"highway","default_image_id":0,"font":"","enabled":false},"version":2},"_wpas_customize_per_network":false},"categories":[104],"tags":[313,2185],"class_list":["post-40509","post","type-post","status-publish","format-standard","hentry","category-cultura","tag-juan-carlos-benitez","tag-pro-mercedes","generate-columns","tablet-grid-50","mobile-grid-100","grid-parent","grid-50"],"jetpack_publicize_connections":[],"jetpack_featured_media_url":"","wps_subtitle":"Silvia P\u00e9rez, Carlos Cristofari y Marcelo Elizondo","jetpack_sharing_enabled":true,"_links":{"self":[{"href":"https:\/\/www.hoymercedes.com.ar\/principal\/wp-json\/wp\/v2\/posts\/40509","targetHints":{"allow":["GET"]}}],"collection":[{"href":"https:\/\/www.hoymercedes.com.ar\/principal\/wp-json\/wp\/v2\/posts"}],"about":[{"href":"https:\/\/www.hoymercedes.com.ar\/principal\/wp-json\/wp\/v2\/types\/post"}],"author":[{"embeddable":true,"href":"https:\/\/www.hoymercedes.com.ar\/principal\/wp-json\/wp\/v2\/users\/1"}],"replies":[{"embeddable":true,"href":"https:\/\/www.hoymercedes.com.ar\/principal\/wp-json\/wp\/v2\/comments?post=40509"}],"version-history":[{"count":0,"href":"https:\/\/www.hoymercedes.com.ar\/principal\/wp-json\/wp\/v2\/posts\/40509\/revisions"}],"wp:attachment":[{"href":"https:\/\/www.hoymercedes.com.ar\/principal\/wp-json\/wp\/v2\/media?parent=40509"}],"wp:term":[{"taxonomy":"category","embeddable":true,"href":"https:\/\/www.hoymercedes.com.ar\/principal\/wp-json\/wp\/v2\/categories?post=40509"},{"taxonomy":"post_tag","embeddable":true,"href":"https:\/\/www.hoymercedes.com.ar\/principal\/wp-json\/wp\/v2\/tags?post=40509"}],"curies":[{"name":"wp","href":"https:\/\/api.w.org\/{rel}","templated":true}]}}