{"id":4053,"date":"2011-05-07T00:35:18","date_gmt":"2011-05-07T00:35:18","guid":{"rendered":"http:\/\/www.hoymercedes.com.ar\/principal\/?p=4053"},"modified":"2011-05-07T00:35:18","modified_gmt":"2011-05-07T00:35:18","slug":"la-vida-de-jauretche-fue-representada-en-la-biblioteca-sarmiento","status":"publish","type":"post","link":"https:\/\/www.hoymercedes.com.ar\/principal\/2011\/05\/07\/la-vida-de-jauretche-fue-representada-en-la-biblioteca-sarmiento\/","title":{"rendered":"La vida de Jauretche fue representada en la Biblioteca Sarmiento"},"content":{"rendered":"<figure id=\"attachment_4055\" aria-describedby=\"caption-attachment-4055\" style=\"width: 290px\" class=\"wp-caption alignleft\"><a href=\"https:\/\/www.hoymercedes.com.ar\/principal\/wp-content\/uploads\/2011\/05\/fmpv-jau-sar.jpg\"><img loading=\"lazy\" decoding=\"async\" data-attachment-id=\"4055\" data-permalink=\"https:\/\/www.hoymercedes.com.ar\/principal\/2011\/05\/07\/la-vida-de-jauretche-fue-representada-en-la-biblioteca-sarmiento\/attachment\/4055\/#main\" data-orig-file=\"https:\/\/www.hoymercedes.com.ar\/principal\/wp-content\/uploads\/2011\/05\/fmpv-jau-sar.jpg\" data-orig-size=\"300,225\" data-comments-opened=\"1\" data-image-meta=\"{&quot;aperture&quot;:&quot;3.2&quot;,&quot;credit&quot;:&quot;&quot;,&quot;camera&quot;:&quot;SAMSUNG ES15 \/ VLUU ES15 \/ SAMSUNG SL30&quot;,&quot;caption&quot;:&quot;&quot;,&quot;created_timestamp&quot;:&quot;1257568494&quot;,&quot;copyright&quot;:&quot;COPYRIGHT, 2009&quot;,&quot;focal_length&quot;:&quot;6.3&quot;,&quot;iso&quot;:&quot;400&quot;,&quot;shutter_speed&quot;:&quot;0.1&quot;,&quot;title&quot;:&quot;&lt;SAMSUNG DIGITAL CAMERA&gt;&quot;}\" data-image-title=\"\u201cJauretche, palabra y copla\u201d\" data-image-description=\"&lt;p&gt;\u201cJauretche, palabra y copla\u201d&lt;\/p&gt;\n\" data-image-caption=\"&lt;p&gt;\u201cJauretche, palabra y copla\u201d&lt;\/p&gt;\n\" data-large-file=\"https:\/\/www.hoymercedes.com.ar\/principal\/wp-content\/uploads\/2011\/05\/fmpv-jau-sar.jpg\" class=\"size-full wp-image-4055\" title=\"\u201cJauretche, palabra y copla\u201d\" src=\"https:\/\/www.hoymercedes.com.ar\/principal\/wp-content\/uploads\/2011\/05\/fmpv-jau-sar.jpg\" alt=\"\u201cJauretche, palabra y copla\u201d\" width=\"300\" height=\"225\" \/><\/a><figcaption id=\"caption-attachment-4055\" class=\"wp-caption-text\">\u201cJauretche, palabra y copla\u201d<\/figcaption><\/figure>\n<p>\u201cJauretche, palabra y copla\u201d, fue lo que se vivi\u00f3 el jueves pasado en la sala de la Biblioteca Sarmiento, convocado por el Frente Mercedino Para la Victoria en un nurvo aporte a la cultura.<\/p>\n<p>La obra, protagonizada por el cantautor Jorge Marzali e interpretada por Daniel Viola, rememor\u00f3  la vida de uno de los referentes ideol\u00f3gicos m\u00e1s influyentes en el pensamiento peronista.<\/p>\n<p>Marziali propuso un concierto que habl\u00f3 sobre la clase trabajadora argentina y entre tema y tema, Viola, un actor, titiritero, director y autor, personific\u00f3 al escritor nacido en Lincoln, quien revivi\u00f3 la vida del gran pensador nacional, rememorando desde su nacimiento, hasta su muerte, recordando momentos en los que, de joven, escuchaba a sus mayores que lo influenciaron pol\u00edticamente.<\/p>\n<p>En la obra, Jauretche, desde su escritorio\/bar, cuenta fundamentales momentos hist\u00f3ricos. Sus mon\u00f3logos mantuvieron la iron\u00eca y la fuerza que en vida tuvo el pensador.<\/p>\n<p>\u201cCebolla y Huevo\u201d o \u201cCuando Per\u00f3n era Cangallo\u201d fueron algunos de los temas m\u00e1s representativos que interpret\u00f3 con su guitarra y mel\u00f3dica voz Marziali.<\/p>\n<p>&nbsp;<\/p>\n","protected":false},"excerpt":{"rendered":"<p>\u201cJauretche, palabra y copla\u201d, fue lo que se vivi\u00f3 el jueves pasado en la sala de la Biblioteca Sarmiento, convocado &#8230; <a title=\"La vida de Jauretche fue representada en la Biblioteca Sarmiento\" class=\"read-more\" href=\"https:\/\/www.hoymercedes.com.ar\/principal\/2011\/05\/07\/la-vida-de-jauretche-fue-representada-en-la-biblioteca-sarmiento\/\" aria-label=\"Leer m\u00e1s sobre La vida de Jauretche fue representada en la Biblioteca Sarmiento\">Leer m\u00e1s<\/a><\/p>\n","protected":false},"author":1,"featured_media":0,"comment_status":"open","ping_status":"open","sticky":false,"template":"","format":"standard","meta":{"_monsterinsights_skip_tracking":false,"_monsterinsights_sitenote_active":false,"_monsterinsights_sitenote_note":"","_monsterinsights_sitenote_category":0,"jetpack_post_was_ever_published":false,"_jetpack_newsletter_access":"","_jetpack_dont_email_post_to_subs":false,"_jetpack_newsletter_tier_id":0,"_jetpack_memberships_contains_paywalled_content":false,"_jetpack_memberships_contains_paid_content":false,"footnotes":"","jetpack_publicize_message":"","jetpack_publicize_feature_enabled":true,"jetpack_social_post_already_shared":false,"jetpack_social_options":{"image_generator_settings":{"template":"highway","default_image_id":0,"font":"","enabled":false},"version":2},"_wpas_customize_per_network":false},"categories":[5],"tags":[379],"class_list":["post-4053","post","type-post","status-publish","format-standard","hentry","category-politica","tag-frente-mercedino-para-la-victoria","generate-columns","tablet-grid-50","mobile-grid-100","grid-parent","grid-50"],"jetpack_publicize_connections":[],"jetpack_featured_media_url":"","wps_subtitle":"","jetpack_sharing_enabled":true,"_links":{"self":[{"href":"https:\/\/www.hoymercedes.com.ar\/principal\/wp-json\/wp\/v2\/posts\/4053","targetHints":{"allow":["GET"]}}],"collection":[{"href":"https:\/\/www.hoymercedes.com.ar\/principal\/wp-json\/wp\/v2\/posts"}],"about":[{"href":"https:\/\/www.hoymercedes.com.ar\/principal\/wp-json\/wp\/v2\/types\/post"}],"author":[{"embeddable":true,"href":"https:\/\/www.hoymercedes.com.ar\/principal\/wp-json\/wp\/v2\/users\/1"}],"replies":[{"embeddable":true,"href":"https:\/\/www.hoymercedes.com.ar\/principal\/wp-json\/wp\/v2\/comments?post=4053"}],"version-history":[{"count":0,"href":"https:\/\/www.hoymercedes.com.ar\/principal\/wp-json\/wp\/v2\/posts\/4053\/revisions"}],"wp:attachment":[{"href":"https:\/\/www.hoymercedes.com.ar\/principal\/wp-json\/wp\/v2\/media?parent=4053"}],"wp:term":[{"taxonomy":"category","embeddable":true,"href":"https:\/\/www.hoymercedes.com.ar\/principal\/wp-json\/wp\/v2\/categories?post=4053"},{"taxonomy":"post_tag","embeddable":true,"href":"https:\/\/www.hoymercedes.com.ar\/principal\/wp-json\/wp\/v2\/tags?post=4053"}],"curies":[{"name":"wp","href":"https:\/\/api.w.org\/{rel}","templated":true}]}}