{"id":40589,"date":"2015-04-05T21:11:33","date_gmt":"2015-04-06T00:11:33","guid":{"rendered":"http:\/\/www.hoymercedes.com.ar\/principal\/?p=40589"},"modified":"2015-04-05T21:11:33","modified_gmt":"2015-04-06T00:11:33","slug":"policia-detenciones-y-acciones-ordenadas-por-la-justicia","status":"publish","type":"post","link":"https:\/\/www.hoymercedes.com.ar\/principal\/2015\/04\/05\/policia-detenciones-y-acciones-ordenadas-por-la-justicia\/","title":{"rendered":"Policia: detenciones y acciones ordenadas por la Justicia"},"content":{"rendered":"<p><a href=\"https:\/\/www.hoymercedes.com.ar\/principal\/wp-content\/uploads\/2015\/04\/policia-bonaerense-custodia.jpg\"><img loading=\"lazy\" decoding=\"async\" data-attachment-id=\"40590\" data-permalink=\"https:\/\/www.hoymercedes.com.ar\/principal\/2015\/04\/05\/policia-detenciones-y-acciones-ordenadas-por-la-justicia\/policia-bonaerense-custodia-3\/#main\" data-orig-file=\"https:\/\/www.hoymercedes.com.ar\/principal\/wp-content\/uploads\/2015\/04\/policia-bonaerense-custodia.jpg\" data-orig-size=\"620,179\" data-comments-opened=\"1\" data-image-meta=\"{&quot;aperture&quot;:&quot;0&quot;,&quot;credit&quot;:&quot;&quot;,&quot;camera&quot;:&quot;&quot;,&quot;caption&quot;:&quot;&quot;,&quot;created_timestamp&quot;:&quot;0&quot;,&quot;copyright&quot;:&quot;&quot;,&quot;focal_length&quot;:&quot;0&quot;,&quot;iso&quot;:&quot;0&quot;,&quot;shutter_speed&quot;:&quot;0&quot;,&quot;title&quot;:&quot;&quot;,&quot;orientation&quot;:&quot;0&quot;}\" data-image-title=\"policia-bonaerense-custodia\" data-image-description=\"\" data-image-caption=\"\" data-large-file=\"https:\/\/www.hoymercedes.com.ar\/principal\/wp-content\/uploads\/2015\/04\/policia-bonaerense-custodia.jpg\" class=\"Img2014 aligncenter wp-image-40590 size-full\" src=\"https:\/\/www.hoymercedes.com.ar\/principal\/wp-content\/uploads\/2015\/04\/policia-bonaerense-custodia.jpg\" alt=\"policia-bonaerense-custodia\" width=\"620\" height=\"179\" \/><\/a><\/p>\n<p><em><strong>Durante los d\u00edas que pasaron hubo varias necesidades de intervenci\u00f3n de la Polic\u00eda Comunal. Desde hurtos a robos, resistencia a la autoridad y detenciones.<\/strong><\/em><\/p>\n<p><strong>Hurto en Distribuidora Bayco<\/strong><\/p>\n<p>D\u00edas atr\u00e1s la polic\u00eda se hizo presente en calle 119 y 49 tras un llamado al 911 para efectuar un operativo que gener\u00f3 la detenci\u00f3n de dos menores que hab\u00eda ingresado, sin violencia, al predio de la distribuidora Beyco donde sustrajeron los motores de cuatro heladres. La polic\u00eda recuper\u00f3 dichos bienes. Interviene la UFI N\u00b08 del Departamento Judicial Mercedes.<\/p>\n<p><strong>Detenidos<\/strong><\/p>\n<p>Tras orden judicial emitida por Juzgado de Garant\u00edas N\u00b02 bajo car\u00e1tula \u201cusurpaci\u00f3n de propiedad\u201d en calle 56 entre 3 y 5 se detuvo a dos hombres, hermanos ellos, que a medida que avanzaba la actividad policial ordenada por la justicia mercedina se generaban hostilidades. Tras golpes y dificultades finalmente la polic\u00eda logr\u00f3 completar con la orden y detener a los mercedinos.<\/p>\n<p><strong>Detenidos<\/strong><\/p>\n<p>La semana pasada dej\u00f3 un hecho de dimensiones al efectuarse un allanamiento en calle 4 entre 59 y 61 del cual ya informamos. Ahora se conoce como dato que se realiz\u00f3 tras una orden del Juzgado de Garant\u00edas N\u00b01 del Departamento Judicial Mercedes y que act\u00faa la UFI N\u00b05. La investigaci\u00f3n contin\u00faa en curso con los agravantes que genera para los detenidos, de apellido Guerra, por considerar el asunto como \u201cresistencia a la autoridad\u201d y haber en la disputa herido a un polic\u00eda con golpe en el cr\u00e1neo debiendo ser internado en el Dubarry.<\/p>\n<p>&nbsp;<\/p>\n<p>&nbsp;<\/p>\n<p>&nbsp;<\/p>\n<p>&nbsp;<\/p>\n<p>&nbsp;<\/p>\n","protected":false},"excerpt":{"rendered":"<p>Durante los d\u00edas que pasaron hubo varias necesidades de intervenci\u00f3n de la Polic\u00eda Comunal. Desde hurtos a robos, resistencia a &#8230; <a title=\"Policia: detenciones y acciones ordenadas por la Justicia\" class=\"read-more\" href=\"https:\/\/www.hoymercedes.com.ar\/principal\/2015\/04\/05\/policia-detenciones-y-acciones-ordenadas-por-la-justicia\/\" aria-label=\"Leer m\u00e1s sobre Policia: detenciones y acciones ordenadas por la Justicia\">Leer m\u00e1s<\/a><\/p>\n","protected":false},"author":1,"featured_media":0,"comment_status":"open","ping_status":"open","sticky":false,"template":"","format":"standard","meta":{"_monsterinsights_skip_tracking":false,"_monsterinsights_sitenote_active":false,"_monsterinsights_sitenote_note":"","_monsterinsights_sitenote_category":0,"jetpack_post_was_ever_published":false,"_jetpack_newsletter_access":"","_jetpack_dont_email_post_to_subs":false,"_jetpack_newsletter_tier_id":0,"_jetpack_memberships_contains_paywalled_content":false,"_jetpack_memberships_contains_paid_content":false,"footnotes":"","jetpack_publicize_message":"","jetpack_publicize_feature_enabled":true,"jetpack_social_post_already_shared":true,"jetpack_social_options":{"image_generator_settings":{"template":"highway","default_image_id":0,"font":"","enabled":false},"version":2},"_wpas_customize_per_network":false},"categories":[85],"tags":[83],"class_list":["post-40589","post","type-post","status-publish","format-standard","hentry","category-policial","tag-policia","generate-columns","tablet-grid-50","mobile-grid-100","grid-parent","grid-50"],"jetpack_publicize_connections":[],"jetpack_featured_media_url":"","wps_subtitle":"Acci\u00f3n comunal","jetpack_sharing_enabled":true,"_links":{"self":[{"href":"https:\/\/www.hoymercedes.com.ar\/principal\/wp-json\/wp\/v2\/posts\/40589","targetHints":{"allow":["GET"]}}],"collection":[{"href":"https:\/\/www.hoymercedes.com.ar\/principal\/wp-json\/wp\/v2\/posts"}],"about":[{"href":"https:\/\/www.hoymercedes.com.ar\/principal\/wp-json\/wp\/v2\/types\/post"}],"author":[{"embeddable":true,"href":"https:\/\/www.hoymercedes.com.ar\/principal\/wp-json\/wp\/v2\/users\/1"}],"replies":[{"embeddable":true,"href":"https:\/\/www.hoymercedes.com.ar\/principal\/wp-json\/wp\/v2\/comments?post=40589"}],"version-history":[{"count":0,"href":"https:\/\/www.hoymercedes.com.ar\/principal\/wp-json\/wp\/v2\/posts\/40589\/revisions"}],"wp:attachment":[{"href":"https:\/\/www.hoymercedes.com.ar\/principal\/wp-json\/wp\/v2\/media?parent=40589"}],"wp:term":[{"taxonomy":"category","embeddable":true,"href":"https:\/\/www.hoymercedes.com.ar\/principal\/wp-json\/wp\/v2\/categories?post=40589"},{"taxonomy":"post_tag","embeddable":true,"href":"https:\/\/www.hoymercedes.com.ar\/principal\/wp-json\/wp\/v2\/tags?post=40589"}],"curies":[{"name":"wp","href":"https:\/\/api.w.org\/{rel}","templated":true}]}}