{"id":40660,"date":"2015-04-09T09:41:38","date_gmt":"2015-04-09T12:41:38","guid":{"rendered":"http:\/\/www.hoymercedes.com.ar\/principal\/?p=40660"},"modified":"2015-04-16T10:13:54","modified_gmt":"2015-04-16T13:13:54","slug":"robo-con-entradera-y-esclarecimiento-tras-allanamiento","status":"publish","type":"post","link":"https:\/\/www.hoymercedes.com.ar\/principal\/2015\/04\/09\/robo-con-entradera-y-esclarecimiento-tras-allanamiento\/","title":{"rendered":"Robo con entradera y esclarecimiento tras allanamiento"},"content":{"rendered":"<p><em><strong><a href=\"https:\/\/www.hoymercedes.com.ar\/principal\/wp-content\/uploads\/2015\/04\/policiabonaerense.jpg\"><img loading=\"lazy\" decoding=\"async\" data-attachment-id=\"40661\" data-permalink=\"https:\/\/www.hoymercedes.com.ar\/principal\/2015\/04\/09\/robo-con-entradera-y-esclarecimiento-tras-allanamiento\/policiabonaerense-14\/#main\" data-orig-file=\"https:\/\/www.hoymercedes.com.ar\/principal\/wp-content\/uploads\/2015\/04\/policiabonaerense.jpg\" data-orig-size=\"620,189\" data-comments-opened=\"1\" data-image-meta=\"{&quot;aperture&quot;:&quot;0&quot;,&quot;credit&quot;:&quot;&quot;,&quot;camera&quot;:&quot;&quot;,&quot;caption&quot;:&quot;&quot;,&quot;created_timestamp&quot;:&quot;0&quot;,&quot;copyright&quot;:&quot;&quot;,&quot;focal_length&quot;:&quot;0&quot;,&quot;iso&quot;:&quot;0&quot;,&quot;shutter_speed&quot;:&quot;0&quot;,&quot;title&quot;:&quot;&quot;,&quot;orientation&quot;:&quot;0&quot;}\" data-image-title=\"policiabonaerense\" data-image-description=\"\" data-image-caption=\"\" data-large-file=\"https:\/\/www.hoymercedes.com.ar\/principal\/wp-content\/uploads\/2015\/04\/policiabonaerense.jpg\" class=\"Img2014 aligncenter wp-image-40661 size-full\" src=\"https:\/\/www.hoymercedes.com.ar\/principal\/wp-content\/uploads\/2015\/04\/policiabonaerense.jpg\" alt=\"policiabonaerense\" width=\"620\" height=\"189\" \/><\/a><\/strong><\/em><\/p>\n<p><em><strong>La ma\u00f1ana del pasado mi\u00e9rcoles dej\u00f3 un nuevo acontecimiento delictivo denominado \u201centradera\u201d en nuestra ciudad en pleno radio c\u00e9ntrico. Es el tercero de similares aptitudes vivido en las \u00faltimas semanas. El hecho se produce cuando se conoce que la investigaci\u00f3n policial permiti\u00f3 desbaratar banda con al menos un integrante peruano.<\/strong><\/em><\/p>\n<p><strong>Entradera<\/strong><\/p>\n<p>En esta ocasi\u00f3n la situaci\u00f3n indeseada la vivi\u00f3 la familia Bereterbide al ser v\u00edctimas de un robo en calle 30 entre 33 y 35 cerca de las 08.30hs. Los acontecimientos se vivieron cuando la familia estaba realizando las tareas previas habituales para ir a trabajar.<\/p>\n<p>Los asaltantes se llevaron diversos objetos de valor en un accionar r\u00e1pido. Lo importante es que todo se concret\u00f3 sin violencia y la familia est\u00e1 en perfectas condiciones.<\/p>\n<p>Es el tercer hecho que sucede, son similar modus operandi, en las \u00faltimas semanas.<\/p>\n<p>El intendente Selva en di\u00e1logo con los medios expres\u00f3 su preocupaci\u00f3n y dej\u00f3 en claro que los hechos est\u00e1n siendo investigados deseando pronto tener un dato certero, tal como sucedi\u00f3 con la banda que cay\u00f3 en Moreno, pero, que Mercedes fue parte de sus objetivo.<\/p>\n<p><strong>Esclarecimiento<\/strong><\/p>\n<p>Se conoci\u00f3 la noticia de que un fuerte operativo policial en la localidad de Moreno permiti\u00f3 golpear una banda donde uno de sus integrantes es una ciudadana peruana, Elizabeth Lucy Quisque Sayco, quien es parte de un grupo delictivo que el pasado mi\u00e9rcoles hab\u00eda efectuado un atraco en Mercedes.<\/p>\n<p>La orden judicial para dicho allanamiento la dio la UFI N\u00b02 del Departamento Judicial Mercedes y trabaj\u00f3 junto a efectivos de la Polic\u00eda Comunal Mercedes y el GAD. La investigaci\u00f3n, con este claro avance, contin\u00faa en pos de desbaratar la banda completa teniendo ya un avance importante.<\/p>\n<p>Este grupo delictivo ser\u00eda el responsable de diversos robos a comercios de Mercedes y la zona.<\/p>\n<p>Soana, Madre Selva y Benedicto ser\u00edan algunos de los comercios mercedinos que padecieron el accionar de este grupo delictivo, estiman desde las \u00e1reas policiales.<\/p>\n<p>La mujer detenida qued\u00f3 a disposici\u00f3n de la justicia y es en car\u00e1cter de reincidente ya que en el pasado estuvo tambi\u00e9n detenido por similares delitos.<\/p>\n<p>&nbsp;<\/p>\n","protected":false},"excerpt":{"rendered":"<p>La ma\u00f1ana del pasado mi\u00e9rcoles dej\u00f3 un nuevo acontecimiento delictivo denominado \u201centradera\u201d en nuestra ciudad en pleno radio c\u00e9ntrico. Es &#8230; <a title=\"Robo con entradera y esclarecimiento tras allanamiento\" class=\"read-more\" href=\"https:\/\/www.hoymercedes.com.ar\/principal\/2015\/04\/09\/robo-con-entradera-y-esclarecimiento-tras-allanamiento\/\" aria-label=\"Leer m\u00e1s sobre Robo con entradera y esclarecimiento tras allanamiento\">Leer m\u00e1s<\/a><\/p>\n","protected":false},"author":1,"featured_media":39728,"comment_status":"open","ping_status":"open","sticky":false,"template":"","format":"standard","meta":{"_monsterinsights_skip_tracking":false,"_monsterinsights_sitenote_active":false,"_monsterinsights_sitenote_note":"","_monsterinsights_sitenote_category":0,"jetpack_post_was_ever_published":false,"_jetpack_newsletter_access":"","_jetpack_dont_email_post_to_subs":false,"_jetpack_newsletter_tier_id":0,"_jetpack_memberships_contains_paywalled_content":false,"_jetpack_memberships_contains_paid_content":false,"footnotes":"","jetpack_publicize_message":"","jetpack_publicize_feature_enabled":true,"jetpack_social_post_already_shared":true,"jetpack_social_options":{"image_generator_settings":{"template":"highway","default_image_id":0,"font":"","enabled":false},"version":2},"_wpas_customize_per_network":false},"categories":[85],"tags":[126,2302],"class_list":["post-40660","post","type-post","status-publish","format-standard","has-post-thumbnail","hentry","category-policial","tag-policia-mercedes","tag-robo-en-mercedes","generate-columns","tablet-grid-50","mobile-grid-100","grid-parent","grid-50"],"jetpack_publicize_connections":[],"jetpack_featured_media_url":"https:\/\/www.hoymercedes.com.ar\/principal\/wp-content\/uploads\/2015\/02\/policiabonaerense.jpg","wps_subtitle":"Mercedes - Moreno","jetpack_sharing_enabled":true,"_links":{"self":[{"href":"https:\/\/www.hoymercedes.com.ar\/principal\/wp-json\/wp\/v2\/posts\/40660","targetHints":{"allow":["GET"]}}],"collection":[{"href":"https:\/\/www.hoymercedes.com.ar\/principal\/wp-json\/wp\/v2\/posts"}],"about":[{"href":"https:\/\/www.hoymercedes.com.ar\/principal\/wp-json\/wp\/v2\/types\/post"}],"author":[{"embeddable":true,"href":"https:\/\/www.hoymercedes.com.ar\/principal\/wp-json\/wp\/v2\/users\/1"}],"replies":[{"embeddable":true,"href":"https:\/\/www.hoymercedes.com.ar\/principal\/wp-json\/wp\/v2\/comments?post=40660"}],"version-history":[{"count":0,"href":"https:\/\/www.hoymercedes.com.ar\/principal\/wp-json\/wp\/v2\/posts\/40660\/revisions"}],"wp:featuredmedia":[{"embeddable":true,"href":"https:\/\/www.hoymercedes.com.ar\/principal\/wp-json\/wp\/v2\/media\/39728"}],"wp:attachment":[{"href":"https:\/\/www.hoymercedes.com.ar\/principal\/wp-json\/wp\/v2\/media?parent=40660"}],"wp:term":[{"taxonomy":"category","embeddable":true,"href":"https:\/\/www.hoymercedes.com.ar\/principal\/wp-json\/wp\/v2\/categories?post=40660"},{"taxonomy":"post_tag","embeddable":true,"href":"https:\/\/www.hoymercedes.com.ar\/principal\/wp-json\/wp\/v2\/tags?post=40660"}],"curies":[{"name":"wp","href":"https:\/\/api.w.org\/{rel}","templated":true}]}}