{"id":40675,"date":"2015-04-09T23:59:23","date_gmt":"2015-04-10T02:59:23","guid":{"rendered":"http:\/\/www.hoymercedes.com.ar\/principal\/?p=40675"},"modified":"2015-04-16T10:13:52","modified_gmt":"2015-04-16T13:13:52","slug":"fal-cestari-y-pirotta-en-el-primer-gran-encuentro-politico-del-ano","status":"publish","type":"post","link":"https:\/\/www.hoymercedes.com.ar\/principal\/2015\/04\/09\/fal-cestari-y-pirotta-en-el-primer-gran-encuentro-politico-del-ano\/","title":{"rendered":"Fal, Cestari y Pirotta en el primer gran encuentro pol\u00edtico del a\u00f1o"},"content":{"rendered":"<p><a href=\"https:\/\/www.hoymercedes.com.ar\/principal\/wp-content\/uploads\/2015\/04\/DialogoAbiertoDSCN9604.jpg\"><img loading=\"lazy\" decoding=\"async\" data-attachment-id=\"40676\" data-permalink=\"https:\/\/www.hoymercedes.com.ar\/principal\/2015\/04\/09\/fal-cestari-y-pirotta-en-el-primer-gran-encuentro-politico-del-ano\/dialogoabiertodscn9604\/#main\" data-orig-file=\"https:\/\/www.hoymercedes.com.ar\/principal\/wp-content\/uploads\/2015\/04\/DialogoAbiertoDSCN9604.jpg\" data-orig-size=\"620,465\" data-comments-opened=\"1\" data-image-meta=\"{&quot;aperture&quot;:&quot;4&quot;,&quot;credit&quot;:&quot;&quot;,&quot;camera&quot;:&quot;COOLPIX L310&quot;,&quot;caption&quot;:&quot;&quot;,&quot;created_timestamp&quot;:&quot;1428698969&quot;,&quot;copyright&quot;:&quot;&quot;,&quot;focal_length&quot;:&quot;12.6&quot;,&quot;iso&quot;:&quot;400&quot;,&quot;shutter_speed&quot;:&quot;0.0125&quot;,&quot;title&quot;:&quot;&quot;,&quot;orientation&quot;:&quot;0&quot;}\" data-image-title=\"DialogoAbiertoDSCN9604\" data-image-description=\"\" data-image-caption=\"\" data-large-file=\"https:\/\/www.hoymercedes.com.ar\/principal\/wp-content\/uploads\/2015\/04\/DialogoAbiertoDSCN9604.jpg\" class=\"img2014 aligncenter wp-image-40676 size-full\" src=\"https:\/\/www.hoymercedes.com.ar\/principal\/wp-content\/uploads\/2015\/04\/DialogoAbiertoDSCN9604.jpg\" alt=\"DialogoAbiertoDSCN9604\" width=\"620\" height=\"465\" \/><\/a><\/p>\n<p><em><strong>Este jueves se llev\u00f3 a cabo el primer gran encuentro multipartidario del a\u00f1o. UCR-PRO, MIC-PRO y Partido FE se reunieron para debatir en el marco de lo que dieron en llamar \u201cDi\u00e1logo Abierto\u201d. Fue en el sal\u00f3n \u201cCasa An\u00fas\u201d con casi 200 personas presentes de distintas generaciones y perfiles. Hubo militancia y vecinos presentes sin afiliaci\u00f3n pol\u00edtica. Lucas Fal, precandidato de la Uni\u00f3n C\u00edvica Radical, Jos\u00e9 Cestari del MIC-PRO y Jorge Pirotta del Partido FE encabezaron la velada.<\/strong><\/em><\/p>\n<p>La ronda de di\u00e1logo la abri\u00f3 el representante del Partido FE, Jorge Pirotta, para luego darle la palabra a Jos\u00e9 Cestari y posteriormente a Lucas Fal, siendo esa la forma en que debatieron sobre trabajo, educaci\u00f3n, seguridad y potenciales acciones en caso de llegar a ser intendentes.<\/p>\n<p>Jorge Pirotta agradeci\u00f3 a los presentes y manifest\u00f3 que: \u201c<em>nos encontramos fundamentalmente porque estamos convencidos de que a esa polarizaci\u00f3n a la que nos quieren llevar de que las opciones son Carlos Selva o la C\u00e1mpora no es as\u00ed, que hay alternativa y un futuro para Mercedes y un pasado que se resiste a terminar porque estamos llegando a momentos de definiciones y los mercedinos vamos a tener que definirnos si queremos seguir con la confrontaci\u00f3n, las promesas incumplidas, con lo que sabemos que est\u00e1 pasando o si vamos a avanzar\u201d, <\/em>remarc\u00f3 el referente del partido que conduce a nivel nacional el \u201cMomo\u201d Venegas.<\/p>\n<p>Por su parte, Jos\u00e9 Cestari expres\u00f3 que: <em>\u201csentimos que es algo importante el di\u00e1logo, algo que debemos mantener. Nosotros somos parte de una fuerza vecinal que ha crecido, que se ha solidificado y que queremos llegar al gobierno de la ciudad. Estamos acompa\u00f1ando al PRO, que tambi\u00e9n es una fuerza vecinal, pero a gran escala y que su crecimiento la est\u00e1 llevando a todo el pa\u00eds. Nosotros vemos que tenemos afinidades y por eso buscamos y sabemos que vamos a gobernar la ciudad\u201d, <\/em>remarc\u00f3 entre otros conceptos el edil del MIC-PRO qui\u00e9n tambi\u00e9n manifest\u00f3 su satisfacci\u00f3n por el marco del encuentro.<\/p>\n<p>Lucas Fal a la hora de tomar la palabra, en la introducci\u00f3n de la noche, coment\u00f3: \u201c<em>antes de venir para ac\u00e1 pensaba cuando empec\u00e9 a hacer pol\u00edtica y tengo una imagen clar\u00edsimo del a\u00f1o\u00a0 \u201888 en el primer a\u00f1o del secundario y desde ah\u00ed hace m\u00e1s de 25 a\u00f1os me he dedicado a la pol\u00edtica de manera permanente, en el trabajo, en el club, en el radicalismo (\u2026) he aprendido, me ha dejado muchas cosas y algo que aprend\u00ed es que la pol\u00edtica, hecha con decencia, le cambia la vida a la gente y debemos ser conscientes de que la pol\u00edtica le cambia la vida para bien y es un valor que no debemos dejar de percibir para bien quienes hacemos pol\u00edtica y quienes escuchan pol\u00edtica deber tenerlo presente. La pol\u00edtica debe tener liderazgos, no personalismos, sino equipos de trabajos que lleven adelante proyectos, porque la pol\u00edtica tambi\u00e9n es realizaci\u00f3n de proyectos\u201d, <\/em>coment\u00f3 ante el nutrido auditorio el pre candidato de la UCR.<\/p>\n<p>El encuentro fue el primer gran momento pol\u00edtico del a\u00f1o dado que reuni\u00f3 a una importante cantidad de mercedinos, militantes, vecinos, afiliados y medios de comunicaci\u00f3n que har\u00e1n llegar m\u00e1s all\u00e1 del sal\u00f3n las exposiciones efectuadas. Cada candidato tuvo un tiempo determinado e igual buscando dialogar en los ejes planteados, m\u00e1s all\u00e1 de los temas accesorios que se desprendieron.<\/p>\n<div class=\"tiled-gallery type-rectangular tiled-gallery-unresized\" data-original-width=\"1200\" data-carousel-extra='{&quot;blog_id&quot;:1,&quot;permalink&quot;:&quot;https:\\\/\\\/www.hoymercedes.com.ar\\\/principal\\\/2015\\\/04\\\/09\\\/fal-cestari-y-pirotta-en-el-primer-gran-encuentro-politico-del-ano\\\/&quot;,&quot;likes_blog_id&quot;:50631561}' itemscope itemtype=\"http:\/\/schema.org\/ImageGallery\" > <div class=\"gallery-row\" style=\"width: 1200px; height: 601px;\" data-original-width=\"1200\" data-original-height=\"601\" > <div class=\"gallery-group images-1\" style=\"width: 800px; height: 601px;\" data-original-width=\"800\" data-original-height=\"601\" > <div class=\"tiled-gallery-item tiled-gallery-item-large\" itemprop=\"associatedMedia\" itemscope itemtype=\"http:\/\/schema.org\/ImageObject\"> <a href=\"https:\/\/www.hoymercedes.com.ar\/principal\/2015\/04\/09\/fal-cestari-y-pirotta-en-el-primer-gran-encuentro-politico-del-ano\/dialogoabiertodscn9583-copy\/#main\" border=\"0\" itemprop=\"url\"> <meta itemprop=\"width\" content=\"796\"> <meta itemprop=\"height\" content=\"597\"> <img decoding=\"async\" class=\"\" data-attachment-id=\"40679\" data-orig-file=\"https:\/\/www.hoymercedes.com.ar\/principal\/wp-content\/uploads\/2015\/04\/DialogoAbiertoDSCN9583-Copy.jpg\" data-orig-size=\"620,465\" data-comments-opened=\"1\" data-image-meta=\"{&quot;aperture&quot;:&quot;3.1&quot;,&quot;credit&quot;:&quot;&quot;,&quot;camera&quot;:&quot;COOLPIX L310&quot;,&quot;caption&quot;:&quot;&quot;,&quot;created_timestamp&quot;:&quot;1428698786&quot;,&quot;copyright&quot;:&quot;&quot;,&quot;focal_length&quot;:&quot;4.5&quot;,&quot;iso&quot;:&quot;400&quot;,&quot;shutter_speed&quot;:&quot;0.0333333333333&quot;,&quot;title&quot;:&quot;&quot;,&quot;orientation&quot;:&quot;0&quot;}\" data-image-title=\"DialogoAbiertoDSCN9583 &amp;#8211; Copy\" data-image-description=\"\" data-medium-file=\"https:\/\/www.hoymercedes.com.ar\/principal\/wp-content\/uploads\/2015\/04\/DialogoAbiertoDSCN9583-Copy.jpg\" data-large-file=\"https:\/\/www.hoymercedes.com.ar\/principal\/wp-content\/uploads\/2015\/04\/DialogoAbiertoDSCN9583-Copy.jpg\" src=\"https:\/\/i0.wp.com\/www.hoymercedes.com.ar\/principal\/wp-content\/uploads\/2015\/04\/DialogoAbiertoDSCN9583-Copy.jpg?w=796&#038;h=597&#038;ssl=1\" width=\"796\" height=\"597\" loading=\"lazy\" data-original-width=\"796\" data-original-height=\"597\" itemprop=\"http:\/\/schema.org\/image\" title=\"DialogoAbiertoDSCN9583 - Copy\" alt=\"DialogoAbiertoDSCN9583 - Copy\" style=\"width: 796px; height: 597px;\" \/> <\/a> <\/div> <\/div> <!-- close group --> <div class=\"gallery-group images-2\" style=\"width: 400px; height: 601px;\" data-original-width=\"400\" data-original-height=\"601\" > <div class=\"tiled-gallery-item tiled-gallery-item-large\" itemprop=\"associatedMedia\" itemscope itemtype=\"http:\/\/schema.org\/ImageObject\"> <a href=\"https:\/\/www.hoymercedes.com.ar\/principal\/2015\/04\/09\/fal-cestari-y-pirotta-en-el-primer-gran-encuentro-politico-del-ano\/dialogoabiertodscn9586\/#main\" border=\"0\" itemprop=\"url\"> <meta itemprop=\"width\" content=\"396\"> <meta itemprop=\"height\" content=\"297\"> <img decoding=\"async\" class=\"\" data-attachment-id=\"40680\" data-orig-file=\"https:\/\/www.hoymercedes.com.ar\/principal\/wp-content\/uploads\/2015\/04\/DialogoAbiertoDSCN9586.jpg\" data-orig-size=\"620,465\" data-comments-opened=\"1\" data-image-meta=\"{&quot;aperture&quot;:&quot;3.1&quot;,&quot;credit&quot;:&quot;&quot;,&quot;camera&quot;:&quot;COOLPIX L310&quot;,&quot;caption&quot;:&quot;&quot;,&quot;created_timestamp&quot;:&quot;1428698806&quot;,&quot;copyright&quot;:&quot;&quot;,&quot;focal_length&quot;:&quot;4.5&quot;,&quot;iso&quot;:&quot;400&quot;,&quot;shutter_speed&quot;:&quot;0.0333333333333&quot;,&quot;title&quot;:&quot;&quot;,&quot;orientation&quot;:&quot;0&quot;}\" data-image-title=\"DialogoAbiertoDSCN9586\" data-image-description=\"\" data-medium-file=\"https:\/\/www.hoymercedes.com.ar\/principal\/wp-content\/uploads\/2015\/04\/DialogoAbiertoDSCN9586.jpg\" data-large-file=\"https:\/\/www.hoymercedes.com.ar\/principal\/wp-content\/uploads\/2015\/04\/DialogoAbiertoDSCN9586.jpg\" src=\"https:\/\/i0.wp.com\/www.hoymercedes.com.ar\/principal\/wp-content\/uploads\/2015\/04\/DialogoAbiertoDSCN9586.jpg?w=396&#038;h=297&#038;ssl=1\" width=\"396\" height=\"297\" loading=\"lazy\" data-original-width=\"396\" data-original-height=\"297\" itemprop=\"http:\/\/schema.org\/image\" title=\"DialogoAbiertoDSCN9586\" alt=\"DialogoAbiertoDSCN9586\" style=\"width: 396px; height: 297px;\" \/> <\/a> <\/div> <div class=\"tiled-gallery-item tiled-gallery-item-large\" itemprop=\"associatedMedia\" itemscope itemtype=\"http:\/\/schema.org\/ImageObject\"> <a href=\"https:\/\/www.hoymercedes.com.ar\/principal\/2015\/04\/09\/fal-cestari-y-pirotta-en-el-primer-gran-encuentro-politico-del-ano\/dialogoabiertodscn9590\/#main\" border=\"0\" itemprop=\"url\"> <meta itemprop=\"width\" content=\"396\"> <meta itemprop=\"height\" content=\"296\"> <img decoding=\"async\" class=\"\" data-attachment-id=\"40681\" data-orig-file=\"https:\/\/www.hoymercedes.com.ar\/principal\/wp-content\/uploads\/2015\/04\/DialogoAbiertoDSCN9590.jpg\" data-orig-size=\"620,465\" data-comments-opened=\"1\" data-image-meta=\"{&quot;aperture&quot;:&quot;4.7&quot;,&quot;credit&quot;:&quot;&quot;,&quot;camera&quot;:&quot;COOLPIX L310&quot;,&quot;caption&quot;:&quot;&quot;,&quot;created_timestamp&quot;:&quot;1428698837&quot;,&quot;copyright&quot;:&quot;&quot;,&quot;focal_length&quot;:&quot;23.2&quot;,&quot;iso&quot;:&quot;400&quot;,&quot;shutter_speed&quot;:&quot;0.0333333333333&quot;,&quot;title&quot;:&quot;&quot;,&quot;orientation&quot;:&quot;0&quot;}\" data-image-title=\"DialogoAbiertoDSCN9590\" data-image-description=\"\" data-medium-file=\"https:\/\/www.hoymercedes.com.ar\/principal\/wp-content\/uploads\/2015\/04\/DialogoAbiertoDSCN9590.jpg\" data-large-file=\"https:\/\/www.hoymercedes.com.ar\/principal\/wp-content\/uploads\/2015\/04\/DialogoAbiertoDSCN9590.jpg\" src=\"https:\/\/i0.wp.com\/www.hoymercedes.com.ar\/principal\/wp-content\/uploads\/2015\/04\/DialogoAbiertoDSCN9590.jpg?w=396&#038;h=296&#038;ssl=1\" width=\"396\" height=\"296\" loading=\"lazy\" data-original-width=\"396\" data-original-height=\"296\" itemprop=\"http:\/\/schema.org\/image\" title=\"DialogoAbiertoDSCN9590\" alt=\"DialogoAbiertoDSCN9590\" style=\"width: 396px; height: 296px;\" \/> <\/a> <\/div> <\/div> <!-- close group --> <\/div> <!-- close row --> <div class=\"gallery-row\" style=\"width: 1200px; height: 244px;\" data-original-width=\"1200\" data-original-height=\"244\" > <div class=\"gallery-group images-1\" style=\"width: 324px; height: 244px;\" data-original-width=\"324\" data-original-height=\"244\" > <div class=\"tiled-gallery-item tiled-gallery-item-large\" itemprop=\"associatedMedia\" itemscope itemtype=\"http:\/\/schema.org\/ImageObject\"> <a href=\"https:\/\/www.hoymercedes.com.ar\/principal\/2015\/04\/09\/fal-cestari-y-pirotta-en-el-primer-gran-encuentro-politico-del-ano\/dialogoabiertodscn9593\/#main\" border=\"0\" itemprop=\"url\"> <meta itemprop=\"width\" content=\"320\"> <meta itemprop=\"height\" content=\"240\"> <img decoding=\"async\" class=\"\" data-attachment-id=\"40682\" data-orig-file=\"https:\/\/www.hoymercedes.com.ar\/principal\/wp-content\/uploads\/2015\/04\/DialogoAbiertoDSCN9593.jpg\" data-orig-size=\"620,465\" data-comments-opened=\"1\" data-image-meta=\"{&quot;aperture&quot;:&quot;3.1&quot;,&quot;credit&quot;:&quot;&quot;,&quot;camera&quot;:&quot;COOLPIX L310&quot;,&quot;caption&quot;:&quot;&quot;,&quot;created_timestamp&quot;:&quot;1428698869&quot;,&quot;copyright&quot;:&quot;&quot;,&quot;focal_length&quot;:&quot;4.5&quot;,&quot;iso&quot;:&quot;400&quot;,&quot;shutter_speed&quot;:&quot;0.0333333333333&quot;,&quot;title&quot;:&quot;&quot;,&quot;orientation&quot;:&quot;0&quot;}\" data-image-title=\"DialogoAbiertoDSCN9593\" data-image-description=\"\" data-medium-file=\"https:\/\/www.hoymercedes.com.ar\/principal\/wp-content\/uploads\/2015\/04\/DialogoAbiertoDSCN9593.jpg\" data-large-file=\"https:\/\/www.hoymercedes.com.ar\/principal\/wp-content\/uploads\/2015\/04\/DialogoAbiertoDSCN9593.jpg\" src=\"https:\/\/i0.wp.com\/www.hoymercedes.com.ar\/principal\/wp-content\/uploads\/2015\/04\/DialogoAbiertoDSCN9593.jpg?w=320&#038;h=240&#038;ssl=1\" width=\"320\" height=\"240\" loading=\"lazy\" data-original-width=\"320\" data-original-height=\"240\" itemprop=\"http:\/\/schema.org\/image\" title=\"DialogoAbiertoDSCN9593\" alt=\"DialogoAbiertoDSCN9593\" style=\"width: 320px; height: 240px;\" \/> <\/a> <\/div> <\/div> <!-- close group --> <div class=\"gallery-group images-1\" style=\"width: 324px; height: 244px;\" data-original-width=\"324\" data-original-height=\"244\" > <div class=\"tiled-gallery-item tiled-gallery-item-large\" itemprop=\"associatedMedia\" itemscope itemtype=\"http:\/\/schema.org\/ImageObject\"> <a href=\"https:\/\/www.hoymercedes.com.ar\/principal\/2015\/04\/09\/fal-cestari-y-pirotta-en-el-primer-gran-encuentro-politico-del-ano\/dialogoabiertodscn9595-copy\/#main\" border=\"0\" itemprop=\"url\"> <meta itemprop=\"width\" content=\"320\"> <meta itemprop=\"height\" content=\"240\"> <img decoding=\"async\" class=\"\" data-attachment-id=\"40683\" data-orig-file=\"https:\/\/www.hoymercedes.com.ar\/principal\/wp-content\/uploads\/2015\/04\/DialogoAbiertoDSCN9595-Copy.jpg\" data-orig-size=\"620,465\" data-comments-opened=\"1\" data-image-meta=\"{&quot;aperture&quot;:&quot;3.1&quot;,&quot;credit&quot;:&quot;&quot;,&quot;camera&quot;:&quot;COOLPIX L310&quot;,&quot;caption&quot;:&quot;&quot;,&quot;created_timestamp&quot;:&quot;1428698886&quot;,&quot;copyright&quot;:&quot;&quot;,&quot;focal_length&quot;:&quot;4.5&quot;,&quot;iso&quot;:&quot;400&quot;,&quot;shutter_speed&quot;:&quot;0.0333333333333&quot;,&quot;title&quot;:&quot;&quot;,&quot;orientation&quot;:&quot;0&quot;}\" data-image-title=\"DialogoAbiertoDSCN9595 &amp;#8211; Copy\" data-image-description=\"\" data-medium-file=\"https:\/\/www.hoymercedes.com.ar\/principal\/wp-content\/uploads\/2015\/04\/DialogoAbiertoDSCN9595-Copy.jpg\" data-large-file=\"https:\/\/www.hoymercedes.com.ar\/principal\/wp-content\/uploads\/2015\/04\/DialogoAbiertoDSCN9595-Copy.jpg\" src=\"https:\/\/i0.wp.com\/www.hoymercedes.com.ar\/principal\/wp-content\/uploads\/2015\/04\/DialogoAbiertoDSCN9595-Copy.jpg?w=320&#038;h=240&#038;ssl=1\" width=\"320\" height=\"240\" loading=\"lazy\" data-original-width=\"320\" data-original-height=\"240\" itemprop=\"http:\/\/schema.org\/image\" title=\"DialogoAbiertoDSCN9595 - Copy\" alt=\"DialogoAbiertoDSCN9595 - Copy\" style=\"width: 320px; height: 240px;\" \/> <\/a> <\/div> <\/div> <!-- close group --> <div class=\"gallery-group images-1\" style=\"width: 184px; height: 244px;\" data-original-width=\"184\" data-original-height=\"244\" > <div class=\"tiled-gallery-item tiled-gallery-item-small\" itemprop=\"associatedMedia\" itemscope itemtype=\"http:\/\/schema.org\/ImageObject\"> <a href=\"https:\/\/www.hoymercedes.com.ar\/principal\/2015\/04\/09\/fal-cestari-y-pirotta-en-el-primer-gran-encuentro-politico-del-ano\/dialogoabiertodscn9600\/#main\" border=\"0\" itemprop=\"url\"> <meta itemprop=\"width\" content=\"180\"> <meta itemprop=\"height\" content=\"240\"> <img decoding=\"async\" class=\"\" data-attachment-id=\"40684\" data-orig-file=\"https:\/\/www.hoymercedes.com.ar\/principal\/wp-content\/uploads\/2015\/04\/DialogoAbiertoDSCN9600.jpg\" data-orig-size=\"620,827\" data-comments-opened=\"1\" data-image-meta=\"{&quot;aperture&quot;:&quot;4.9&quot;,&quot;credit&quot;:&quot;&quot;,&quot;camera&quot;:&quot;COOLPIX L310&quot;,&quot;caption&quot;:&quot;&quot;,&quot;created_timestamp&quot;:&quot;1428698932&quot;,&quot;copyright&quot;:&quot;&quot;,&quot;focal_length&quot;:&quot;27&quot;,&quot;iso&quot;:&quot;400&quot;,&quot;shutter_speed&quot;:&quot;0.0333333333333&quot;,&quot;title&quot;:&quot;&quot;,&quot;orientation&quot;:&quot;0&quot;}\" data-image-title=\"DialogoAbiertoDSCN9600\" data-image-description=\"\" data-medium-file=\"https:\/\/www.hoymercedes.com.ar\/principal\/wp-content\/uploads\/2015\/04\/DialogoAbiertoDSCN9600-465x620.jpg\" data-large-file=\"https:\/\/www.hoymercedes.com.ar\/principal\/wp-content\/uploads\/2015\/04\/DialogoAbiertoDSCN9600.jpg\" src=\"https:\/\/i0.wp.com\/www.hoymercedes.com.ar\/principal\/wp-content\/uploads\/2015\/04\/DialogoAbiertoDSCN9600.jpg?w=180&#038;h=240&#038;ssl=1\" srcset=\"https:\/\/www.hoymercedes.com.ar\/principal\/wp-content\/uploads\/2015\/04\/DialogoAbiertoDSCN9600.jpg 620w, https:\/\/www.hoymercedes.com.ar\/principal\/wp-content\/uploads\/2015\/04\/DialogoAbiertoDSCN9600-465x620.jpg 465w\" width=\"180\" height=\"240\" loading=\"lazy\" data-original-width=\"180\" data-original-height=\"240\" itemprop=\"http:\/\/schema.org\/image\" title=\"DialogoAbiertoDSCN9600\" alt=\"DialogoAbiertoDSCN9600\" style=\"width: 180px; height: 240px;\" \/> <\/a> <\/div> <\/div> <!-- close group --> <div class=\"gallery-group images-1\" style=\"width: 184px; height: 244px;\" data-original-width=\"184\" data-original-height=\"244\" > <div class=\"tiled-gallery-item tiled-gallery-item-small\" itemprop=\"associatedMedia\" itemscope itemtype=\"http:\/\/schema.org\/ImageObject\"> <a href=\"https:\/\/www.hoymercedes.com.ar\/principal\/2015\/04\/09\/fal-cestari-y-pirotta-en-el-primer-gran-encuentro-politico-del-ano\/dialogoabiertodscn9615\/#main\" border=\"0\" itemprop=\"url\"> <meta itemprop=\"width\" content=\"180\"> <meta itemprop=\"height\" content=\"240\"> <img decoding=\"async\" class=\"\" data-attachment-id=\"40685\" data-orig-file=\"https:\/\/www.hoymercedes.com.ar\/principal\/wp-content\/uploads\/2015\/04\/DialogoAbiertoDSCN9615.jpg\" data-orig-size=\"620,827\" data-comments-opened=\"1\" data-image-meta=\"{&quot;aperture&quot;:&quot;4.9&quot;,&quot;credit&quot;:&quot;&quot;,&quot;camera&quot;:&quot;COOLPIX L310&quot;,&quot;caption&quot;:&quot;&quot;,&quot;created_timestamp&quot;:&quot;1428699070&quot;,&quot;copyright&quot;:&quot;&quot;,&quot;focal_length&quot;:&quot;27&quot;,&quot;iso&quot;:&quot;400&quot;,&quot;shutter_speed&quot;:&quot;0.02&quot;,&quot;title&quot;:&quot;&quot;,&quot;orientation&quot;:&quot;0&quot;}\" data-image-title=\"DialogoAbiertoDSCN9615\" data-image-description=\"\" data-medium-file=\"https:\/\/www.hoymercedes.com.ar\/principal\/wp-content\/uploads\/2015\/04\/DialogoAbiertoDSCN9615-465x620.jpg\" data-large-file=\"https:\/\/www.hoymercedes.com.ar\/principal\/wp-content\/uploads\/2015\/04\/DialogoAbiertoDSCN9615.jpg\" src=\"https:\/\/i0.wp.com\/www.hoymercedes.com.ar\/principal\/wp-content\/uploads\/2015\/04\/DialogoAbiertoDSCN9615.jpg?w=180&#038;h=240&#038;ssl=1\" srcset=\"https:\/\/www.hoymercedes.com.ar\/principal\/wp-content\/uploads\/2015\/04\/DialogoAbiertoDSCN9615.jpg 620w, https:\/\/www.hoymercedes.com.ar\/principal\/wp-content\/uploads\/2015\/04\/DialogoAbiertoDSCN9615-465x620.jpg 465w\" width=\"180\" height=\"240\" loading=\"lazy\" data-original-width=\"180\" data-original-height=\"240\" itemprop=\"http:\/\/schema.org\/image\" title=\"DialogoAbiertoDSCN9615\" alt=\"DialogoAbiertoDSCN9615\" style=\"width: 180px; height: 240px;\" \/> <\/a> <\/div> <\/div> <!-- close group --> <div class=\"gallery-group images-1\" style=\"width: 184px; height: 244px;\" data-original-width=\"184\" data-original-height=\"244\" > <div class=\"tiled-gallery-item tiled-gallery-item-small\" itemprop=\"associatedMedia\" itemscope itemtype=\"http:\/\/schema.org\/ImageObject\"> <a href=\"https:\/\/www.hoymercedes.com.ar\/principal\/2015\/04\/09\/fal-cestari-y-pirotta-en-el-primer-gran-encuentro-politico-del-ano\/dialogoabiertodscn9620\/#main\" border=\"0\" itemprop=\"url\"> <meta itemprop=\"width\" content=\"180\"> <meta itemprop=\"height\" content=\"240\"> <img decoding=\"async\" class=\"\" data-attachment-id=\"40686\" data-orig-file=\"https:\/\/www.hoymercedes.com.ar\/principal\/wp-content\/uploads\/2015\/04\/DialogoAbiertoDSCN9620.jpg\" data-orig-size=\"620,827\" data-comments-opened=\"1\" data-image-meta=\"{&quot;aperture&quot;:&quot;5.1&quot;,&quot;credit&quot;:&quot;&quot;,&quot;camera&quot;:&quot;COOLPIX L310&quot;,&quot;caption&quot;:&quot;&quot;,&quot;created_timestamp&quot;:&quot;1428699108&quot;,&quot;copyright&quot;:&quot;&quot;,&quot;focal_length&quot;:&quot;31.8&quot;,&quot;iso&quot;:&quot;400&quot;,&quot;shutter_speed&quot;:&quot;0.025&quot;,&quot;title&quot;:&quot;&quot;,&quot;orientation&quot;:&quot;0&quot;}\" data-image-title=\"DialogoAbiertoDSCN9620\" data-image-description=\"\" data-medium-file=\"https:\/\/www.hoymercedes.com.ar\/principal\/wp-content\/uploads\/2015\/04\/DialogoAbiertoDSCN9620-465x620.jpg\" data-large-file=\"https:\/\/www.hoymercedes.com.ar\/principal\/wp-content\/uploads\/2015\/04\/DialogoAbiertoDSCN9620.jpg\" src=\"https:\/\/i0.wp.com\/www.hoymercedes.com.ar\/principal\/wp-content\/uploads\/2015\/04\/DialogoAbiertoDSCN9620.jpg?w=180&#038;h=240&#038;ssl=1\" srcset=\"https:\/\/www.hoymercedes.com.ar\/principal\/wp-content\/uploads\/2015\/04\/DialogoAbiertoDSCN9620.jpg 620w, https:\/\/www.hoymercedes.com.ar\/principal\/wp-content\/uploads\/2015\/04\/DialogoAbiertoDSCN9620-465x620.jpg 465w\" width=\"180\" height=\"240\" loading=\"lazy\" data-original-width=\"180\" data-original-height=\"240\" itemprop=\"http:\/\/schema.org\/image\" title=\"DialogoAbiertoDSCN9620\" alt=\"DialogoAbiertoDSCN9620\" style=\"width: 180px; height: 240px;\" \/> <\/a> <\/div> <\/div> <!-- close group --> <\/div> <!-- close row --> <\/div>\n","protected":false},"excerpt":{"rendered":"<p>Este jueves se llev\u00f3 a cabo el primer gran encuentro multipartidario del a\u00f1o. UCR-PRO, MIC-PRO y Partido FE se reunieron &#8230; <a title=\"Fal, Cestari y Pirotta en el primer gran encuentro pol\u00edtico del a\u00f1o\" class=\"read-more\" href=\"https:\/\/www.hoymercedes.com.ar\/principal\/2015\/04\/09\/fal-cestari-y-pirotta-en-el-primer-gran-encuentro-politico-del-ano\/\" aria-label=\"Leer m\u00e1s sobre Fal, Cestari y Pirotta en el primer gran encuentro pol\u00edtico del a\u00f1o\">Leer m\u00e1s<\/a><\/p>\n","protected":false},"author":1,"featured_media":40676,"comment_status":"open","ping_status":"open","sticky":false,"template":"","format":"standard","meta":{"_monsterinsights_skip_tracking":false,"_monsterinsights_sitenote_active":false,"_monsterinsights_sitenote_note":"","_monsterinsights_sitenote_category":0,"jetpack_post_was_ever_published":false,"_jetpack_newsletter_access":"","_jetpack_dont_email_post_to_subs":false,"_jetpack_newsletter_tier_id":0,"_jetpack_memberships_contains_paywalled_content":false,"_jetpack_memberships_contains_paid_content":false,"footnotes":"","jetpack_publicize_message":"","jetpack_publicize_feature_enabled":true,"jetpack_social_post_already_shared":true,"jetpack_social_options":{"image_generator_settings":{"template":"highway","default_image_id":0,"font":"","enabled":false},"version":2},"_wpas_customize_per_network":false},"categories":[5],"tags":[5997,321,2008],"class_list":["post-40675","post","type-post","status-publish","format-standard","has-post-thumbnail","hentry","category-politica","tag-jorge-pirotta","tag-jose-cestari","tag-lucas-fal","generate-columns","tablet-grid-50","mobile-grid-100","grid-parent","grid-50"],"jetpack_publicize_connections":[],"jetpack_featured_media_url":"https:\/\/www.hoymercedes.com.ar\/principal\/wp-content\/uploads\/2015\/04\/DialogoAbiertoDSCN9604.jpg","wps_subtitle":"Dialogo abierto","jetpack_sharing_enabled":true,"jetpack-related-posts":[{"id":40560,"url":"https:\/\/www.hoymercedes.com.ar\/principal\/2015\/04\/04\/fal-pirotta-y-cestari-debatiran-sobre-salud-educacion-y-trabajo\/","url_meta":{"origin":40675,"position":0},"title":"Fal, Pirotta y Cestari debatir\u00e1n sobre salud, educaci\u00f3n y trabajo","author":"hoymercedes","date":"4 abril, 2015","format":false,"excerpt":"Tres pre-candidatos a Intendente Municipal que, sin resignar sus aspiraciones, est\u00e1n dispuestos a privilegiar la b\u00fasqueda de coincidencias para construir una Mercedes digna de ser vivida y no se suman a la confrontaci\u00f3n y el descr\u00e9dito personal como forma de hacer pol\u00edtica. JOS\u00c9 CESTARI (MIC-PRO), LUCAS FAL (Uni\u00f3n C\u00edvica Radical)\u2026","rel":"","context":"En \u00abPol\u00edtica\u00bb","block_context":{"text":"Pol\u00edtica","link":"https:\/\/www.hoymercedes.com.ar\/principal\/category\/politica\/"},"img":{"alt_text":"fal-cestari-pirotta","src":"https:\/\/i0.wp.com\/www.hoymercedes.com.ar\/principal\/wp-content\/uploads\/2015\/04\/fal-cestari-pirotta.jpg?resize=350%2C200","width":350,"height":200,"srcset":"https:\/\/i0.wp.com\/www.hoymercedes.com.ar\/principal\/wp-content\/uploads\/2015\/04\/fal-cestari-pirotta.jpg?resize=350%2C200 1x, https:\/\/i0.wp.com\/www.hoymercedes.com.ar\/principal\/wp-content\/uploads\/2015\/04\/fal-cestari-pirotta.jpg?resize=525%2C300 1.5x"},"classes":[]},{"id":43015,"url":"https:\/\/www.hoymercedes.com.ar\/principal\/2015\/07\/10\/cestari-dobla-la-apuesta-e-invita-a-debatir-a-fal-benitez-y-pirota-en-la-interna-de-cambiemos\/","url_meta":{"origin":40675,"position":1},"title":"Cestari dobla la apuesta e invita a debatir a Fal, Ben\u00edtez y Pirota en la interna de \u201cCambiemos\u201d","author":"hoymercedes","date":"10 julio, 2015","format":false,"excerpt":"\u00a0 Jos\u00e9 Cestari expres\u00f3 su deseo de que se genere un debate en lo que ser\u00e1 la \u00fanica interna que vivir\u00e1 la ciudad: Frente Cambiemos. All\u00ed se disputar\u00e1n la intendencia los pre candidatos Lucas Fal, Jorge Pirotta y Juan Carlos Benitez. Desde el MIC-PRO sostuvieron que: \u201cEl Licenciado en Geograf\u00eda,\u2026","rel":"","context":"En \u00abPol\u00edtica\u00bb","block_context":{"text":"Pol\u00edtica","link":"https:\/\/www.hoymercedes.com.ar\/principal\/category\/politica\/"},"img":{"alt_text":"","src":"https:\/\/i0.wp.com\/www.hoymercedes.com.ar\/principal\/wp-content\/uploads\/2015\/04\/jos%C3%A9cestari.jpg?resize=350%2C200&ssl=1","width":350,"height":200,"srcset":"https:\/\/i0.wp.com\/www.hoymercedes.com.ar\/principal\/wp-content\/uploads\/2015\/04\/jos%C3%A9cestari.jpg?resize=350%2C200&ssl=1 1x, https:\/\/i0.wp.com\/www.hoymercedes.com.ar\/principal\/wp-content\/uploads\/2015\/04\/jos%C3%A9cestari.jpg?resize=525%2C300&ssl=1 1.5x"},"classes":[]},{"id":43112,"url":"https:\/\/www.hoymercedes.com.ar\/principal\/2015\/07\/14\/atacaron-un-movil-de-campana-de-jorge-pirotta-y-debio-efectuar-la-denuncia\/","url_meta":{"origin":40675,"position":2},"title":"Atacaron un m\u00f3vil de campa\u00f1a de Jorge Pirotta y debi\u00f3 efectuar la denuncia","author":"hoymercedes","date":"14 julio, 2015","format":false,"excerpt":"El pre candidato a intendente Jorge Pirotta, que forma parte del \u201cPartido Fe\u201d, denunci\u00f3 el ataque que vivi\u00f3 la camioneta que se utiliza por parte de los militantes y voluntades del candidato para efectuar la publicidad y colocaci\u00f3n de carteles en las madrugadas. El acontecimiento sucedi\u00f3 alrededor de las 5.00am\u2026","rel":"","context":"En \u00abPol\u00edtica\u00bb","block_context":{"text":"Pol\u00edtica","link":"https:\/\/www.hoymercedes.com.ar\/principal\/category\/politica\/"},"img":{"alt_text":"","src":"https:\/\/i0.wp.com\/www.hoymercedes.com.ar\/principal\/wp-content\/uploads\/2015\/07\/ataquepirotta.jpg?resize=350%2C200&ssl=1","width":350,"height":200,"srcset":"https:\/\/i0.wp.com\/www.hoymercedes.com.ar\/principal\/wp-content\/uploads\/2015\/07\/ataquepirotta.jpg?resize=350%2C200&ssl=1 1x, https:\/\/i0.wp.com\/www.hoymercedes.com.ar\/principal\/wp-content\/uploads\/2015\/07\/ataquepirotta.jpg?resize=525%2C300&ssl=1 1.5x"},"classes":[]},{"id":42349,"url":"https:\/\/www.hoymercedes.com.ar\/principal\/2015\/06\/11\/encuesta-blanco-cp-muestra-fuerte-crecimiento-de-lucas-fal\/","url_meta":{"origin":40675,"position":3},"title":"Encuesta \u00abBlanco CP\u00bb muestra fuerte crecimiento de Lucas Fal","author":"hoymercedes","date":"11 junio, 2015","format":false,"excerpt":"Se dieron a conocer datos de la consultora Blanco CP, en donde Lucas Fal, se ubica tercero y con un crecimiento constante, si se\u00a0 suman los\u00a0 datos de quienes participaran de la interna UCR-PRO alcanzan el segundo lugar en la general, luego de Ustarroz, dejando en tercer lugar al actual\u2026","rel":"","context":"En \u00abPol\u00edtica\u00bb","block_context":{"text":"Pol\u00edtica","link":"https:\/\/www.hoymercedes.com.ar\/principal\/category\/politica\/"},"img":{"alt_text":"","src":"https:\/\/i0.wp.com\/www.hoymercedes.com.ar\/principal\/wp-content\/uploads\/2015\/06\/encuesta-fal.jpg?resize=350%2C200&ssl=1","width":350,"height":200,"srcset":"https:\/\/i0.wp.com\/www.hoymercedes.com.ar\/principal\/wp-content\/uploads\/2015\/06\/encuesta-fal.jpg?resize=350%2C200&ssl=1 1x, https:\/\/i0.wp.com\/www.hoymercedes.com.ar\/principal\/wp-content\/uploads\/2015\/06\/encuesta-fal.jpg?resize=525%2C300&ssl=1 1.5x"},"classes":[]},{"id":44909,"url":"https:\/\/www.hoymercedes.com.ar\/principal\/2015\/09\/29\/lucas-fal-participo-de-la-edicion-2015-de-la-exposicion-rural-de-mercedes\/","url_meta":{"origin":40675,"position":4},"title":"Lucas Fal particip\u00f3 de la edici\u00f3n 2015 de la Exposici\u00f3n Rural de Mercedes","author":"hoymercedes","date":"29 septiembre, 2015","format":false,"excerpt":"El candidato a Intendente del Frente Cambiemos, Lucas Fal este domingo se hizo presente en la 69 edici\u00f3n de la exposici\u00f3n Rural Mercedes, all\u00ed recorri\u00f3 el predio acompa\u00f1ado del Ingeniero agronomo Fernando Lapolla, el dirigente del Partido FE, Jorge Pirotta, quien invito a Fal a la carpa del UATRE. Tambi\u00e9n\u2026","rel":"","context":"En \u00abPol\u00edtica\u00bb","block_context":{"text":"Pol\u00edtica","link":"https:\/\/www.hoymercedes.com.ar\/principal\/category\/politica\/"},"img":{"alt_text":"","src":"https:\/\/i0.wp.com\/www.hoymercedes.com.ar\/principal\/wp-content\/uploads\/2015\/09\/fal-rural.jpg?resize=350%2C200&ssl=1","width":350,"height":200,"srcset":"https:\/\/i0.wp.com\/www.hoymercedes.com.ar\/principal\/wp-content\/uploads\/2015\/09\/fal-rural.jpg?resize=350%2C200&ssl=1 1x, https:\/\/i0.wp.com\/www.hoymercedes.com.ar\/principal\/wp-content\/uploads\/2015\/09\/fal-rural.jpg?resize=525%2C300&ssl=1 1.5x"},"classes":[]},{"id":43786,"url":"https:\/\/www.hoymercedes.com.ar\/principal\/2015\/08\/09\/ustarroz-el-candidato-mas-votado-seguido-de-fal-y-denapole\/","url_meta":{"origin":40675,"position":5},"title":"Ustarroz el candidato m\u00e1s votado seguido de Fal y Den\u00e1pole","author":"hoymercedes","date":"9 agosto, 2015","format":false,"excerpt":"Las primeras declaraciones de los pre candidatos afirmaron la tendencia extra oficial que se ten\u00eda. Juan Ustarroz resulta ser el candidato m\u00e1s votado de la ciudad sac\u00e1ndole una amplia ventaja a Lucas Fal. En tercer lugar est\u00e1 como candidato m\u00e1s votado Marcelo Denapole Las elecciones se efectuaron con la gran\u2026","rel":"","context":"En \u00abPol\u00edtica\u00bb","block_context":{"text":"Pol\u00edtica","link":"https:\/\/www.hoymercedes.com.ar\/principal\/category\/politica\/"},"img":{"alt_text":"","src":"https:\/\/i0.wp.com\/www.hoymercedes.com.ar\/principal\/wp-content\/uploads\/2015\/08\/Ustarroz-Votando.jpg?resize=350%2C200&ssl=1","width":350,"height":200,"srcset":"https:\/\/i0.wp.com\/www.hoymercedes.com.ar\/principal\/wp-content\/uploads\/2015\/08\/Ustarroz-Votando.jpg?resize=350%2C200&ssl=1 1x, https:\/\/i0.wp.com\/www.hoymercedes.com.ar\/principal\/wp-content\/uploads\/2015\/08\/Ustarroz-Votando.jpg?resize=525%2C300&ssl=1 1.5x"},"classes":[]}],"_links":{"self":[{"href":"https:\/\/www.hoymercedes.com.ar\/principal\/wp-json\/wp\/v2\/posts\/40675","targetHints":{"allow":["GET"]}}],"collection":[{"href":"https:\/\/www.hoymercedes.com.ar\/principal\/wp-json\/wp\/v2\/posts"}],"about":[{"href":"https:\/\/www.hoymercedes.com.ar\/principal\/wp-json\/wp\/v2\/types\/post"}],"author":[{"embeddable":true,"href":"https:\/\/www.hoymercedes.com.ar\/principal\/wp-json\/wp\/v2\/users\/1"}],"replies":[{"embeddable":true,"href":"https:\/\/www.hoymercedes.com.ar\/principal\/wp-json\/wp\/v2\/comments?post=40675"}],"version-history":[{"count":0,"href":"https:\/\/www.hoymercedes.com.ar\/principal\/wp-json\/wp\/v2\/posts\/40675\/revisions"}],"wp:featuredmedia":[{"embeddable":true,"href":"https:\/\/www.hoymercedes.com.ar\/principal\/wp-json\/wp\/v2\/media\/40676"}],"wp:attachment":[{"href":"https:\/\/www.hoymercedes.com.ar\/principal\/wp-json\/wp\/v2\/media?parent=40675"}],"wp:term":[{"taxonomy":"category","embeddable":true,"href":"https:\/\/www.hoymercedes.com.ar\/principal\/wp-json\/wp\/v2\/categories?post=40675"},{"taxonomy":"post_tag","embeddable":true,"href":"https:\/\/www.hoymercedes.com.ar\/principal\/wp-json\/wp\/v2\/tags?post=40675"}],"curies":[{"name":"wp","href":"https:\/\/api.w.org\/{rel}","templated":true}]}}