{"id":40692,"date":"2015-04-11T00:47:45","date_gmt":"2015-04-11T03:47:45","guid":{"rendered":"http:\/\/www.hoymercedes.com.ar\/principal\/?p=40692"},"modified":"2015-04-16T10:14:58","modified_gmt":"2015-04-16T13:14:58","slug":"mercedes-ya-cuenta-con-la-comisaria-de-la-mujer","status":"publish","type":"post","link":"https:\/\/www.hoymercedes.com.ar\/principal\/2015\/04\/11\/mercedes-ya-cuenta-con-la-comisaria-de-la-mujer\/","title":{"rendered":"Mercedes ya cuenta con la Comisar\u00eda de la Mujer"},"content":{"rendered":"<p><a href=\"https:\/\/www.hoymercedes.com.ar\/principal\/wp-content\/uploads\/2015\/04\/Policia-4.jpg\"><img loading=\"lazy\" decoding=\"async\" data-attachment-id=\"40694\" data-permalink=\"https:\/\/www.hoymercedes.com.ar\/principal\/2015\/04\/11\/mercedes-ya-cuenta-con-la-comisaria-de-la-mujer\/policia-4-2\/#main\" data-orig-file=\"https:\/\/www.hoymercedes.com.ar\/principal\/wp-content\/uploads\/2015\/04\/Policia-4.jpg\" data-orig-size=\"620,453\" data-comments-opened=\"1\" data-image-meta=\"{&quot;aperture&quot;:&quot;3.5&quot;,&quot;credit&quot;:&quot;&quot;,&quot;camera&quot;:&quot;DSC-S2000&quot;,&quot;caption&quot;:&quot;&quot;,&quot;created_timestamp&quot;:&quot;1267985447&quot;,&quot;copyright&quot;:&quot;&quot;,&quot;focal_length&quot;:&quot;8&quot;,&quot;iso&quot;:&quot;100&quot;,&quot;shutter_speed&quot;:&quot;0.00625&quot;,&quot;title&quot;:&quot;&quot;,&quot;orientation&quot;:&quot;0&quot;}\" data-image-title=\"Policia 4\" data-image-description=\"\" data-image-caption=\"\" data-large-file=\"https:\/\/www.hoymercedes.com.ar\/principal\/wp-content\/uploads\/2015\/04\/Policia-4.jpg\" class=\"Img2014 aligncenter wp-image-40694 size-full\" src=\"https:\/\/www.hoymercedes.com.ar\/principal\/wp-content\/uploads\/2015\/04\/Policia-4.jpg\" alt=\"Policia 4\" width=\"620\" height=\"453\" \/><\/a><\/p>\n<p><em><strong>Se realiz\u00f3 con la presencia del Ministro de Seguridad provincial Alejandro Granados, la inauguraci\u00f3n de la anhelada Comisaria de la mujer. La misma se encuentra en avenida 29 entre 34 y 36. Tambi\u00e9n se entregaron patrulleros.<\/strong><\/em><\/p>\n<p>Con la presencia del Ministro Alejandro Granados, el intendente Carlos Selva, el Diputado Provincial Alberto Espa\u00f1a, el concejal Juan Ignacio Ustarroz y las autoridades policiales se concret\u00f3 el acto oficial de inauguraci\u00f3n del nuevo espacio de seguridad pensado en la mujer mercedina, algo que hace tiempo se deseaba, m\u00e1s cuando ciudades vecinas ya contaban con tal prestaci\u00f3n.<\/p>\n<p><a href=\"https:\/\/www.hoymercedes.com.ar\/principal\/wp-content\/uploads\/2015\/04\/Rossi.Ustarroz.Selva_.Granados.jpg\"><img loading=\"lazy\" decoding=\"async\" data-attachment-id=\"40695\" data-permalink=\"https:\/\/www.hoymercedes.com.ar\/principal\/2015\/04\/11\/mercedes-ya-cuenta-con-la-comisaria-de-la-mujer\/rossi-ustarroz-selva-granados\/#main\" data-orig-file=\"https:\/\/www.hoymercedes.com.ar\/principal\/wp-content\/uploads\/2015\/04\/Rossi.Ustarroz.Selva_.Granados.jpg\" data-orig-size=\"620,412\" data-comments-opened=\"1\" data-image-meta=\"{&quot;aperture&quot;:&quot;0&quot;,&quot;credit&quot;:&quot;Moreira Mario Hugo&quot;,&quot;camera&quot;:&quot;&quot;,&quot;caption&quot;:&quot;&quot;,&quot;created_timestamp&quot;:&quot;0&quot;,&quot;copyright&quot;:&quot;Moreira Mario Hugo&quot;,&quot;focal_length&quot;:&quot;0&quot;,&quot;iso&quot;:&quot;0&quot;,&quot;shutter_speed&quot;:&quot;0&quot;,&quot;title&quot;:&quot;&quot;,&quot;orientation&quot;:&quot;0&quot;}\" data-image-title=\"Rossi.Ustarroz.Selva.Granados\" data-image-description=\"\" data-image-caption=\"\" data-large-file=\"https:\/\/www.hoymercedes.com.ar\/principal\/wp-content\/uploads\/2015\/04\/Rossi.Ustarroz.Selva_.Granados.jpg\" class=\"Img2014 aligncenter wp-image-40695 size-full\" src=\"https:\/\/www.hoymercedes.com.ar\/principal\/wp-content\/uploads\/2015\/04\/Rossi.Ustarroz.Selva_.Granados.jpg\" alt=\"Rossi.Ustarroz.Selva.Granados\" width=\"620\" height=\"412\" \/><\/a><\/p>\n<p>El acto estuvo acompa\u00f1ado de un video explicativo donde mostr\u00f3 los avances en el tema seguridad, implementados desde el gobierno de Carlos Selva, quien a la hora de su discurso mencion\u00f3: <em>\u201cEn primer lugar le quiero dar la bienvenida a un amigo, as\u00ed que Alejandro querido, amigo y compa\u00f1ero es un gusto que est\u00e9s en esta localidad. Un gusto que tambi\u00e9n sea por un hecho positivo con expectativas de respuestas al presente, con expectativas de soluciones a futuro, como es crear este \u00e1mbito de la Comisar\u00eda de la mujer. Hoy estamos poniendo en marcha un \u00e1rea que viene a complementar el \u00e1rea de seguridad, un \u00e1rea de relaci\u00f3n que tiene que tener el estado con la comunidad, y en el medio uno no puede soslayar de que dentro del \u00e1rea municipal, existe un \u00e1rea que ha venido abordando las problem\u00e1ticas de violencia de g\u00e9nero, como es el \u00e1rea de violencia\u201d,<\/em> a su vez remarcaba: <em>\u201cno existe forma de que podamos atacar en estrategias y en resultados el delito, sino lo hacemos en forma complementaria con la provincia de Buenos Aires\u201d.<\/em><\/p>\n<p><a href=\"https:\/\/www.hoymercedes.com.ar\/principal\/wp-content\/uploads\/2015\/04\/Policia.jpg\"><img loading=\"lazy\" decoding=\"async\" data-attachment-id=\"40696\" data-permalink=\"https:\/\/www.hoymercedes.com.ar\/principal\/2015\/04\/11\/mercedes-ya-cuenta-con-la-comisaria-de-la-mujer\/policia-20\/#main\" data-orig-file=\"https:\/\/www.hoymercedes.com.ar\/principal\/wp-content\/uploads\/2015\/04\/Policia.jpg\" data-orig-size=\"620,453\" data-comments-opened=\"1\" data-image-meta=\"{&quot;aperture&quot;:&quot;3.1&quot;,&quot;credit&quot;:&quot;&quot;,&quot;camera&quot;:&quot;DSC-S2000&quot;,&quot;caption&quot;:&quot;&quot;,&quot;created_timestamp&quot;:&quot;1267980702&quot;,&quot;copyright&quot;:&quot;&quot;,&quot;focal_length&quot;:&quot;6.2&quot;,&quot;iso&quot;:&quot;100&quot;,&quot;shutter_speed&quot;:&quot;0.004&quot;,&quot;title&quot;:&quot;&quot;,&quot;orientation&quot;:&quot;0&quot;}\" data-image-title=\"Policia\" data-image-description=\"\" data-image-caption=\"\" data-large-file=\"https:\/\/www.hoymercedes.com.ar\/principal\/wp-content\/uploads\/2015\/04\/Policia.jpg\" class=\"Img2014 aligncenter wp-image-40696 size-full\" src=\"https:\/\/www.hoymercedes.com.ar\/principal\/wp-content\/uploads\/2015\/04\/Policia.jpg\" alt=\"Policia\" width=\"620\" height=\"453\" \/><\/a><\/p>\n<p>A su vez el Ministro de Seguridad de la Provincia de Buenos Aires, Alejandro Granados, se mostr\u00f3 muy conforme con estar en Mercedes, ya que fue el lugar de nacimiento de su madre.<\/p>\n<p><em>\u201cEstos \u00faltimos a\u00f1os de mi vida pol\u00edtica me han dado un gran amigo de la pol\u00edtica, que es \u201cWado\u201d de Pedro, que tambi\u00e9n es de aqu\u00ed\u201d, <\/em>dec\u00eda el ministromientras. Continuaba: \u201cNo es muy habitual generar amigos de verdad, por eso colega, amigo Intendente, saben que yo soy ministro, pero estoy de licencia como intendente municipal de Ezeisa y me encuentro en mi quinto mandato. Donde hemos vivido montones de buenos momentos con todos los compa\u00f1eros justicialistas de la provincia de Buenos Aires. Estoy recorriendo la provincia, y todos los viernes lo hemos dedicado a eso. Esto es lo que me ha encomendado el gobernador Daniel Scioli, y esto es lo que estamos poniendo en valor y llevando a los municipios. Como ministro pretendo una descentralizaci\u00f3n hist\u00f3rica de la polic\u00eda de la provincia de Buenos Aires, por eso queremos que cada municipio tenga su DDI, DDA, su comisar\u00eda de la mujer. Cada municipio del interior tenga su CPR y el municipio del conurbano su CPC, y en este caso, la polic\u00eda comunal que ya tiene Mercedes, y estoy seguro que muy prontito firmaremos los acuerdos para que Mercedes tambi\u00e9n tenga su polic\u00eda local. Yo no entiendo la seguridad de otra manera y tengo un \u00e9xito comprobado, mi municipio es el del conurbano con el \u00edndice m\u00e1s bajo de inseguridad y uno de los m\u00e1s bajo de la provincia de Buenos Aires. Y eso se logra con inversi\u00f3n, con mucha gana, mucha presencia policial; ojala pudi\u00e9ramos poner un polic\u00eda en\u00a0 la puerta de cada vivienda, o un polic\u00eda en cada esquina, bueno eso no es posible, pero para eso tenemos otras fuerzas como el CPC, lo polic\u00eda local\u201d, afirm\u00f3 el funcionario provincial encargado de la seguridad de los bonaerense.<\/p>\n<p>Luego de los discursos se procedi\u00f3 al descubrimiento de la placa y el corte de cinta correspondiente donde qued\u00f3 inaugurada formalmente la Comisar\u00eda de la Mujer en Av. 29 entre 34 y 36.<\/p>\n<p><a href=\"https:\/\/www.hoymercedes.com.ar\/principal\/wp-content\/uploads\/2015\/04\/espa\u00f1a.granados.selva_.ustarroz.jpg\"><img loading=\"lazy\" decoding=\"async\" data-attachment-id=\"40697\" data-permalink=\"https:\/\/www.hoymercedes.com.ar\/principal\/2015\/04\/11\/mercedes-ya-cuenta-con-la-comisaria-de-la-mujer\/espana-granados-selva-ustarroz\/#main\" data-orig-file=\"https:\/\/www.hoymercedes.com.ar\/principal\/wp-content\/uploads\/2015\/04\/espa\u00f1a.granados.selva_.ustarroz.jpg\" data-orig-size=\"620,412\" data-comments-opened=\"1\" data-image-meta=\"{&quot;aperture&quot;:&quot;0&quot;,&quot;credit&quot;:&quot;Moreira Mario Hugo&quot;,&quot;camera&quot;:&quot;&quot;,&quot;caption&quot;:&quot;&quot;,&quot;created_timestamp&quot;:&quot;0&quot;,&quot;copyright&quot;:&quot;Moreira Mario Hugo&quot;,&quot;focal_length&quot;:&quot;0&quot;,&quot;iso&quot;:&quot;0&quot;,&quot;shutter_speed&quot;:&quot;0&quot;,&quot;title&quot;:&quot;&quot;,&quot;orientation&quot;:&quot;0&quot;}\" data-image-title=\"espa\u00f1a.granados.selva.ustarroz\" data-image-description=\"\" data-image-caption=\"\" data-large-file=\"https:\/\/www.hoymercedes.com.ar\/principal\/wp-content\/uploads\/2015\/04\/espa\u00f1a.granados.selva_.ustarroz.jpg\" class=\"Img2014 aligncenter wp-image-40697 size-full\" src=\"https:\/\/www.hoymercedes.com.ar\/principal\/wp-content\/uploads\/2015\/04\/espa\u00f1a.granados.selva_.ustarroz.jpg\" alt=\"espa\u00f1a.granados.selva.ustarroz\" width=\"620\" height=\"412\" \/><\/a><\/p>\n<p><a href=\"https:\/\/www.hoymercedes.com.ar\/principal\/wp-content\/uploads\/2015\/04\/Policia1.jpg\"><img loading=\"lazy\" decoding=\"async\" data-attachment-id=\"40698\" data-permalink=\"https:\/\/www.hoymercedes.com.ar\/principal\/2015\/04\/11\/mercedes-ya-cuenta-con-la-comisaria-de-la-mujer\/policia1\/#main\" data-orig-file=\"https:\/\/www.hoymercedes.com.ar\/principal\/wp-content\/uploads\/2015\/04\/Policia1.jpg\" data-orig-size=\"620,453\" data-comments-opened=\"1\" data-image-meta=\"{&quot;aperture&quot;:&quot;4.4&quot;,&quot;credit&quot;:&quot;&quot;,&quot;camera&quot;:&quot;DSC-S2000&quot;,&quot;caption&quot;:&quot;&quot;,&quot;created_timestamp&quot;:&quot;1267984602&quot;,&quot;copyright&quot;:&quot;&quot;,&quot;focal_length&quot;:&quot;12.2&quot;,&quot;iso&quot;:&quot;100&quot;,&quot;shutter_speed&quot;:&quot;0.0166666666667&quot;,&quot;title&quot;:&quot;&quot;,&quot;orientation&quot;:&quot;0&quot;}\" data-image-title=\"Policia1\" data-image-description=\"\" data-image-caption=\"\" data-large-file=\"https:\/\/www.hoymercedes.com.ar\/principal\/wp-content\/uploads\/2015\/04\/Policia1.jpg\" class=\"Img2014 aligncenter wp-image-40698 size-full\" src=\"https:\/\/www.hoymercedes.com.ar\/principal\/wp-content\/uploads\/2015\/04\/Policia1.jpg\" alt=\"Policia1\" width=\"620\" height=\"453\" \/><\/a><\/p>\n<p><a href=\"https:\/\/www.hoymercedes.com.ar\/principal\/wp-content\/uploads\/2015\/04\/Policia3.jpg\"><img loading=\"lazy\" decoding=\"async\" data-attachment-id=\"40699\" data-permalink=\"https:\/\/www.hoymercedes.com.ar\/principal\/2015\/04\/11\/mercedes-ya-cuenta-con-la-comisaria-de-la-mujer\/policia3\/#main\" data-orig-file=\"https:\/\/www.hoymercedes.com.ar\/principal\/wp-content\/uploads\/2015\/04\/Policia3.jpg\" data-orig-size=\"620,453\" data-comments-opened=\"1\" data-image-meta=\"{&quot;aperture&quot;:&quot;3.9&quot;,&quot;credit&quot;:&quot;&quot;,&quot;camera&quot;:&quot;DSC-S2000&quot;,&quot;caption&quot;:&quot;&quot;,&quot;created_timestamp&quot;:&quot;1267985131&quot;,&quot;copyright&quot;:&quot;&quot;,&quot;focal_length&quot;:&quot;9.9&quot;,&quot;iso&quot;:&quot;100&quot;,&quot;shutter_speed&quot;:&quot;0.0166666666667&quot;,&quot;title&quot;:&quot;&quot;,&quot;orientation&quot;:&quot;0&quot;}\" data-image-title=\"Policia3\" data-image-description=\"\" data-image-caption=\"\" data-large-file=\"https:\/\/www.hoymercedes.com.ar\/principal\/wp-content\/uploads\/2015\/04\/Policia3.jpg\" class=\"Img2014 aligncenter wp-image-40699 size-full\" src=\"https:\/\/www.hoymercedes.com.ar\/principal\/wp-content\/uploads\/2015\/04\/Policia3.jpg\" alt=\"Policia3\" width=\"620\" height=\"453\" \/><\/a><\/p>\n<p>&nbsp;<\/p>\n<p>&nbsp;<\/p>\n<p>&nbsp;<\/p>\n","protected":false},"excerpt":{"rendered":"<p>Se realiz\u00f3 con la presencia del Ministro de Seguridad provincial Alejandro Granados, la inauguraci\u00f3n de la anhelada Comisaria de la &#8230; <a title=\"Mercedes ya cuenta con la Comisar\u00eda de la Mujer\" class=\"read-more\" href=\"https:\/\/www.hoymercedes.com.ar\/principal\/2015\/04\/11\/mercedes-ya-cuenta-con-la-comisaria-de-la-mujer\/\" aria-label=\"Leer m\u00e1s sobre Mercedes ya cuenta con la Comisar\u00eda de la Mujer\">Leer m\u00e1s<\/a><\/p>\n","protected":false},"author":1,"featured_media":40696,"comment_status":"open","ping_status":"open","sticky":false,"template":"","format":"standard","meta":{"_monsterinsights_skip_tracking":false,"_monsterinsights_sitenote_active":false,"_monsterinsights_sitenote_note":"","_monsterinsights_sitenote_category":0,"jetpack_post_was_ever_published":false,"_jetpack_newsletter_access":"","_jetpack_dont_email_post_to_subs":false,"_jetpack_newsletter_tier_id":0,"_jetpack_memberships_contains_paywalled_content":false,"_jetpack_memberships_contains_paid_content":false,"footnotes":"","jetpack_publicize_message":"","jetpack_publicize_feature_enabled":true,"jetpack_social_post_already_shared":true,"jetpack_social_options":{"image_generator_settings":{"template":"highway","default_image_id":0,"font":"","enabled":false},"version":2},"_wpas_customize_per_network":false},"categories":[85],"tags":[7118],"class_list":["post-40692","post","type-post","status-publish","format-standard","has-post-thumbnail","hentry","category-policial","tag-comisaria-de-la-mujer-mercedes","generate-columns","tablet-grid-50","mobile-grid-100","grid-parent","grid-50"],"jetpack_publicize_connections":[],"jetpack_featured_media_url":"https:\/\/www.hoymercedes.com.ar\/principal\/wp-content\/uploads\/2015\/04\/Policia.jpg","wps_subtitle":"Espacio ampliamente esperado...","jetpack_sharing_enabled":true,"_links":{"self":[{"href":"https:\/\/www.hoymercedes.com.ar\/principal\/wp-json\/wp\/v2\/posts\/40692","targetHints":{"allow":["GET"]}}],"collection":[{"href":"https:\/\/www.hoymercedes.com.ar\/principal\/wp-json\/wp\/v2\/posts"}],"about":[{"href":"https:\/\/www.hoymercedes.com.ar\/principal\/wp-json\/wp\/v2\/types\/post"}],"author":[{"embeddable":true,"href":"https:\/\/www.hoymercedes.com.ar\/principal\/wp-json\/wp\/v2\/users\/1"}],"replies":[{"embeddable":true,"href":"https:\/\/www.hoymercedes.com.ar\/principal\/wp-json\/wp\/v2\/comments?post=40692"}],"version-history":[{"count":0,"href":"https:\/\/www.hoymercedes.com.ar\/principal\/wp-json\/wp\/v2\/posts\/40692\/revisions"}],"wp:featuredmedia":[{"embeddable":true,"href":"https:\/\/www.hoymercedes.com.ar\/principal\/wp-json\/wp\/v2\/media\/40696"}],"wp:attachment":[{"href":"https:\/\/www.hoymercedes.com.ar\/principal\/wp-json\/wp\/v2\/media?parent=40692"}],"wp:term":[{"taxonomy":"category","embeddable":true,"href":"https:\/\/www.hoymercedes.com.ar\/principal\/wp-json\/wp\/v2\/categories?post=40692"},{"taxonomy":"post_tag","embeddable":true,"href":"https:\/\/www.hoymercedes.com.ar\/principal\/wp-json\/wp\/v2\/tags?post=40692"}],"curies":[{"name":"wp","href":"https:\/\/api.w.org\/{rel}","templated":true}]}}