{"id":40710,"date":"2015-04-11T10:34:35","date_gmt":"2015-04-11T13:34:35","guid":{"rendered":"http:\/\/www.hoymercedes.com.ar\/principal\/?p=40710"},"modified":"2015-04-16T10:10:38","modified_gmt":"2015-04-16T13:10:38","slug":"se-suspende-la-fiesta-provincial-de-la-torta-frita","status":"publish","type":"post","link":"https:\/\/www.hoymercedes.com.ar\/principal\/2015\/04\/11\/se-suspende-la-fiesta-provincial-de-la-torta-frita\/","title":{"rendered":"Reprograman Fiesta de la Torta Frita para el 18 y 19 pr\u00f3ximos"},"content":{"rendered":"<p><a href=\"https:\/\/www.hoymercedes.com.ar\/principal\/wp-content\/uploads\/2015\/04\/fecha-postergada-01.jpg\"><img loading=\"lazy\" decoding=\"async\" data-attachment-id=\"40717\" data-permalink=\"https:\/\/www.hoymercedes.com.ar\/principal\/2015\/04\/11\/se-suspende-la-fiesta-provincial-de-la-torta-frita\/fecha-postergada-01\/#main\" data-orig-file=\"https:\/\/www.hoymercedes.com.ar\/principal\/wp-content\/uploads\/2015\/04\/fecha-postergada-01.jpg\" data-orig-size=\"620,887\" data-comments-opened=\"1\" data-image-meta=\"{&quot;aperture&quot;:&quot;0&quot;,&quot;credit&quot;:&quot;&quot;,&quot;camera&quot;:&quot;&quot;,&quot;caption&quot;:&quot;&quot;,&quot;created_timestamp&quot;:&quot;0&quot;,&quot;copyright&quot;:&quot;&quot;,&quot;focal_length&quot;:&quot;0&quot;,&quot;iso&quot;:&quot;0&quot;,&quot;shutter_speed&quot;:&quot;0&quot;,&quot;title&quot;:&quot;&quot;,&quot;orientation&quot;:&quot;0&quot;}\" data-image-title=\"fecha postergada-01\" data-image-description=\"\" data-image-caption=\"\" data-large-file=\"https:\/\/www.hoymercedes.com.ar\/principal\/wp-content\/uploads\/2015\/04\/fecha-postergada-01.jpg\" class=\"Img2014 aligncenter wp-image-40717 size-full\" src=\"https:\/\/www.hoymercedes.com.ar\/principal\/wp-content\/uploads\/2015\/04\/fecha-postergada-01.jpg\" alt=\"fecha postergada-01\" width=\"620\" height=\"887\" srcset=\"https:\/\/www.hoymercedes.com.ar\/principal\/wp-content\/uploads\/2015\/04\/fecha-postergada-01.jpg 620w, https:\/\/www.hoymercedes.com.ar\/principal\/wp-content\/uploads\/2015\/04\/fecha-postergada-01-433x620.jpg 433w\" sizes=\"auto, (max-width: 620px) 100vw, 620px\" \/><\/a><\/p>\n<p><em><strong>Ser\u00e1 el pr\u00f3ximo fin de semana, 18 y 19 de abril. Desde la Municipalidad y la organizaci\u00f3n de la fiesta se informa que dadas las inclemencias del tiempo y que se trata de un espacio al aire libre la Fiesta Provincial de la Torta Frita programada para \u00e9ste fin de semana se suspende.\u00a0<\/strong><\/em><\/p>\n<p>Recordemos que al realizarse en el Parque Municipal Independencia es muy dif\u00edcil desarrollarla por el barro, el no ser un \u00e1mbito techado y por la tradici\u00f3n de desfilar con caballos y carruajes, adem\u00e1s de otros atractivos campestres.<\/p>\n<p>La fiesta mantendr\u00e1 la misma organizaci\u00f3n, horarios, propuestas art\u00edsticas, gastron\u00f3micas y tradiciones.<\/p>\n<p>&nbsp;<\/p>\n<p>&nbsp;<\/p>\n","protected":false},"excerpt":{"rendered":"<p>Ser\u00e1 el pr\u00f3ximo fin de semana, 18 y 19 de abril. Desde la Municipalidad y la organizaci\u00f3n de la fiesta &#8230; <a title=\"Reprograman Fiesta de la Torta Frita para el 18 y 19 pr\u00f3ximos\" class=\"read-more\" href=\"https:\/\/www.hoymercedes.com.ar\/principal\/2015\/04\/11\/se-suspende-la-fiesta-provincial-de-la-torta-frita\/\" aria-label=\"Leer m\u00e1s sobre Reprograman Fiesta de la Torta Frita para el 18 y 19 pr\u00f3ximos\">Leer m\u00e1s<\/a><\/p>\n","protected":false},"author":1,"featured_media":40733,"comment_status":"open","ping_status":"open","sticky":false,"template":"","format":"standard","meta":{"_monsterinsights_skip_tracking":false,"_monsterinsights_sitenote_active":false,"_monsterinsights_sitenote_note":"","_monsterinsights_sitenote_category":0,"jetpack_post_was_ever_published":false,"_jetpack_newsletter_access":"","_jetpack_dont_email_post_to_subs":false,"_jetpack_newsletter_tier_id":0,"_jetpack_memberships_contains_paywalled_content":false,"_jetpack_memberships_contains_paid_content":false,"footnotes":"","jetpack_publicize_message":"","jetpack_publicize_feature_enabled":true,"jetpack_social_post_already_shared":true,"jetpack_social_options":{"image_generator_settings":{"template":"highway","default_image_id":0,"font":"","enabled":false},"version":2},"_wpas_customize_per_network":false},"categories":[8],"tags":[2057,10],"class_list":["post-40710","post","type-post","status-publish","format-standard","has-post-thumbnail","hentry","category-sociedad","tag-fiesta-de-la-torta-frita","tag-mercedes","generate-columns","tablet-grid-50","mobile-grid-100","grid-parent","grid-50"],"jetpack_publicize_connections":[],"jetpack_featured_media_url":"https:\/\/www.hoymercedes.com.ar\/principal\/wp-content\/uploads\/2015\/04\/fiesta-tortafrita-18y19.jpg","wps_subtitle":"Por el clima","jetpack_sharing_enabled":true,"_links":{"self":[{"href":"https:\/\/www.hoymercedes.com.ar\/principal\/wp-json\/wp\/v2\/posts\/40710","targetHints":{"allow":["GET"]}}],"collection":[{"href":"https:\/\/www.hoymercedes.com.ar\/principal\/wp-json\/wp\/v2\/posts"}],"about":[{"href":"https:\/\/www.hoymercedes.com.ar\/principal\/wp-json\/wp\/v2\/types\/post"}],"author":[{"embeddable":true,"href":"https:\/\/www.hoymercedes.com.ar\/principal\/wp-json\/wp\/v2\/users\/1"}],"replies":[{"embeddable":true,"href":"https:\/\/www.hoymercedes.com.ar\/principal\/wp-json\/wp\/v2\/comments?post=40710"}],"version-history":[{"count":0,"href":"https:\/\/www.hoymercedes.com.ar\/principal\/wp-json\/wp\/v2\/posts\/40710\/revisions"}],"wp:featuredmedia":[{"embeddable":true,"href":"https:\/\/www.hoymercedes.com.ar\/principal\/wp-json\/wp\/v2\/media\/40733"}],"wp:attachment":[{"href":"https:\/\/www.hoymercedes.com.ar\/principal\/wp-json\/wp\/v2\/media?parent=40710"}],"wp:term":[{"taxonomy":"category","embeddable":true,"href":"https:\/\/www.hoymercedes.com.ar\/principal\/wp-json\/wp\/v2\/categories?post=40710"},{"taxonomy":"post_tag","embeddable":true,"href":"https:\/\/www.hoymercedes.com.ar\/principal\/wp-json\/wp\/v2\/tags?post=40710"}],"curies":[{"name":"wp","href":"https:\/\/api.w.org\/{rel}","templated":true}]}}