{"id":40713,"date":"2015-04-11T15:32:22","date_gmt":"2015-04-11T18:32:22","guid":{"rendered":"http:\/\/www.hoymercedes.com.ar\/principal\/?p=40713"},"modified":"2015-04-16T10:10:43","modified_gmt":"2015-04-16T13:10:43","slug":"basta-de-jueces-saca-presos-sostiene-el-frente-renovador-mercedes","status":"publish","type":"post","link":"https:\/\/www.hoymercedes.com.ar\/principal\/2015\/04\/11\/basta-de-jueces-saca-presos-sostiene-el-frente-renovador-mercedes\/","title":{"rendered":"\u201cBasta de jueces saca presos\u201d sostiene el Frente Renovador Mercedes"},"content":{"rendered":"<p><a href=\"https:\/\/www.hoymercedes.com.ar\/principal\/wp-content\/uploads\/2015\/04\/basta-jueves-frm.jpg\"><img loading=\"lazy\" decoding=\"async\" data-attachment-id=\"40714\" data-permalink=\"https:\/\/www.hoymercedes.com.ar\/principal\/2015\/04\/11\/basta-de-jueces-saca-presos-sostiene-el-frente-renovador-mercedes\/basta-jueves-frm\/#main\" data-orig-file=\"https:\/\/www.hoymercedes.com.ar\/principal\/wp-content\/uploads\/2015\/04\/basta-jueves-frm.jpg\" data-orig-size=\"620,387\" data-comments-opened=\"1\" data-image-meta=\"{&quot;aperture&quot;:&quot;0&quot;,&quot;credit&quot;:&quot;&quot;,&quot;camera&quot;:&quot;&quot;,&quot;caption&quot;:&quot;&quot;,&quot;created_timestamp&quot;:&quot;0&quot;,&quot;copyright&quot;:&quot;&quot;,&quot;focal_length&quot;:&quot;0&quot;,&quot;iso&quot;:&quot;0&quot;,&quot;shutter_speed&quot;:&quot;0&quot;,&quot;title&quot;:&quot;&quot;,&quot;orientation&quot;:&quot;0&quot;}\" data-image-title=\"basta-jueves-frm\" data-image-description=\"\" data-image-caption=\"\" data-large-file=\"https:\/\/www.hoymercedes.com.ar\/principal\/wp-content\/uploads\/2015\/04\/basta-jueves-frm.jpg\" class=\"Img2014 aligncenter wp-image-40714 size-full\" title=\"Frente Renovador Mercedes\" src=\"https:\/\/www.hoymercedes.com.ar\/principal\/wp-content\/uploads\/2015\/04\/basta-jueves-frm.jpg\" alt=\"basta-jueves-frm\" width=\"620\" height=\"387\" \/><\/a><\/p>\n<p><strong><em>El Frente Renovador conducido por Carlos Selva iniciar\u00e1 campa\u00f1a de junta de firma contra \u201clos jueces saca presos\u201d y la figura del candidato a la Corte Suprema de la Justicia de la Naci\u00f3n de Roberto Carl\u00e9s.<\/em><\/strong><\/p>\n<p>La Agrupaci\u00f3n 17 de Octubre enmarcada en el Frente Renovador junto a Sergio Massa ha vuelvo a expresar la necesidad de actuar en beneficio de toda la sociedad y en los n\u00facleos cr\u00edticos, como es la justicia. Por eso se suman e impulsan la campa\u00f1a: \u201cbasta de jueces saca presos\u201d que busca poner en debate la designaci\u00f3n y rol de los responsables de impartir justicia.<\/p>\n<p>Carlos Selva mantuvo un nuevo encuentro con la militancia y vecinos que se acercaron al local partidario de avenida 30 donde en un di\u00e1logo fluido y extenso expresaron la necesidad de encarar la campa\u00f1a y llevarla a todos los rincones de la ciudad, tal como desde el Frente Renovador se har\u00e1 en cada punto del pa\u00eds.<\/p>\n<p>El primer mandatario local record\u00f3 a los presentes que \u201c<em>gracias al gran esfuerzo y decisi\u00f3n del pasado logramos frenar el avance que quer\u00edan hacer sobre el c\u00f3digo penal, del cual no se volvi\u00f3 a hablar\u201d<\/em> y no es <em>\u201ccasualidad, es la fuerza de la ciudadan\u00eda que se expres\u00f3\u201d<\/em>, afirm\u00f3 uno de los intendentes que impuls\u00f3 la junta de firmas en aquel entonces.<\/p>\n<p>Vecinos, juventud, concejales, funcionarios, amigos, muchos fueron los que \u00e9ste jueves dieron un si fuerte a la acci\u00f3n que pronto recorrer\u00e1 la ciudad para que todos los mercedinos preocupados por el rol de la justicia, la intenci\u00f3n de designar a Roberto Carl\u00e9s como pr\u00f3ximo integrante de la Corte Suprema de Justicia y la necesidad de atender el tema con seriedad puedan acompa\u00f1ar, con su firma, el no a la designaci\u00f3n de \u201cJueces saca presos\u201d.<\/p>\n<p>Al respecto, Sergio Massa sostuvo: \u201cLes pedimos a los senadores que por una vez en la vida piensen en las v\u00edctimas. Proponemos con esta campa\u00f1a que se cumpla con la ley, vemos todos los d\u00edas a jueces que liberan con 2\/3 o hasta la mitad de la condena, vemos que el verso de la buena conducta y trampas procesales generan excarcelaciones sistem\u00e1ticas y lo que termina pasando es que esa l\u00f3gica de que no haya castigo ni pena termina generando da\u00f1o en la sociedad. En los casos m\u00e1s atroces que hemos visto, como lo de Axel L\u00f3pez, pero adem\u00e1s de escuchar a v\u00edctimas en todo el pa\u00eds, lo primero que vemos es al Estado protegiendo al delincuente y no al ciudadano com\u00fan. Planteamos que la v\u00edctima tiene que estar protegida, con un cuerpo de abogados que la defienda m\u00e1s all\u00e1 del rol del fiscal, una mirada econ\u00f3mica vinculada\u00a0 a lo que tambi\u00e9n pierde la v\u00edctima y un orden sancionatorio. Las sociedades funcionan con premios y castigos, protejamos a la v\u00edctima y tengamos firmeza contra el delincuente\u201d.<\/p>\n<p>Asimismo, consultado sobre la designaci\u00f3n de Carl\u00e9s que se tratar\u00e1 en la C\u00e1mara de Senadores, Massa agreg\u00f3: \u201cEs el mismo redactor del C\u00f3digo Penal que la mayor\u00eda de la sociedad argentina con su firma dijo que no y por eso lo tuvieron que esconder. Es nocivo plantear que se pretenda escribir con doctrina lo que no se pudo con ley. Convoquemos a los argentinos para darles un mensaje a los senadores de que no queremos m\u00e1s jueces sacapresos. Tienen que decirle a la sociedad argentina que no vamos a permitir que esta idea que no pudieron imponernos por el C\u00f3digo Penal, nos la puedan querer imponer por la doctrina sentando un juez de la Corta Suprema de la Naci\u00f3n\u201d.<\/p>\n<p>Por \u00faltimo, Massa explic\u00f3: \u201cEs importante que esto no tenga bander\u00eda pol\u00edtica. Lo planteamos con firmas en la calle y en internet, desde Facebook y Twitter, para que \u00e9sta campa\u00f1a de jueces saca presos sea independiente de la campa\u00f1a electoral. Hoy nos acompa\u00f1aron peronistas, radicales e independientes, queremos invitar a todos a darle un mensaje a la sociedad de que se termine con la justicia militante protegiendo a los delincuentes. El que vive dentro de la ley y paga sus impuestos debe ser protegido por el Estado\u201d.<\/p>\n<p>&nbsp;<\/p>\n<p>&nbsp;<\/p>\n<p>&nbsp;<\/p>\n","protected":false},"excerpt":{"rendered":"<p>El Frente Renovador conducido por Carlos Selva iniciar\u00e1 campa\u00f1a de junta de firma contra \u201clos jueces saca presos\u201d y la &#8230; <a title=\"\u201cBasta de jueces saca presos\u201d sostiene el Frente Renovador Mercedes\" class=\"read-more\" href=\"https:\/\/www.hoymercedes.com.ar\/principal\/2015\/04\/11\/basta-de-jueces-saca-presos-sostiene-el-frente-renovador-mercedes\/\" aria-label=\"Leer m\u00e1s sobre \u201cBasta de jueces saca presos\u201d sostiene el Frente Renovador Mercedes\">Leer m\u00e1s<\/a><\/p>\n","protected":false},"author":1,"featured_media":40714,"comment_status":"open","ping_status":"open","sticky":false,"template":"","format":"standard","meta":{"_monsterinsights_skip_tracking":false,"_monsterinsights_sitenote_active":false,"_monsterinsights_sitenote_note":"","_monsterinsights_sitenote_category":0,"jetpack_post_was_ever_published":false,"_jetpack_newsletter_access":"","_jetpack_dont_email_post_to_subs":false,"_jetpack_newsletter_tier_id":0,"_jetpack_memberships_contains_paywalled_content":false,"_jetpack_memberships_contains_paid_content":false,"footnotes":"","jetpack_publicize_message":"","jetpack_publicize_feature_enabled":true,"jetpack_social_post_already_shared":true,"jetpack_social_options":{"image_generator_settings":{"template":"highway","default_image_id":0,"font":"","enabled":false},"version":2},"_wpas_customize_per_network":false},"categories":[5],"tags":[7163,3647],"class_list":["post-40713","post","type-post","status-publish","format-standard","has-post-thumbnail","hentry","category-politica","tag-basta-de-jueces-saca-presos","tag-frente-renovador-mercedes","generate-columns","tablet-grid-50","mobile-grid-100","grid-parent","grid-50"],"jetpack_publicize_connections":[],"jetpack_featured_media_url":"https:\/\/www.hoymercedes.com.ar\/principal\/wp-content\/uploads\/2015\/04\/basta-jueves-frm.jpg","wps_subtitle":"Campa\u00f1a 2015 ","jetpack_sharing_enabled":true,"jetpack-related-posts":[{"id":40792,"url":"https:\/\/www.hoymercedes.com.ar\/principal\/2015\/04\/14\/satisfaccion-en-fr-por-recoleccion-de-firmas-en-campana-basta-de-jueces-saca-presos\/","url_meta":{"origin":40713,"position":0},"title":"Satisfacci\u00f3n en FR por recolecci\u00f3n de firmas en campa\u00f1a: \u201cBasta de jueces saca presos\u201d","author":"hoymercedes","date":"14 abril, 2015","format":false,"excerpt":"\u00a0 Desde de el Frente Renovador Mercedes manifestaron que: \"A poco de iniciarse se convirti\u00f3 en un \u00e9xito la convocatoria\" de de junta de firmas de la campa\u00f1a \u201cbasta de jueves saca presos\u201d, lanzada con el objetivo de que se revean las formas de incorporaci\u00f3n de jueces al sistema de\u2026","rel":"","context":"En \u00abPol\u00edtica\u00bb","block_context":{"text":"Pol\u00edtica","link":"https:\/\/www.hoymercedes.com.ar\/principal\/category\/politica\/"},"img":{"alt_text":"bastadejueces-mercedes","src":"https:\/\/i0.wp.com\/www.hoymercedes.com.ar\/principal\/wp-content\/uploads\/2015\/04\/bastadejueces-mercedes.jpg?resize=350%2C200","width":350,"height":200,"srcset":"https:\/\/i0.wp.com\/www.hoymercedes.com.ar\/principal\/wp-content\/uploads\/2015\/04\/bastadejueces-mercedes.jpg?resize=350%2C200 1x, https:\/\/i0.wp.com\/www.hoymercedes.com.ar\/principal\/wp-content\/uploads\/2015\/04\/bastadejueces-mercedes.jpg?resize=525%2C300 1.5x"},"classes":[]},{"id":43525,"url":"https:\/\/www.hoymercedes.com.ar\/principal\/2015\/07\/31\/felipe-sola-visito-la-ciudad-y-se-reunio-con-el-intendente-selva\/","url_meta":{"origin":40713,"position":1},"title":"Felipe Sol\u00e1 visit\u00f3 la ciudad y se reuni\u00f3 con el intendente Selva","author":"hoymercedes","date":"31 julio, 2015","format":false,"excerpt":"\u00a0 El precandidato a gobernador de la provincia de Buenos Aires con mayor intenci\u00f3n de votos seg\u00fan todas las encuestadoras, Felipe Sol\u00e1, pas\u00f3 por nuestra ciudad, en plena recorrida a las ciudades de Suipacha y Chivilcoy, para tomar un caf\u00e9 con el precandidato a diputado nacional por el Frente Renovador\u2026","rel":"","context":"En \u00abPol\u00edtica\u00bb","block_context":{"text":"Pol\u00edtica","link":"https:\/\/www.hoymercedes.com.ar\/principal\/category\/politica\/"},"img":{"alt_text":"","src":"https:\/\/i0.wp.com\/www.hoymercedes.com.ar\/principal\/wp-content\/uploads\/2015\/07\/selva.sola_.jpg?resize=350%2C200&ssl=1","width":350,"height":200,"srcset":"https:\/\/i0.wp.com\/www.hoymercedes.com.ar\/principal\/wp-content\/uploads\/2015\/07\/selva.sola_.jpg?resize=350%2C200&ssl=1 1x, https:\/\/i0.wp.com\/www.hoymercedes.com.ar\/principal\/wp-content\/uploads\/2015\/07\/selva.sola_.jpg?resize=525%2C300&ssl=1 1.5x"},"classes":[]},{"id":141081,"url":"https:\/\/www.hoymercedes.com.ar\/principal\/2021\/12\/06\/selva-fue-parte-del-encuentro-del-frente-renovador\/","url_meta":{"origin":40713,"position":2},"title":"Selva fue parte del encuentro del Frente Renovador","author":"hoymercedes","date":"6 diciembre, 2021","format":false,"excerpt":"El Frente Renovador que comanda\u00a0Sergio Massa\u00a0reuni\u00f3 a su mesa provincial de intendentes y diputados, y entre los convocados estuvo el mercedino\u00a0Carlos Selva. El \"c\u00f3nclave\" tuvo lugar este fin de semana. El l\u00edder del espacio, Sergio Massa, convoc\u00f3 a sus referentes bonaerenses con el objetivo de sentar posiciones para los pr\u00f3ximos\u2026","rel":"","context":"En \u00abPol\u00edtica\u00bb","block_context":{"text":"Pol\u00edtica","link":"https:\/\/www.hoymercedes.com.ar\/principal\/category\/politica\/"},"img":{"alt_text":"","src":"https:\/\/i0.wp.com\/www.hoymercedes.com.ar\/principal\/wp-content\/uploads\/2021\/12\/selva-en-FR.jpg?resize=350%2C200&ssl=1","width":350,"height":200,"srcset":"https:\/\/i0.wp.com\/www.hoymercedes.com.ar\/principal\/wp-content\/uploads\/2021\/12\/selva-en-FR.jpg?resize=350%2C200&ssl=1 1x, https:\/\/i0.wp.com\/www.hoymercedes.com.ar\/principal\/wp-content\/uploads\/2021\/12\/selva-en-FR.jpg?resize=525%2C300&ssl=1 1.5x, https:\/\/i0.wp.com\/www.hoymercedes.com.ar\/principal\/wp-content\/uploads\/2021\/12\/selva-en-FR.jpg?resize=700%2C400&ssl=1 2x"},"classes":[]},{"id":30754,"url":"https:\/\/www.hoymercedes.com.ar\/principal\/2014\/03\/14\/selva-junto-a-massa-en-lanzamiento-de-campana-contra-la-reforma-al-codigo-penal\/","url_meta":{"origin":40713,"position":3},"title":"Selva, junto a Massa en lanzamiento de campa\u00f1a contra la reforma al c\u00f3digo penal","author":"hoymercedes","date":"14 marzo, 2014","format":false,"excerpt":"El intendente Carlos Selva estuvo este jueves a la tarde en el teatro Nin\u00ed Marshall de la localidad de Tigre, donde el diputado nacional Sergio Massa presento oficialmente la campa\u00f1a de junta de 5 millones de firmas contra la reforma del c\u00f3digo penal. El primer mandatario mercedino fue parte del\u2026","rel":"","context":"En \u00abPol\u00edtica\u00bb","block_context":{"text":"Pol\u00edtica","link":"https:\/\/www.hoymercedes.com.ar\/principal\/category\/politica\/"},"img":{"alt_text":"selva-massa","src":"https:\/\/i0.wp.com\/www.hoymercedes.com.ar\/principal\/wp-content\/uploads\/2014\/03\/selva-massa1.jpg?resize=350%2C200","width":350,"height":200,"srcset":"https:\/\/i0.wp.com\/www.hoymercedes.com.ar\/principal\/wp-content\/uploads\/2014\/03\/selva-massa1.jpg?resize=350%2C200 1x, https:\/\/i0.wp.com\/www.hoymercedes.com.ar\/principal\/wp-content\/uploads\/2014\/03\/selva-massa1.jpg?resize=525%2C300 1.5x"},"classes":[]},{"id":62612,"url":"https:\/\/www.hoymercedes.com.ar\/principal\/2017\/05\/10\/carlos-selva-el-unico-que-se-ha-hecho-el-distraido-es-el-presidente-macri\/","url_meta":{"origin":40713,"position":4},"title":"Carlos Selva: \u201cEl \u00fanico que se ha hecho el distra\u00eddo es el presidente Macri\u201d","author":"hoymercedes","date":"10 mayo, 2017","format":false,"excerpt":"El diputado nacional del Frente Renovador, Carlos Selva, dio el presente en la \u00faltima sesi\u00f3n de la C\u00e1mara Baja y aprob\u00f3 la reforma en la ley que permiti\u00f3 a la Corte la aplicaci\u00f3n del beneficio del 2\u00d71 a autores de delitos de lesa humanidad. Cuestion\u00f3 duramente al presidente de la\u2026","rel":"","context":"En \u00abPol\u00edtica\u00bb","block_context":{"text":"Pol\u00edtica","link":"https:\/\/www.hoymercedes.com.ar\/principal\/category\/politica\/"},"img":{"alt_text":"","src":"https:\/\/i0.wp.com\/www.hoymercedes.com.ar\/principal\/wp-content\/uploads\/2017\/05\/10-carlos-selva.jpg?resize=350%2C200&ssl=1","width":350,"height":200,"srcset":"https:\/\/i0.wp.com\/www.hoymercedes.com.ar\/principal\/wp-content\/uploads\/2017\/05\/10-carlos-selva.jpg?resize=350%2C200&ssl=1 1x, https:\/\/i0.wp.com\/www.hoymercedes.com.ar\/principal\/wp-content\/uploads\/2017\/05\/10-carlos-selva.jpg?resize=525%2C300&ssl=1 1.5x"},"classes":[]},{"id":46527,"url":"https:\/\/www.hoymercedes.com.ar\/principal\/2015\/12\/18\/carlos-selva-con-un-fin-de-ano-a-agenda-plena\/","url_meta":{"origin":40713,"position":5},"title":"Carlos Selva con un fin de a\u00f1o a agenda plena","author":"hoymercedes","date":"18 diciembre, 2015","format":false,"excerpt":"El ex intendente y ahora Diputado Nacional, Carlos Selva, termina un a\u00f1o con una agenda bastante movida. Se lo observ\u00f3 d\u00edas atr\u00e1s en la asunci\u00f3n del intendente de San Andr\u00e9s de Giles Carlos Puglelli junto a Massa, Galmarini y Sol\u00e1. Luego con el nuevamente gobernador Das Neves. Ahora, por medio\u2026","rel":"","context":"En \u00abPol\u00edtica\u00bb","block_context":{"text":"Pol\u00edtica","link":"https:\/\/www.hoymercedes.com.ar\/principal\/category\/politica\/"},"img":{"alt_text":"","src":"https:\/\/i0.wp.com\/www.hoymercedes.com.ar\/principal\/wp-content\/uploads\/2015\/12\/selva-una-2.jpg?resize=350%2C200&ssl=1","width":350,"height":200,"srcset":"https:\/\/i0.wp.com\/www.hoymercedes.com.ar\/principal\/wp-content\/uploads\/2015\/12\/selva-una-2.jpg?resize=350%2C200&ssl=1 1x, https:\/\/i0.wp.com\/www.hoymercedes.com.ar\/principal\/wp-content\/uploads\/2015\/12\/selva-una-2.jpg?resize=525%2C300&ssl=1 1.5x"},"classes":[]}],"_links":{"self":[{"href":"https:\/\/www.hoymercedes.com.ar\/principal\/wp-json\/wp\/v2\/posts\/40713","targetHints":{"allow":["GET"]}}],"collection":[{"href":"https:\/\/www.hoymercedes.com.ar\/principal\/wp-json\/wp\/v2\/posts"}],"about":[{"href":"https:\/\/www.hoymercedes.com.ar\/principal\/wp-json\/wp\/v2\/types\/post"}],"author":[{"embeddable":true,"href":"https:\/\/www.hoymercedes.com.ar\/principal\/wp-json\/wp\/v2\/users\/1"}],"replies":[{"embeddable":true,"href":"https:\/\/www.hoymercedes.com.ar\/principal\/wp-json\/wp\/v2\/comments?post=40713"}],"version-history":[{"count":0,"href":"https:\/\/www.hoymercedes.com.ar\/principal\/wp-json\/wp\/v2\/posts\/40713\/revisions"}],"wp:featuredmedia":[{"embeddable":true,"href":"https:\/\/www.hoymercedes.com.ar\/principal\/wp-json\/wp\/v2\/media\/40714"}],"wp:attachment":[{"href":"https:\/\/www.hoymercedes.com.ar\/principal\/wp-json\/wp\/v2\/media?parent=40713"}],"wp:term":[{"taxonomy":"category","embeddable":true,"href":"https:\/\/www.hoymercedes.com.ar\/principal\/wp-json\/wp\/v2\/categories?post=40713"},{"taxonomy":"post_tag","embeddable":true,"href":"https:\/\/www.hoymercedes.com.ar\/principal\/wp-json\/wp\/v2\/tags?post=40713"}],"curies":[{"name":"wp","href":"https:\/\/api.w.org\/{rel}","templated":true}]}}