{"id":40729,"date":"2015-04-11T19:50:08","date_gmt":"2015-04-11T22:50:08","guid":{"rendered":"http:\/\/www.hoymercedes.com.ar\/principal\/?p=40729"},"modified":"2015-05-11T09:39:57","modified_gmt":"2015-05-11T12:39:57","slug":"volvio-a-reunirse-el-comite-por-la-cuenca-del-rio-lujan","status":"publish","type":"post","link":"https:\/\/www.hoymercedes.com.ar\/principal\/2015\/04\/11\/volvio-a-reunirse-el-comite-por-la-cuenca-del-rio-lujan\/","title":{"rendered":"Volvi\u00f3 a reunirse el Comit\u00e9 por la Cuenca del R\u00edo Luj\u00e1n"},"content":{"rendered":"<p><a href=\"https:\/\/www.hoymercedes.com.ar\/principal\/wp-content\/uploads\/2015\/04\/cuenca-rio-lujan.jpg\"><img loading=\"lazy\" decoding=\"async\" data-attachment-id=\"40730\" data-permalink=\"https:\/\/www.hoymercedes.com.ar\/principal\/2015\/04\/11\/volvio-a-reunirse-el-comite-por-la-cuenca-del-rio-lujan\/cuenca-rio-lujan\/#main\" data-orig-file=\"https:\/\/www.hoymercedes.com.ar\/principal\/wp-content\/uploads\/2015\/04\/cuenca-rio-lujan.jpg\" data-orig-size=\"620,348\" data-comments-opened=\"1\" data-image-meta=\"{&quot;aperture&quot;:&quot;0&quot;,&quot;credit&quot;:&quot;&quot;,&quot;camera&quot;:&quot;&quot;,&quot;caption&quot;:&quot;&quot;,&quot;created_timestamp&quot;:&quot;0&quot;,&quot;copyright&quot;:&quot;&quot;,&quot;focal_length&quot;:&quot;0&quot;,&quot;iso&quot;:&quot;0&quot;,&quot;shutter_speed&quot;:&quot;0&quot;,&quot;title&quot;:&quot;&quot;,&quot;orientation&quot;:&quot;0&quot;}\" data-image-title=\"cuenca-rio-lujan\" data-image-description=\"\" data-image-caption=\"\" data-large-file=\"https:\/\/www.hoymercedes.com.ar\/principal\/wp-content\/uploads\/2015\/04\/cuenca-rio-lujan.jpg\" class=\"Img2014 aligncenter wp-image-40730 size-full\" src=\"https:\/\/www.hoymercedes.com.ar\/principal\/wp-content\/uploads\/2015\/04\/cuenca-rio-lujan.jpg\" alt=\"cuenca-rio-lujan\" width=\"620\" height=\"348\" \/><\/a><\/p>\n<p><em><strong>El pasado jueves se realiz\u00f3 en la ciudad de Pilar una reuni\u00f3n extraordinaria del Comit\u00e9 de la Cuenca H\u00eddrica del R\u00edo Luj\u00e1n Regi\u00f3n A con la presencia de representantes de las comunas de Luj\u00e1n, Campana, General Rodr\u00edguez, Pilar y Mercedes y Funcionarios de la Autoridad del Agua.<\/strong><\/em><\/p>\n<p>El objetivo de la misma fue la evaluaci\u00f3n de la situaci\u00f3n planteada ante la sanci\u00f3n de la ley de creaci\u00f3n del Comit\u00e9 de Cuenca del R\u00edo Luj\u00e1n -COMILU- por parte de la Honorable C\u00e1mara de Senadores de la Provincia de Buenos Aires acord\u00e1ndose diferentes l\u00edneas de acci\u00f3n a consensuar entre los intendentes de los municipios integrantes de la misma.<\/p>\n<p>En representaci\u00f3n de la gesti\u00f3n municipal del intendente Carlos Selva estuvieron Oscar L\u00f3pez y Juan Carlos Su\u00e1rez. Vale recordar que el intendente mercedino fue uno de los que promovi\u00f3 estos encuentros para encontrar una soluci\u00f3n global y colectiva al problema del r\u00edo Luj\u00e1n y sus desbordes.<\/p>\n","protected":false},"excerpt":{"rendered":"<p>El pasado jueves se realiz\u00f3 en la ciudad de Pilar una reuni\u00f3n extraordinaria del Comit\u00e9 de la Cuenca H\u00eddrica del &#8230; <a title=\"Volvi\u00f3 a reunirse el Comit\u00e9 por la Cuenca del R\u00edo Luj\u00e1n\" class=\"read-more\" href=\"https:\/\/www.hoymercedes.com.ar\/principal\/2015\/04\/11\/volvio-a-reunirse-el-comite-por-la-cuenca-del-rio-lujan\/\" aria-label=\"Leer m\u00e1s sobre Volvi\u00f3 a reunirse el Comit\u00e9 por la Cuenca del R\u00edo Luj\u00e1n\">Leer m\u00e1s<\/a><\/p>\n","protected":false},"author":1,"featured_media":0,"comment_status":"open","ping_status":"open","sticky":false,"template":"","format":"standard","meta":{"_monsterinsights_skip_tracking":false,"_monsterinsights_sitenote_active":false,"_monsterinsights_sitenote_note":"","_monsterinsights_sitenote_category":0,"jetpack_post_was_ever_published":false,"_jetpack_newsletter_access":"","_jetpack_dont_email_post_to_subs":false,"_jetpack_newsletter_tier_id":0,"_jetpack_memberships_contains_paywalled_content":false,"_jetpack_memberships_contains_paid_content":false,"footnotes":"","jetpack_publicize_message":"","jetpack_publicize_feature_enabled":true,"jetpack_social_post_already_shared":true,"jetpack_social_options":{"image_generator_settings":{"template":"highway","default_image_id":0,"font":"","enabled":false},"version":2},"_wpas_customize_per_network":false},"categories":[5],"tags":[7147],"class_list":["post-40729","post","type-post","status-publish","format-standard","hentry","category-politica","tag-cuenca-del-rio-lujan","generate-columns","tablet-grid-50","mobile-grid-100","grid-parent","grid-50"],"jetpack_publicize_connections":[],"jetpack_featured_media_url":"","wps_subtitle":"En Mercedes ","jetpack_sharing_enabled":true,"jetpack-related-posts":[{"id":64378,"url":"https:\/\/www.hoymercedes.com.ar\/principal\/2017\/06\/30\/en-pilar-hubo-una-nueva-reunion-del-comite-de-cuenca-del-rio-lujan\/","url_meta":{"origin":40729,"position":0},"title":"En Pilar hubo una nueva reuni\u00f3n del Comit\u00e9 de Cuenca del R\u00edo Luj\u00e1n","author":"hoymercedes","date":"30 junio, 2017","format":false,"excerpt":"Reunidos en la localidad de Pilar se design\u00f3 el nuevo directorio del \u201cComit\u00e9 de la Cuenca del R\u00edo Luj\u00e1n\u201d con participaci\u00f3n de intendentes y representantes de varios municipios. Juan Ignacio Ustarroz, primer mandatario local, asumi\u00f3 como uno de sus directores. El encuentro que re\u00fane a mandatarios y funcionarios de distintas\u2026","rel":"","context":"En \u00abMunicipio\u00bb","block_context":{"text":"Municipio","link":"https:\/\/www.hoymercedes.com.ar\/principal\/category\/municipio\/"},"img":{"alt_text":"","src":"https:\/\/i0.wp.com\/www.hoymercedes.com.ar\/principal\/wp-content\/uploads\/2017\/06\/30-Ustarroz-Cuenca-firma-a.jpg?resize=350%2C200&ssl=1","width":350,"height":200,"srcset":"https:\/\/i0.wp.com\/www.hoymercedes.com.ar\/principal\/wp-content\/uploads\/2017\/06\/30-Ustarroz-Cuenca-firma-a.jpg?resize=350%2C200&ssl=1 1x, https:\/\/i0.wp.com\/www.hoymercedes.com.ar\/principal\/wp-content\/uploads\/2017\/06\/30-Ustarroz-Cuenca-firma-a.jpg?resize=525%2C300&ssl=1 1.5x"},"classes":[]},{"id":153308,"url":"https:\/\/www.hoymercedes.com.ar\/principal\/2022\/09\/23\/nuevo-encuentro-del-comite-de-cuenca-del-rio-lujan\/","url_meta":{"origin":40729,"position":1},"title":"Nuevo encuentro del Comit\u00e9 de Cuenca del R\u00edo Luj\u00e1n","author":"hoymercedes","date":"23 septiembre, 2022","format":false,"excerpt":"Nardini encabez\u00f3 la reuni\u00f3n del Directorio de la Cuenca del R\u00edo Luj\u00e1n Junto a funcionarios y los intendentes de Lujan, Pilar y Mercedes hicieron un repaso por los trabajos que se est\u00e1n llevando a cabo en el cauce y se defini\u00f3 la conformaci\u00f3n de autoridades del Directorio del Comit\u00e9.","rel":"","context":"En \u00abProvincia\u00bb","block_context":{"text":"Provincia","link":"https:\/\/www.hoymercedes.com.ar\/principal\/category\/provincia\/"},"img":{"alt_text":"","src":"https:\/\/i0.wp.com\/www.hoymercedes.com.ar\/principal\/wp-content\/uploads\/2022\/09\/WhatsApp-Image-2022-09-23-at-2.34.29-PM.jpeg?resize=350%2C200&ssl=1","width":350,"height":200,"srcset":"https:\/\/i0.wp.com\/www.hoymercedes.com.ar\/principal\/wp-content\/uploads\/2022\/09\/WhatsApp-Image-2022-09-23-at-2.34.29-PM.jpeg?resize=350%2C200&ssl=1 1x, https:\/\/i0.wp.com\/www.hoymercedes.com.ar\/principal\/wp-content\/uploads\/2022\/09\/WhatsApp-Image-2022-09-23-at-2.34.29-PM.jpeg?resize=525%2C300&ssl=1 1.5x, https:\/\/i0.wp.com\/www.hoymercedes.com.ar\/principal\/wp-content\/uploads\/2022\/09\/WhatsApp-Image-2022-09-23-at-2.34.29-PM.jpeg?resize=700%2C400&ssl=1 2x"},"classes":[]},{"id":47557,"url":"https:\/\/www.hoymercedes.com.ar\/principal\/2016\/03\/03\/en-lujan-se-reunio-con-presencia-mercedina-el-comite-de-cuenca-del-rio-lujan\/","url_meta":{"origin":40729,"position":2},"title":"En Luj\u00e1n se reuni\u00f3, con presencia mercedina, el Comit\u00e9 de Cuenca del R\u00edo Lujan","author":"hoymercedes","date":"3 marzo, 2016","format":false,"excerpt":"En la vecina localidad de Luj\u00e1n durante la ma\u00f1ana de \u00e9ste jueves se llev\u00f3 adelante un encuentro del Comit\u00e9 de Cuenca del R\u00edo Luj\u00e1n. El intendente Oscar Lucciani ofici\u00f3 de anfitri\u00f3n. El mercedino Juan Ustarroz fue parte de la actividad. En la reuni\u00f3n estuvieron presentes el el subsecretario de Hidr\u00e1ulica\u2026","rel":"","context":"En \u00abSociedad\u00bb","block_context":{"text":"Sociedad","link":"https:\/\/www.hoymercedes.com.ar\/principal\/category\/sociedad\/"},"img":{"alt_text":"","src":"https:\/\/i0.wp.com\/www.hoymercedes.com.ar\/principal\/wp-content\/uploads\/2016\/03\/cuenca.reunion.3.3.16-2.jpg?resize=350%2C200&ssl=1","width":350,"height":200,"srcset":"https:\/\/i0.wp.com\/www.hoymercedes.com.ar\/principal\/wp-content\/uploads\/2016\/03\/cuenca.reunion.3.3.16-2.jpg?resize=350%2C200&ssl=1 1x, https:\/\/i0.wp.com\/www.hoymercedes.com.ar\/principal\/wp-content\/uploads\/2016\/03\/cuenca.reunion.3.3.16-2.jpg?resize=525%2C300&ssl=1 1.5x"},"classes":[]},{"id":12063,"url":"https:\/\/www.hoymercedes.com.ar\/principal\/2012\/04\/09\/comision-asesora-del-comite-de-cuenca-del-rio-lujan-trabaja-para-crear-corredor-biologico\/","url_meta":{"origin":40729,"position":3},"title":"Comisi\u00f3n Asesora del Comit\u00e9 de Cuenca del Rio Lujan trabaja para crear corredor biol\u00f3gico","author":"hoymercedes","date":"9 abril, 2012","format":false,"excerpt":"AGUAS ARRIBA, AGUAS ABAJO, LOS HUMEDALES NOS CONECTAN A TODOS, ese fue el lema DEL DIA MUNDIAL DE LOS HUMEDALES hace algunos a\u00f1os atr\u00e1s. Hoy varias instituciones de la cuenca del r\u00edo Luj\u00e1n, est\u00e1n intentando poner en marcha \u00e9sta conexi\u00f3n mediante proyectos que involucran a todos los Municipios. As\u00ed, hace\u2026","rel":"","context":"En \u00abSociedad\u00bb","block_context":{"text":"Sociedad","link":"https:\/\/www.hoymercedes.com.ar\/principal\/category\/sociedad\/"},"img":{"alt_text":"","src":"","width":0,"height":0},"classes":[]},{"id":151101,"url":"https:\/\/www.hoymercedes.com.ar\/principal\/2022\/07\/23\/comilu-se-llevo-a-cabo-una-nueva-reunion-por-obras-en-el-rio-lujan\/","url_meta":{"origin":40729,"position":4},"title":"ComiLu: se llev\u00f3 a cabo una nueva reuni\u00f3n por obras en el r\u00edo Luj\u00e1n","author":"hoymercedes","date":"23 julio, 2022","format":false,"excerpt":"El ministro de Infraestructura y Servicios P\u00fablicos bonaerense, Leonardo Nardini, encabez\u00f3 un reuni\u00f3n del Comit\u00e9 de la Cuenca del R\u00edo Luj\u00e1n. Participaron los intendentes Juan Ignacio Ustarroz de Mercedes y Leonardo Boto de Luj\u00e1n.","rel":"","context":"En \u00abSociedad\u00bb","block_context":{"text":"Sociedad","link":"https:\/\/www.hoymercedes.com.ar\/principal\/category\/sociedad\/"},"img":{"alt_text":"","src":"https:\/\/i0.wp.com\/www.hoymercedes.com.ar\/principal\/wp-content\/uploads\/2022\/07\/Comision-riolujan.jpeg?resize=350%2C200&ssl=1","width":350,"height":200,"srcset":"https:\/\/i0.wp.com\/www.hoymercedes.com.ar\/principal\/wp-content\/uploads\/2022\/07\/Comision-riolujan.jpeg?resize=350%2C200&ssl=1 1x, https:\/\/i0.wp.com\/www.hoymercedes.com.ar\/principal\/wp-content\/uploads\/2022\/07\/Comision-riolujan.jpeg?resize=525%2C300&ssl=1 1.5x, https:\/\/i0.wp.com\/www.hoymercedes.com.ar\/principal\/wp-content\/uploads\/2022\/07\/Comision-riolujan.jpeg?resize=700%2C400&ssl=1 2x"},"classes":[]},{"id":40577,"url":"https:\/\/www.hoymercedes.com.ar\/principal\/2015\/04\/05\/se-convirtio-en-ley-la-creacion-del-comite-de-cuenca-del-rio-lujan-impulsado-por-el-diputado-alberto-espana\/","url_meta":{"origin":40729,"position":5},"title":"Se convirti\u00f3 en ley la creaci\u00f3n del comit\u00e9 de cuenca del R\u00edo Luj\u00e1n impulsado por el Diputado Alberto Espa\u00f1a","author":"hoymercedes","date":"5 abril, 2015","format":false,"excerpt":"\u00a0 El Comit\u00e9 de Cuenca del R\u00edo Luj\u00e1n (COMILU) buscar\u00e1 preservar el recurso h\u00eddrico y gestionar el mismo de manera integral y sustentable. Uno de sus principales focos ser\u00e1 tomar medidas extraordinarias frente a las inundaciones que aquejan a las poblaciones aleda\u00f1as de la cuenca h\u00eddrica. La C\u00e1mara de Senadores\u2026","rel":"","context":"En \u00abPol\u00edtica\u00bb","block_context":{"text":"Pol\u00edtica","link":"https:\/\/www.hoymercedes.com.ar\/principal\/category\/politica\/"},"img":{"alt_text":"","src":"","width":0,"height":0},"classes":[]}],"_links":{"self":[{"href":"https:\/\/www.hoymercedes.com.ar\/principal\/wp-json\/wp\/v2\/posts\/40729","targetHints":{"allow":["GET"]}}],"collection":[{"href":"https:\/\/www.hoymercedes.com.ar\/principal\/wp-json\/wp\/v2\/posts"}],"about":[{"href":"https:\/\/www.hoymercedes.com.ar\/principal\/wp-json\/wp\/v2\/types\/post"}],"author":[{"embeddable":true,"href":"https:\/\/www.hoymercedes.com.ar\/principal\/wp-json\/wp\/v2\/users\/1"}],"replies":[{"embeddable":true,"href":"https:\/\/www.hoymercedes.com.ar\/principal\/wp-json\/wp\/v2\/comments?post=40729"}],"version-history":[{"count":0,"href":"https:\/\/www.hoymercedes.com.ar\/principal\/wp-json\/wp\/v2\/posts\/40729\/revisions"}],"wp:attachment":[{"href":"https:\/\/www.hoymercedes.com.ar\/principal\/wp-json\/wp\/v2\/media?parent=40729"}],"wp:term":[{"taxonomy":"category","embeddable":true,"href":"https:\/\/www.hoymercedes.com.ar\/principal\/wp-json\/wp\/v2\/categories?post=40729"},{"taxonomy":"post_tag","embeddable":true,"href":"https:\/\/www.hoymercedes.com.ar\/principal\/wp-json\/wp\/v2\/tags?post=40729"}],"curies":[{"name":"wp","href":"https:\/\/api.w.org\/{rel}","templated":true}]}}