{"id":40737,"date":"2015-04-12T21:26:05","date_gmt":"2015-04-13T00:26:05","guid":{"rendered":"http:\/\/www.hoymercedes.com.ar\/principal\/?p=40737"},"modified":"2015-05-05T22:57:42","modified_gmt":"2015-05-06T01:57:42","slug":"tras-allanamiento-detienen-a-paraguayo-con-gran-cantidad-de-droga","status":"publish","type":"post","link":"https:\/\/www.hoymercedes.com.ar\/principal\/2015\/04\/12\/tras-allanamiento-detienen-a-paraguayo-con-gran-cantidad-de-droga\/","title":{"rendered":"Tras allanamiento: detienen a paraguayo con gran cantidad de droga"},"content":{"rendered":"<p><a href=\"https:\/\/www.hoymercedes.com.ar\/principal\/wp-content\/uploads\/2015\/04\/policiabonaerense1.jpg\"><img loading=\"lazy\" decoding=\"async\" data-attachment-id=\"40738\" data-permalink=\"https:\/\/www.hoymercedes.com.ar\/principal\/2015\/04\/12\/tras-allanamiento-detienen-a-paraguayo-con-gran-cantidad-de-droga\/policiabonaerense-15\/#main\" data-orig-file=\"https:\/\/www.hoymercedes.com.ar\/principal\/wp-content\/uploads\/2015\/04\/policiabonaerense1.jpg\" data-orig-size=\"620,153\" data-comments-opened=\"1\" data-image-meta=\"{&quot;aperture&quot;:&quot;4&quot;,&quot;credit&quot;:&quot;&quot;,&quot;camera&quot;:&quot;DCR-DVD403&quot;,&quot;caption&quot;:&quot;&quot;,&quot;created_timestamp&quot;:&quot;1219921809&quot;,&quot;copyright&quot;:&quot;&quot;,&quot;focal_length&quot;:&quot;6.2&quot;,&quot;iso&quot;:&quot;0&quot;,&quot;shutter_speed&quot;:&quot;0.0111111111111&quot;,&quot;title&quot;:&quot;&quot;,&quot;orientation&quot;:&quot;0&quot;}\" data-image-title=\"policiabonaerense\" data-image-description=\"\" data-image-caption=\"\" data-large-file=\"https:\/\/www.hoymercedes.com.ar\/principal\/wp-content\/uploads\/2015\/04\/policiabonaerense1.jpg\" class=\"Img2014 aligncenter wp-image-40738 size-full\" src=\"https:\/\/www.hoymercedes.com.ar\/principal\/wp-content\/uploads\/2015\/04\/policiabonaerense1.jpg\" alt=\"policiabonaerense\" width=\"620\" height=\"153\" \/><\/a><\/p>\n<p><em><strong>Se llev\u00f3 a cabo un procedimiento de gran magnitud en nuestra ciudad. Las fuerzas que intervinieron fueron la Polic\u00eda de la Provincia en conjunto con la Polic\u00eda Federal en una instancia que ratifica lo expresado por el Comisario local sobre la excelente relaci\u00f3n existente entre las fuerzas. Fue el jueves pasado.\u00a0<\/strong><\/em><\/p>\n<p>La investigaci\u00f3n fue llevada a cabo varios d\u00edas anteriores al allanamiento producido a la vivienda y el procedimiento estuvo a cargo de la Fiscal\u00eda Especializada en estupefacientes del Departamento Judicial Mercedes.<\/p>\n<p>El accionar de las fuerzas de seguridad se concret\u00f3 el pasado jueves, con el mencionado allanamiento, logrando detener a un sujeto de nacionalidad Paraguaya de 19 a\u00f1os de edad.<\/p>\n<p>Lo secuestrado fueron cinco panes de marihuana, 15 envoltorios de dicha sustancia, m\u00e1s 15 gramos de coca\u00edna y algunos pacos.<\/p>\n<p>Todo indica que lo sustra\u00eddo est\u00e1 previsto ser comercializado en nuestra comunidad.<\/p>\n<p>El sujeto que termin\u00f3 siendo detenido no se resisti\u00f3 en ning\u00fan momento del allanamiento, y se encuentran en estos momentos est\u00e1 aprehendido en la estaci\u00f3n Polic\u00eda comunal Mercedes y bajo el l\u00f3gico proceso judicial.<\/p>\n<p>&nbsp;<\/p>\n<p>&nbsp;<\/p>\n<p>&nbsp;<\/p>\n","protected":false},"excerpt":{"rendered":"<p>Se llev\u00f3 a cabo un procedimiento de gran magnitud en nuestra ciudad. Las fuerzas que intervinieron fueron la Polic\u00eda de &#8230; <a title=\"Tras allanamiento: detienen a paraguayo con gran cantidad de droga\" class=\"read-more\" href=\"https:\/\/www.hoymercedes.com.ar\/principal\/2015\/04\/12\/tras-allanamiento-detienen-a-paraguayo-con-gran-cantidad-de-droga\/\" aria-label=\"Leer m\u00e1s sobre Tras allanamiento: detienen a paraguayo con gran cantidad de droga\">Leer m\u00e1s<\/a><\/p>\n","protected":false},"author":1,"featured_media":41413,"comment_status":"open","ping_status":"open","sticky":false,"template":"","format":"standard","meta":{"_monsterinsights_skip_tracking":false,"_monsterinsights_sitenote_active":false,"_monsterinsights_sitenote_note":"","_monsterinsights_sitenote_category":0,"jetpack_post_was_ever_published":false,"_jetpack_newsletter_access":"","_jetpack_dont_email_post_to_subs":false,"_jetpack_newsletter_tier_id":0,"_jetpack_memberships_contains_paywalled_content":false,"_jetpack_memberships_contains_paid_content":false,"footnotes":"","jetpack_publicize_message":"","jetpack_publicize_feature_enabled":true,"jetpack_social_post_already_shared":true,"jetpack_social_options":{"image_generator_settings":{"template":"highway","default_image_id":0,"font":"","enabled":false},"version":2},"_wpas_customize_per_network":false},"categories":[85],"tags":[7166,5766],"class_list":["post-40737","post","type-post","status-publish","format-standard","has-post-thumbnail","hentry","category-policial","tag-drogas-mercedes","tag-policia-comunal","generate-columns","tablet-grid-50","mobile-grid-100","grid-parent","grid-50"],"jetpack_publicize_connections":[],"jetpack_featured_media_url":"https:\/\/www.hoymercedes.com.ar\/principal\/wp-content\/uploads\/2015\/05\/bonaerense-policia.jpg","wps_subtitle":"En nuestra ciduad","jetpack_sharing_enabled":true,"_links":{"self":[{"href":"https:\/\/www.hoymercedes.com.ar\/principal\/wp-json\/wp\/v2\/posts\/40737","targetHints":{"allow":["GET"]}}],"collection":[{"href":"https:\/\/www.hoymercedes.com.ar\/principal\/wp-json\/wp\/v2\/posts"}],"about":[{"href":"https:\/\/www.hoymercedes.com.ar\/principal\/wp-json\/wp\/v2\/types\/post"}],"author":[{"embeddable":true,"href":"https:\/\/www.hoymercedes.com.ar\/principal\/wp-json\/wp\/v2\/users\/1"}],"replies":[{"embeddable":true,"href":"https:\/\/www.hoymercedes.com.ar\/principal\/wp-json\/wp\/v2\/comments?post=40737"}],"version-history":[{"count":0,"href":"https:\/\/www.hoymercedes.com.ar\/principal\/wp-json\/wp\/v2\/posts\/40737\/revisions"}],"wp:featuredmedia":[{"embeddable":true,"href":"https:\/\/www.hoymercedes.com.ar\/principal\/wp-json\/wp\/v2\/media\/41413"}],"wp:attachment":[{"href":"https:\/\/www.hoymercedes.com.ar\/principal\/wp-json\/wp\/v2\/media?parent=40737"}],"wp:term":[{"taxonomy":"category","embeddable":true,"href":"https:\/\/www.hoymercedes.com.ar\/principal\/wp-json\/wp\/v2\/categories?post=40737"},{"taxonomy":"post_tag","embeddable":true,"href":"https:\/\/www.hoymercedes.com.ar\/principal\/wp-json\/wp\/v2\/tags?post=40737"}],"curies":[{"name":"wp","href":"https:\/\/api.w.org\/{rel}","templated":true}]}}