{"id":40740,"date":"2015-04-12T21:38:15","date_gmt":"2015-04-13T00:38:15","guid":{"rendered":"http:\/\/www.hoymercedes.com.ar\/principal\/?p=40740"},"modified":"2015-04-16T10:08:54","modified_gmt":"2015-04-16T13:08:54","slug":"agrupacion-jauretche-ira-al-concejo-a-apoyar-propuesta-de-castelucci","status":"publish","type":"post","link":"https:\/\/www.hoymercedes.com.ar\/principal\/2015\/04\/12\/agrupacion-jauretche-ira-al-concejo-a-apoyar-propuesta-de-castelucci\/","title":{"rendered":"Agrupaci\u00f3n Jauretche ir\u00e1 al Concejo a apoyar propuesta de Castelucci"},"content":{"rendered":"<p><a href=\"https:\/\/www.hoymercedes.com.ar\/principal\/wp-content\/uploads\/2015\/04\/castelucci-chavez.jpg\"><img loading=\"lazy\" decoding=\"async\" data-attachment-id=\"40742\" data-permalink=\"https:\/\/www.hoymercedes.com.ar\/principal\/2015\/04\/12\/agrupacion-jauretche-ira-al-concejo-a-apoyar-propuesta-de-castelucci\/castelucci-chavez\/#main\" data-orig-file=\"https:\/\/www.hoymercedes.com.ar\/principal\/wp-content\/uploads\/2015\/04\/castelucci-chavez.jpg\" data-orig-size=\"620,374\" data-comments-opened=\"1\" data-image-meta=\"{&quot;aperture&quot;:&quot;0&quot;,&quot;credit&quot;:&quot;&quot;,&quot;camera&quot;:&quot;&quot;,&quot;caption&quot;:&quot;&quot;,&quot;created_timestamp&quot;:&quot;0&quot;,&quot;copyright&quot;:&quot;&quot;,&quot;focal_length&quot;:&quot;0&quot;,&quot;iso&quot;:&quot;0&quot;,&quot;shutter_speed&quot;:&quot;0&quot;,&quot;title&quot;:&quot;&quot;,&quot;orientation&quot;:&quot;0&quot;}\" data-image-title=\"castelucci-chavez\" data-image-description=\"\" data-image-caption=\"\" data-large-file=\"https:\/\/www.hoymercedes.com.ar\/principal\/wp-content\/uploads\/2015\/04\/castelucci-chavez.jpg\" class=\"Img2014 aligncenter wp-image-40742 size-full\" src=\"https:\/\/www.hoymercedes.com.ar\/principal\/wp-content\/uploads\/2015\/04\/castelucci-chavez.jpg\" alt=\"castelucci-chavez\" width=\"620\" height=\"374\" \/><\/a><\/p>\n<p><em><strong>\u00abEl martes estaremos presentes en el Concejo Deliberante\u00bb, afirma Juan mart\u00edn Giachino Ch\u00e1vez integrante de la Agrupaci\u00f3n Arturo Jauretche,\u00a0 para tratar el proyecto de ordenanza que env\u00edo Mariano Castelucci, donde solicita la \u00abprohibici\u00f3n otorgamiento de factibilidad, permiso de instalaci\u00f3n y\/o habilitaci\u00f3n en el partido de Mercedes, de casinos, salas de juego de azar denominados loter\u00eda familiar, loter\u00edas familiar gigante o bingos y de maquinas electr\u00f3nicas de juego de azar automatizadas, estas sean aparatos el\u00e9ctricos, electr\u00f3nicos o electromec\u00e1nicos que constituyen juegos de azar\u00bb.<\/strong><\/em><\/p>\n<p dir=\"ltr\">\u00abEs importante para la ciudad poder contar con el apoyo de los distintos Pre candidatos a intendentes\u00a0 en este proyecto, ya que es crucial y fundamental que estos emprendimientos no lleguen a Mercedes\u00bb, \u00a0reafirma Giachino Ch\u00e1vez.<\/p>\n<p dir=\"ltr\">La adicci\u00f3n patol\u00f3gica a los juegos de azar y las apuestas se conoce como ludopat\u00eda. Consiste en un deseo irreprimible de jugar, pese a que es consciente de su continuo endeudamiento\u00bb, como consecuencia puede derivar en otros trastornos, como ansiedad, depresi\u00f3n o hasta problemas card\u00edacos generados por el estr\u00e9s.<\/p>\n<p dir=\"ltr\">\u00abMiramos para adelante, realizamos propuestas concretas\u00a0 y desde la Agrupaci\u00f3n Arturo jauretche liderada por Mariano Castelucci, esperamos que el cuerpo de concejales apruebe el proyecto, e invitamos a todas las fuerzas pol\u00edticas a estar presentes\u00bb, comenta Juan Mart\u00edn Giachino Ch\u00e1vez.<\/p>\n<p dir=\"ltr\">\n","protected":false},"excerpt":{"rendered":"<p>\u00abEl martes estaremos presentes en el Concejo Deliberante\u00bb, afirma Juan mart\u00edn Giachino Ch\u00e1vez integrante de la Agrupaci\u00f3n Arturo Jauretche,\u00a0 para &#8230; <a title=\"Agrupaci\u00f3n Jauretche ir\u00e1 al Concejo a apoyar propuesta de Castelucci\" class=\"read-more\" href=\"https:\/\/www.hoymercedes.com.ar\/principal\/2015\/04\/12\/agrupacion-jauretche-ira-al-concejo-a-apoyar-propuesta-de-castelucci\/\" aria-label=\"Leer m\u00e1s sobre Agrupaci\u00f3n Jauretche ir\u00e1 al Concejo a apoyar propuesta de Castelucci\">Leer m\u00e1s<\/a><\/p>\n","protected":false},"author":1,"featured_media":40742,"comment_status":"open","ping_status":"open","sticky":false,"template":"","format":"standard","meta":{"_monsterinsights_skip_tracking":false,"_monsterinsights_sitenote_active":false,"_monsterinsights_sitenote_note":"","_monsterinsights_sitenote_category":0,"jetpack_post_was_ever_published":false,"_jetpack_newsletter_access":"","_jetpack_dont_email_post_to_subs":false,"_jetpack_newsletter_tier_id":0,"_jetpack_memberships_contains_paywalled_content":false,"_jetpack_memberships_contains_paid_content":false,"footnotes":"","jetpack_publicize_message":"","jetpack_publicize_feature_enabled":true,"jetpack_social_post_already_shared":true,"jetpack_social_options":{"image_generator_settings":{"template":"highway","default_image_id":0,"font":"","enabled":false},"version":2},"_wpas_customize_per_network":false},"categories":[5],"tags":[7167,7168,3537],"class_list":["post-40740","post","type-post","status-publish","format-standard","has-post-thumbnail","hentry","category-politica","tag-castelucci","tag-chavez","tag-frente-renovador","generate-columns","tablet-grid-50","mobile-grid-100","grid-parent","grid-50"],"jetpack_publicize_connections":[],"jetpack_featured_media_url":"https:\/\/www.hoymercedes.com.ar\/principal\/wp-content\/uploads\/2015\/04\/castelucci-chavez.jpg","wps_subtitle":"Impulsan medida contra Bingos","jetpack_sharing_enabled":true,"jetpack-related-posts":[{"id":40450,"url":"https:\/\/www.hoymercedes.com.ar\/principal\/2015\/03\/30\/castelucci-presenta-proyecto-para-prohibir-radicacion-de-bingos-y-salas-de-juego\/","url_meta":{"origin":40740,"position":0},"title":"Castelucci presenta proyecto para prohibir radicaci\u00f3n de Bingos y Salas de Juego","author":"hoymercedes","date":"30 marzo, 2015","format":false,"excerpt":"El pasado mi\u00e9rcoles, Mariano Castelucci present\u00f3 ante el Concejo Deliberante un nuevo proyecto de ordenanza donde solicita la prohibici\u00f3n de \u201cotorgamiento de factibilidad, permiso de instalaci\u00f3n y\/o habilitaci\u00f3n en el Partido de Mercedes de casinos, salas de juego de azar denominados Loter\u00eda Familiar; Loter\u00eda Familiar Gigante o Bingos y de\u2026","rel":"","context":"En \u00abPol\u00edtica\u00bb","block_context":{"text":"Pol\u00edtica","link":"https:\/\/www.hoymercedes.com.ar\/principal\/category\/politica\/"},"img":{"alt_text":"MarianoCastelucci","src":"https:\/\/i0.wp.com\/www.hoymercedes.com.ar\/principal\/wp-content\/uploads\/2015\/03\/MarianoCastelucci.jpg?resize=350%2C200","width":350,"height":200,"srcset":"https:\/\/i0.wp.com\/www.hoymercedes.com.ar\/principal\/wp-content\/uploads\/2015\/03\/MarianoCastelucci.jpg?resize=350%2C200 1x, https:\/\/i0.wp.com\/www.hoymercedes.com.ar\/principal\/wp-content\/uploads\/2015\/03\/MarianoCastelucci.jpg?resize=525%2C300 1.5x"},"classes":[]},{"id":32144,"url":"https:\/\/www.hoymercedes.com.ar\/principal\/2014\/04\/24\/castelucci-buscamos-transitar-una-nueva-politica-sin-mezquindades\/","url_meta":{"origin":40740,"position":1},"title":"Castelucci: \u201cBuscamos transitar una nueva pol\u00edtica sin mezquindades\u201d","author":"hoymercedes","date":"24 abril, 2014","format":false,"excerpt":"El referente m\u00e1ximo de la Agrupaci\u00f3n \u201cArturo Jauretche\u201d dej\u00f3 en claro que piensa jugar fuerte en pol\u00edtica. Busca desmarcarse de la actual antinomia existente entre los Frentes y se presenta como un espacio peronista que buscar\u00e1 conducir la ciudad en 2015. El escribano Mariano Castelucci manifest\u00f3 que: \u201cBuscamos transitar una\u2026","rel":"","context":"En \u00abSociedad\u00bb","block_context":{"text":"Sociedad","link":"https:\/\/www.hoymercedes.com.ar\/principal\/category\/sociedad\/"},"img":{"alt_text":"CASTELUCCI.22.04.2014DSC_0233","src":"https:\/\/i0.wp.com\/www.hoymercedes.com.ar\/principal\/wp-content\/uploads\/2014\/04\/CASTELUCCI.22.04.2014DSC_0233.jpg?resize=350%2C200","width":350,"height":200,"srcset":"https:\/\/i0.wp.com\/www.hoymercedes.com.ar\/principal\/wp-content\/uploads\/2014\/04\/CASTELUCCI.22.04.2014DSC_0233.jpg?resize=350%2C200 1x, https:\/\/i0.wp.com\/www.hoymercedes.com.ar\/principal\/wp-content\/uploads\/2014\/04\/CASTELUCCI.22.04.2014DSC_0233.jpg?resize=525%2C300 1.5x"},"classes":[]},{"id":36658,"url":"https:\/\/www.hoymercedes.com.ar\/principal\/2014\/10\/05\/castelucci-se-reunio-con-liliana-gutierrez-por-situacion-de-empleados-municipales\/","url_meta":{"origin":40740,"position":2},"title":"Castelucci se reuni\u00f3 con Liliana Gutierrez por situaci\u00f3n de empleados municipales","author":"hoymercedes","date":"5 octubre, 2014","format":false,"excerpt":"Liliana Guti\u00e9rrez, titular de la Asociaci\u00f3n de trabajadores municipales de nuestra ciudad, recibi\u00f3 al ex intendente Interino, Mariano Castelucci. El encuentro tuvo como principal objetivo dialogar sobre la situaci\u00f3n actual de los trabajadores municipales. Salario, escalas, programas de formaci\u00f3n interna, capacitaci\u00f3n CYMAT. condiciones y medio ambiente del trabajo, entre otros,\u2026","rel":"","context":"En \u00abPol\u00edtica\u00bb","block_context":{"text":"Pol\u00edtica","link":"https:\/\/www.hoymercedes.com.ar\/principal\/category\/politica\/"},"img":{"alt_text":"LilianaGutierrez-MarianoCastelucci","src":"https:\/\/i0.wp.com\/www.hoymercedes.com.ar\/principal\/wp-content\/uploads\/2014\/10\/LilianaGutierrez-MarianoCastelucci.jpg?resize=350%2C200","width":350,"height":200,"srcset":"https:\/\/i0.wp.com\/www.hoymercedes.com.ar\/principal\/wp-content\/uploads\/2014\/10\/LilianaGutierrez-MarianoCastelucci.jpg?resize=350%2C200 1x, https:\/\/i0.wp.com\/www.hoymercedes.com.ar\/principal\/wp-content\/uploads\/2014\/10\/LilianaGutierrez-MarianoCastelucci.jpg?resize=525%2C300 1.5x"},"classes":[]},{"id":34539,"url":"https:\/\/www.hoymercedes.com.ar\/principal\/2014\/07\/09\/agrupacion-jauretche-inicio-campana-de-cuidado-a-la-salud\/","url_meta":{"origin":40740,"position":3},"title":"Agrupaci\u00f3n Jauretche inici\u00f3 campa\u00f1a de cuidado a la salud","author":"hoymercedes","date":"9 julio, 2014","format":false,"excerpt":"La Agrupaci\u00f3n Arturo Jauretche llev\u00f3 a cabo una campa\u00f1a de prevenci\u00f3n de la salud entregando folletos y documentaci\u00f3n en calle 24 y 25. Estuvieron militantes y Mariano Castelucci, su principal referente. Ubicados en la esquina de 25 y 24, Mariano Castelucci junto al equipo de la Agrupaci\u00f3n Arturo Jauretche, entregaron\u00a0\u2026","rel":"","context":"En \u00abPol\u00edtica\u00bb","block_context":{"text":"Pol\u00edtica","link":"https:\/\/www.hoymercedes.com.ar\/principal\/category\/politica\/"},"img":{"alt_text":"castulucci","src":"https:\/\/i0.wp.com\/www.hoymercedes.com.ar\/principal\/wp-content\/uploads\/2014\/07\/castulucci.jpg?resize=350%2C200","width":350,"height":200,"srcset":"https:\/\/i0.wp.com\/www.hoymercedes.com.ar\/principal\/wp-content\/uploads\/2014\/07\/castulucci.jpg?resize=350%2C200 1x, https:\/\/i0.wp.com\/www.hoymercedes.com.ar\/principal\/wp-content\/uploads\/2014\/07\/castulucci.jpg?resize=525%2C300 1.5x"},"classes":[]},{"id":34104,"url":"https:\/\/www.hoymercedes.com.ar\/principal\/2014\/06\/22\/mariano-castelucci-busca-incentivar-solidaridad-ante-la-emergencia-en-el-barrio-marchetti\/","url_meta":{"origin":40740,"position":4},"title":"Mariano Castelucci busca incentivar solidaridad ante la emergencia en el Barrio Marchetti","author":"hoymercedes","date":"22 junio, 2014","format":false,"excerpt":"La Agrupaci\u00f3n \"Arturo Jauretche\" llev\u00f3 a cabo la semana que pas\u00f3 la distribuci\u00f3n de elementos donados que \u00a0recolectaron en el \u00faltimo tiempo con el objetivo de aportar ayuda a los afectados por las crecidas del R\u00edo y temporales vividos. Como se sabe el agua baja, pero, los problemas quedan. El\u2026","rel":"","context":"En \u00abPol\u00edtica\u00bb","block_context":{"text":"Pol\u00edtica","link":"https:\/\/www.hoymercedes.com.ar\/principal\/category\/politica\/"},"img":{"alt_text":"Castelucci-donaciones-I","src":"https:\/\/i0.wp.com\/www.hoymercedes.com.ar\/principal\/wp-content\/uploads\/2014\/06\/Castelucci-donaciones-I.jpg?resize=350%2C200","width":350,"height":200,"srcset":"https:\/\/i0.wp.com\/www.hoymercedes.com.ar\/principal\/wp-content\/uploads\/2014\/06\/Castelucci-donaciones-I.jpg?resize=350%2C200 1x, https:\/\/i0.wp.com\/www.hoymercedes.com.ar\/principal\/wp-content\/uploads\/2014\/06\/Castelucci-donaciones-I.jpg?resize=525%2C300 1.5x"},"classes":[]},{"id":34594,"url":"https:\/\/www.hoymercedes.com.ar\/principal\/2014\/07\/13\/agrupacion-arturo-jauretche-continua-su-campana-de-cuidados-de-la-salud\/","url_meta":{"origin":40740,"position":5},"title":"Agrupaci\u00f3n Arturo Jauretche contin\u00faa su campa\u00f1a de cuidados de la salud","author":"hoymercedes","date":"13 julio, 2014","format":false,"excerpt":"La Agrupaci\u00f3n conducida por Mariano Castelucci ha entregado a la poblaci\u00f3n un documento gr\u00e1fico vinculado a la salud de los ciudadanos. Tiempo atr\u00e1s hab\u00edan efectuado algo similar referido a la seguridad. La entrega, que ya hab\u00edamos comentado, fue en 24 y 25. En esta ocasi\u00f3n te dejamos los documentos para\u2026","rel":"","context":"En \u00abPol\u00edtica\u00bb","block_context":{"text":"Pol\u00edtica","link":"https:\/\/www.hoymercedes.com.ar\/principal\/category\/politica\/"},"img":{"alt_text":"castelucci 2","src":"https:\/\/i0.wp.com\/www.hoymercedes.com.ar.ar\/noticias\/wp-content\/uploads\/2014\/07\/castelucci-2-300x214.jpg?resize=350%2C200","width":350,"height":200,"srcset":"https:\/\/i0.wp.com\/www.hoymercedes.com.ar.ar\/noticias\/wp-content\/uploads\/2014\/07\/castelucci-2-300x214.jpg?resize=350%2C200 1x, https:\/\/i0.wp.com\/www.hoymercedes.com.ar.ar\/noticias\/wp-content\/uploads\/2014\/07\/castelucci-2-300x214.jpg?resize=525%2C300 1.5x"},"classes":[]}],"_links":{"self":[{"href":"https:\/\/www.hoymercedes.com.ar\/principal\/wp-json\/wp\/v2\/posts\/40740","targetHints":{"allow":["GET"]}}],"collection":[{"href":"https:\/\/www.hoymercedes.com.ar\/principal\/wp-json\/wp\/v2\/posts"}],"about":[{"href":"https:\/\/www.hoymercedes.com.ar\/principal\/wp-json\/wp\/v2\/types\/post"}],"author":[{"embeddable":true,"href":"https:\/\/www.hoymercedes.com.ar\/principal\/wp-json\/wp\/v2\/users\/1"}],"replies":[{"embeddable":true,"href":"https:\/\/www.hoymercedes.com.ar\/principal\/wp-json\/wp\/v2\/comments?post=40740"}],"version-history":[{"count":0,"href":"https:\/\/www.hoymercedes.com.ar\/principal\/wp-json\/wp\/v2\/posts\/40740\/revisions"}],"wp:featuredmedia":[{"embeddable":true,"href":"https:\/\/www.hoymercedes.com.ar\/principal\/wp-json\/wp\/v2\/media\/40742"}],"wp:attachment":[{"href":"https:\/\/www.hoymercedes.com.ar\/principal\/wp-json\/wp\/v2\/media?parent=40740"}],"wp:term":[{"taxonomy":"category","embeddable":true,"href":"https:\/\/www.hoymercedes.com.ar\/principal\/wp-json\/wp\/v2\/categories?post=40740"},{"taxonomy":"post_tag","embeddable":true,"href":"https:\/\/www.hoymercedes.com.ar\/principal\/wp-json\/wp\/v2\/tags?post=40740"}],"curies":[{"name":"wp","href":"https:\/\/api.w.org\/{rel}","templated":true}]}}