{"id":40763,"date":"2015-04-13T14:33:20","date_gmt":"2015-04-13T17:33:20","guid":{"rendered":"http:\/\/www.hoymercedes.com.ar\/principal\/?p=40763"},"modified":"2015-05-11T09:36:45","modified_gmt":"2015-05-11T12:36:45","slug":"charla-y-entrega-de-ejemplares-de-cuentos-del-abuelo-ii","status":"publish","type":"post","link":"https:\/\/www.hoymercedes.com.ar\/principal\/2015\/04\/13\/charla-y-entrega-de-ejemplares-de-cuentos-del-abuelo-ii\/","title":{"rendered":"Charla y entrega de ejemplares de \u00abCuentos del Abuelo II\u00bb"},"content":{"rendered":"<p><a href=\"https:\/\/www.hoymercedes.com.ar\/principal\/wp-content\/uploads\/2015\/04\/cuentos-del-abueno-dinova.jpg\"><img loading=\"lazy\" decoding=\"async\" data-attachment-id=\"40764\" data-permalink=\"https:\/\/www.hoymercedes.com.ar\/principal\/2015\/04\/13\/charla-y-entrega-de-ejemplares-de-cuentos-del-abuelo-ii\/cuentos-del-abueno-dinova\/#main\" data-orig-file=\"https:\/\/www.hoymercedes.com.ar\/principal\/wp-content\/uploads\/2015\/04\/cuentos-del-abueno-dinova.jpg\" data-orig-size=\"620,860\" data-comments-opened=\"1\" data-image-meta=\"{&quot;aperture&quot;:&quot;0&quot;,&quot;credit&quot;:&quot;Picasa&quot;,&quot;camera&quot;:&quot;&quot;,&quot;caption&quot;:&quot;&quot;,&quot;created_timestamp&quot;:&quot;0&quot;,&quot;copyright&quot;:&quot;&quot;,&quot;focal_length&quot;:&quot;0&quot;,&quot;iso&quot;:&quot;0&quot;,&quot;shutter_speed&quot;:&quot;0&quot;,&quot;title&quot;:&quot;&quot;,&quot;orientation&quot;:&quot;0&quot;}\" data-image-title=\"cuentos-del-abueno-dinova\" data-image-description=\"\" data-image-caption=\"\" data-large-file=\"https:\/\/www.hoymercedes.com.ar\/principal\/wp-content\/uploads\/2015\/04\/cuentos-del-abueno-dinova.jpg\" class=\"Img2014 aligncenter wp-image-40764 size-full\" src=\"https:\/\/www.hoymercedes.com.ar\/principal\/wp-content\/uploads\/2015\/04\/cuentos-del-abueno-dinova.jpg\" alt=\"cuentos-del-abueno-dinova\" width=\"620\" height=\"860\" srcset=\"https:\/\/www.hoymercedes.com.ar\/principal\/wp-content\/uploads\/2015\/04\/cuentos-del-abueno-dinova.jpg 620w, https:\/\/www.hoymercedes.com.ar\/principal\/wp-content\/uploads\/2015\/04\/cuentos-del-abueno-dinova-447x620.jpg 447w\" sizes=\"auto, (max-width: 620px) 100vw, 620px\" \/><\/a><\/p>\n<p><em><strong>Desde la Direcci\u00f3n de Cultura de la Municipalidad de Mercedes anuncian una nueva entrega de libros de \u00abCuentos del Abuelo\u00bb de Oscar Dinova.<\/strong><\/em><\/p>\n<p>El mi\u00e9rcoles 15 de Abril a las 10 horas en el Centro Cultural \u201cTeatro Argentino\u201d\u00a0Charla \u2013 Taller \u00a0a cargo del autor, Oscar Dinova.<\/p>\n<p>La Direcci\u00f3n de Cultura y \u00a0Educaci\u00f3n de la Municipalidad se complace en anunciar la entrega de 300 ejemplares a escuelas del Distrito (convocadas por v\u00edas administrativas y jer\u00e1rquicas).<\/p>\n<p>Podremos disfrutar de avances de los cuatro Cuentos; (Los Piratas del Barrio San Patricio, El Cazador Cazado y Una Ni\u00f1ez en Gral Rivas, adem\u00e1s de Cr\u00f3nicas) que conforman el libro adem\u00e1s de ideas, sugerencias y propuestas que se pueden llevarse a cada escuela o Centro de formaci\u00f3n.<\/p>\n<p>El rol de la narraci\u00f3n oral, la historia familiar y comunitaria, los recursos posibles para trabajar con alumnos; \u00a0entrevistas, visitas, fotograf\u00edas, etc. Son algunos de los puntos que podremos escuchar directamente del escritor.<\/p>\n<p>&nbsp;<\/p>\n<p>&nbsp;<\/p>\n<p>&nbsp;<\/p>\n","protected":false},"excerpt":{"rendered":"<p>Desde la Direcci\u00f3n de Cultura de la Municipalidad de Mercedes anuncian una nueva entrega de libros de \u00abCuentos del Abuelo\u00bb &#8230; <a title=\"Charla y entrega de ejemplares de \u00abCuentos del Abuelo II\u00bb\" class=\"read-more\" href=\"https:\/\/www.hoymercedes.com.ar\/principal\/2015\/04\/13\/charla-y-entrega-de-ejemplares-de-cuentos-del-abuelo-ii\/\" aria-label=\"Leer m\u00e1s sobre Charla y entrega de ejemplares de \u00abCuentos del Abuelo II\u00bb\">Leer m\u00e1s<\/a><\/p>\n","protected":false},"author":1,"featured_media":0,"comment_status":"open","ping_status":"open","sticky":false,"template":"","format":"standard","meta":{"_monsterinsights_skip_tracking":false,"_monsterinsights_sitenote_active":false,"_monsterinsights_sitenote_note":"","_monsterinsights_sitenote_category":0,"jetpack_post_was_ever_published":false,"_jetpack_newsletter_access":"","_jetpack_dont_email_post_to_subs":false,"_jetpack_newsletter_tier_id":0,"_jetpack_memberships_contains_paywalled_content":false,"_jetpack_memberships_contains_paid_content":false,"footnotes":"","jetpack_publicize_message":"","jetpack_publicize_feature_enabled":true,"jetpack_social_post_already_shared":true,"jetpack_social_options":{"image_generator_settings":{"template":"highway","default_image_id":0,"font":"","enabled":false},"version":2},"_wpas_customize_per_network":false},"categories":[104],"tags":[7172,1288],"class_list":["post-40763","post","type-post","status-publish","format-standard","hentry","category-cultura","tag-cuentos-del-abueno","tag-oscar-dinova","generate-columns","tablet-grid-50","mobile-grid-100","grid-parent","grid-50"],"jetpack_publicize_connections":[],"jetpack_featured_media_url":"","wps_subtitle":"Educaci\u00f3n y cultura ","jetpack_sharing_enabled":true,"_links":{"self":[{"href":"https:\/\/www.hoymercedes.com.ar\/principal\/wp-json\/wp\/v2\/posts\/40763","targetHints":{"allow":["GET"]}}],"collection":[{"href":"https:\/\/www.hoymercedes.com.ar\/principal\/wp-json\/wp\/v2\/posts"}],"about":[{"href":"https:\/\/www.hoymercedes.com.ar\/principal\/wp-json\/wp\/v2\/types\/post"}],"author":[{"embeddable":true,"href":"https:\/\/www.hoymercedes.com.ar\/principal\/wp-json\/wp\/v2\/users\/1"}],"replies":[{"embeddable":true,"href":"https:\/\/www.hoymercedes.com.ar\/principal\/wp-json\/wp\/v2\/comments?post=40763"}],"version-history":[{"count":0,"href":"https:\/\/www.hoymercedes.com.ar\/principal\/wp-json\/wp\/v2\/posts\/40763\/revisions"}],"wp:attachment":[{"href":"https:\/\/www.hoymercedes.com.ar\/principal\/wp-json\/wp\/v2\/media?parent=40763"}],"wp:term":[{"taxonomy":"category","embeddable":true,"href":"https:\/\/www.hoymercedes.com.ar\/principal\/wp-json\/wp\/v2\/categories?post=40763"},{"taxonomy":"post_tag","embeddable":true,"href":"https:\/\/www.hoymercedes.com.ar\/principal\/wp-json\/wp\/v2\/tags?post=40763"}],"curies":[{"name":"wp","href":"https:\/\/api.w.org\/{rel}","templated":true}]}}