{"id":40792,"date":"2015-04-14T18:38:35","date_gmt":"2015-04-14T21:38:35","guid":{"rendered":"http:\/\/www.hoymercedes.com.ar\/principal\/?p=40792"},"modified":"2015-04-27T22:24:24","modified_gmt":"2015-04-28T01:24:24","slug":"satisfaccion-en-fr-por-recoleccion-de-firmas-en-campana-basta-de-jueces-saca-presos","status":"publish","type":"post","link":"https:\/\/www.hoymercedes.com.ar\/principal\/2015\/04\/14\/satisfaccion-en-fr-por-recoleccion-de-firmas-en-campana-basta-de-jueces-saca-presos\/","title":{"rendered":"Satisfacci\u00f3n en FR por recolecci\u00f3n de firmas en campa\u00f1a: \u201cBasta de jueces saca presos\u201d"},"content":{"rendered":"<p><a href=\"https:\/\/www.hoymercedes.com.ar\/principal\/wp-content\/uploads\/2015\/04\/bastadejueces-mercedes.jpg\"><img loading=\"lazy\" decoding=\"async\" data-attachment-id=\"40793\" data-permalink=\"https:\/\/www.hoymercedes.com.ar\/principal\/2015\/04\/14\/satisfaccion-en-fr-por-recoleccion-de-firmas-en-campana-basta-de-jueces-saca-presos\/bastadejueces-mercedes\/#main\" data-orig-file=\"https:\/\/www.hoymercedes.com.ar\/principal\/wp-content\/uploads\/2015\/04\/bastadejueces-mercedes.jpg\" data-orig-size=\"620,465\" data-comments-opened=\"1\" data-image-meta=\"{&quot;aperture&quot;:&quot;0&quot;,&quot;credit&quot;:&quot;&quot;,&quot;camera&quot;:&quot;&quot;,&quot;caption&quot;:&quot;&quot;,&quot;created_timestamp&quot;:&quot;0&quot;,&quot;copyright&quot;:&quot;&quot;,&quot;focal_length&quot;:&quot;0&quot;,&quot;iso&quot;:&quot;0&quot;,&quot;shutter_speed&quot;:&quot;0&quot;,&quot;title&quot;:&quot;&quot;,&quot;orientation&quot;:&quot;0&quot;}\" data-image-title=\"bastadejueces-mercedes\" data-image-description=\"\" data-image-caption=\"\" data-large-file=\"https:\/\/www.hoymercedes.com.ar\/principal\/wp-content\/uploads\/2015\/04\/bastadejueces-mercedes.jpg\" class=\"aligncenter size-full wp-image-40793\" src=\"https:\/\/www.hoymercedes.com.ar\/principal\/wp-content\/uploads\/2015\/04\/bastadejueces-mercedes.jpg\" alt=\"bastadejueces-mercedes\" width=\"620\" height=\"465\" \/><\/a><\/p>\n<p>&nbsp;<\/p>\n<p>Desde de el Frente Renovador Mercedes manifestaron que: \u00abA poco de iniciarse se convirti\u00f3 en un \u00e9xito la convocatoria\u00bb de de junta de firmas de la campa\u00f1a \u201cbasta de jueves saca presos\u201d, lanzada con el objetivo de que se revean las formas de incorporaci\u00f3n de jueces al sistema de justicia as\u00ed como la designaci\u00f3n de los integrantes de la Corte Suprema donde se tratar\u00e1 pronto el pliego de Roberto Carl\u00e9s en el Senado de la Naci\u00f3n.<\/p>\n<p>Al respecto, el m\u00e1ximo referente nacional del Frente Renovador sostuvo: <em>\u201cinvitamos a que a la batalla por la inclusi\u00f3n agreguemos otra, que es la de la seguridad y la justicia. Queremos construir un pa\u00eds justo. No nos resignamos a que la inseguridad sea marketing o sensaci\u00f3n. Porque en Argentina hoy una vida vale menos que un celular o un par de zapatillas, y no nos queremos resignar a convivir con eso\u201d.<\/em><\/p>\n<p>En Mercedes se han colocado varias mesas. Se las puedo observar en varios puntos, como lo fueron las esquinas de 25 y 26, 27 y 16, frente a Banco Provincia, en 29 y 18, en 40 y 39, en 27 y 26, entre otros puntos de recolecci\u00f3n de firmas.<\/p>\n<p>Desde el Frente Renovador Mercedes remarcaron \u201c<em>fue un \u00e9xito la recolecci\u00f3n de firmas. Nuevamente los mercedinos se pusieron el tema al hombro y no dudaron\u201d,<\/em> sostuvo una militancia satisfecha por la tarea realizada.<\/p>\n<p>&nbsp;<\/p>\n","protected":false},"excerpt":{"rendered":"<p>&nbsp; Desde de el Frente Renovador Mercedes manifestaron que: \u00abA poco de iniciarse se convirti\u00f3 en un \u00e9xito la convocatoria\u00bb &#8230; <a title=\"Satisfacci\u00f3n en FR por recolecci\u00f3n de firmas en campa\u00f1a: \u201cBasta de jueces saca presos\u201d\" class=\"read-more\" href=\"https:\/\/www.hoymercedes.com.ar\/principal\/2015\/04\/14\/satisfaccion-en-fr-por-recoleccion-de-firmas-en-campana-basta-de-jueces-saca-presos\/\" aria-label=\"Leer m\u00e1s sobre Satisfacci\u00f3n en FR por recolecci\u00f3n de firmas en campa\u00f1a: \u201cBasta de jueces saca presos\u201d\">Leer m\u00e1s<\/a><\/p>\n","protected":false},"author":1,"featured_media":0,"comment_status":"open","ping_status":"open","sticky":false,"template":"","format":"standard","meta":{"_monsterinsights_skip_tracking":false,"_monsterinsights_sitenote_active":false,"_monsterinsights_sitenote_note":"","_monsterinsights_sitenote_category":0,"jetpack_post_was_ever_published":false,"_jetpack_newsletter_access":"","_jetpack_dont_email_post_to_subs":false,"_jetpack_newsletter_tier_id":0,"_jetpack_memberships_contains_paywalled_content":false,"_jetpack_memberships_contains_paid_content":false,"footnotes":"","jetpack_publicize_message":"","jetpack_publicize_feature_enabled":true,"jetpack_social_post_already_shared":true,"jetpack_social_options":{"image_generator_settings":{"template":"highway","default_image_id":0,"font":"","enabled":false},"version":2},"_wpas_customize_per_network":false},"categories":[5],"tags":[7163,3647],"class_list":["post-40792","post","type-post","status-publish","format-standard","hentry","category-politica","tag-basta-de-jueces-saca-presos","tag-frente-renovador-mercedes","generate-columns","tablet-grid-50","mobile-grid-100","grid-parent","grid-50"],"jetpack_publicize_connections":[],"jetpack_featured_media_url":"","wps_subtitle":"Selva conducci\u00f3n ","jetpack_sharing_enabled":true,"jetpack-related-posts":[{"id":40713,"url":"https:\/\/www.hoymercedes.com.ar\/principal\/2015\/04\/11\/basta-de-jueces-saca-presos-sostiene-el-frente-renovador-mercedes\/","url_meta":{"origin":40792,"position":0},"title":"\u201cBasta de jueces saca presos\u201d sostiene el Frente Renovador Mercedes","author":"hoymercedes","date":"11 abril, 2015","format":false,"excerpt":"El Frente Renovador conducido por Carlos Selva iniciar\u00e1 campa\u00f1a de junta de firma contra \u201clos jueces saca presos\u201d y la figura del candidato a la Corte Suprema de la Justicia de la Naci\u00f3n de Roberto Carl\u00e9s. La Agrupaci\u00f3n 17 de Octubre enmarcada en el Frente Renovador junto a Sergio Massa\u2026","rel":"","context":"En \u00abPol\u00edtica\u00bb","block_context":{"text":"Pol\u00edtica","link":"https:\/\/www.hoymercedes.com.ar\/principal\/category\/politica\/"},"img":{"alt_text":"","src":"https:\/\/i0.wp.com\/www.hoymercedes.com.ar\/principal\/wp-content\/uploads\/2015\/04\/basta-jueves-frm.jpg?resize=350%2C200&ssl=1","width":350,"height":200,"srcset":"https:\/\/i0.wp.com\/www.hoymercedes.com.ar\/principal\/wp-content\/uploads\/2015\/04\/basta-jueves-frm.jpg?resize=350%2C200&ssl=1 1x, https:\/\/i0.wp.com\/www.hoymercedes.com.ar\/principal\/wp-content\/uploads\/2015\/04\/basta-jueves-frm.jpg?resize=525%2C300&ssl=1 1.5x"},"classes":[]},{"id":30754,"url":"https:\/\/www.hoymercedes.com.ar\/principal\/2014\/03\/14\/selva-junto-a-massa-en-lanzamiento-de-campana-contra-la-reforma-al-codigo-penal\/","url_meta":{"origin":40792,"position":1},"title":"Selva, junto a Massa en lanzamiento de campa\u00f1a contra la reforma al c\u00f3digo penal","author":"hoymercedes","date":"14 marzo, 2014","format":false,"excerpt":"El intendente Carlos Selva estuvo este jueves a la tarde en el teatro Nin\u00ed Marshall de la localidad de Tigre, donde el diputado nacional Sergio Massa presento oficialmente la campa\u00f1a de junta de 5 millones de firmas contra la reforma del c\u00f3digo penal. El primer mandatario mercedino fue parte del\u2026","rel":"","context":"En \u00abPol\u00edtica\u00bb","block_context":{"text":"Pol\u00edtica","link":"https:\/\/www.hoymercedes.com.ar\/principal\/category\/politica\/"},"img":{"alt_text":"selva-massa","src":"https:\/\/i0.wp.com\/www.hoymercedes.com.ar\/principal\/wp-content\/uploads\/2014\/03\/selva-massa1.jpg?resize=350%2C200","width":350,"height":200,"srcset":"https:\/\/i0.wp.com\/www.hoymercedes.com.ar\/principal\/wp-content\/uploads\/2014\/03\/selva-massa1.jpg?resize=350%2C200 1x, https:\/\/i0.wp.com\/www.hoymercedes.com.ar\/principal\/wp-content\/uploads\/2014\/03\/selva-massa1.jpg?resize=525%2C300 1.5x"},"classes":[]},{"id":30661,"url":"https:\/\/www.hoymercedes.com.ar\/principal\/2014\/03\/11\/selva-vamos-a-juntar-firmas-porque-no-queremos-impunidad-para-los-delincuentes\/","url_meta":{"origin":40792,"position":2},"title":"Selva: \u201cVamos a juntar firmas porque no queremos impunidad para los delincuentes\u201d","author":"hoymercedes","date":"11 marzo, 2014","format":false,"excerpt":"El intendente de Mercedes Carlos Selva asegur\u00f3 que la militancia del Frente Renovador est\u00e1 lista para salir a recolectar firmas para \u201cfrenar con este pacto de impunidad que beneficia a los delincuentes\u201d con la reforma del c\u00f3digo penal. La propuesta de salir a la calle y juntar firmas para frenar\u2026","rel":"","context":"En \u00abPol\u00edtica\u00bb","block_context":{"text":"Pol\u00edtica","link":"https:\/\/www.hoymercedes.com.ar\/principal\/category\/politica\/"},"img":{"alt_text":"Carlos Selva, intendente Mercedes ","src":"https:\/\/i0.wp.com\/www.hoymercedes.com.ar\/principal\/wp-content\/uploads\/2014\/03\/CarlosSelva-FrenteRenovador.jpg?resize=350%2C200","width":350,"height":200,"srcset":"https:\/\/i0.wp.com\/www.hoymercedes.com.ar\/principal\/wp-content\/uploads\/2014\/03\/CarlosSelva-FrenteRenovador.jpg?resize=350%2C200 1x, https:\/\/i0.wp.com\/www.hoymercedes.com.ar\/principal\/wp-content\/uploads\/2014\/03\/CarlosSelva-FrenteRenovador.jpg?resize=525%2C300 1.5x"},"classes":[]},{"id":33190,"url":"https:\/\/www.hoymercedes.com.ar\/principal\/2014\/05\/23\/selva-junto-a-massa-en-acto-en-hurlingham\/","url_meta":{"origin":40792,"position":3},"title":"Selva junto a Massa en acto en Hurlingham","author":"hoymercedes","date":"23 mayo, 2014","format":false,"excerpt":"(FR) El pasado jueves en horas de la tarde el intendente Carlos Selva particip\u00f3 del acto de presentaci\u00f3n de las 2 millones de firmas recolectadas contra la reforma al c\u00f3digo penal, iniciativa del diputado nacional Sergio Massa. El primer mandatario mercedino fue parte de un importante acto en la ciudad\u2026","rel":"","context":"En \u00abPol\u00edtica\u00bb","block_context":{"text":"Pol\u00edtica","link":"https:\/\/www.hoymercedes.com.ar\/principal\/category\/politica\/"},"img":{"alt_text":"selva-hurlinghan-I","src":"https:\/\/i0.wp.com\/www.hoymercedes.com.ar\/principal\/wp-content\/uploads\/2014\/05\/selva-hurlinghan-I.jpg?resize=350%2C200","width":350,"height":200,"srcset":"https:\/\/i0.wp.com\/www.hoymercedes.com.ar\/principal\/wp-content\/uploads\/2014\/05\/selva-hurlinghan-I.jpg?resize=350%2C200 1x, https:\/\/i0.wp.com\/www.hoymercedes.com.ar\/principal\/wp-content\/uploads\/2014\/05\/selva-hurlinghan-I.jpg?resize=525%2C300 1.5x"},"classes":[]},{"id":62577,"url":"https:\/\/www.hoymercedes.com.ar\/principal\/2017\/05\/09\/comenzo-la-recoleccion-de-firmas-para-el-proyecto-bajemos-los-precios\/","url_meta":{"origin":40792,"position":4},"title":"Comenz\u00f3 la recolecci\u00f3n de firmas para el proyecto \u00abBajemos Los Precios\u00bb","author":"hoymercedes","date":"9 mayo, 2017","format":false,"excerpt":"\u00a0 El pasado fin de semana, comenz\u00f3 la campa\u00f1a para la recolecci\u00f3n de firmas que acompa\u00f1aran el \u201cPlan Bajemos los Precios\u201d, impulsado a nivel nacional por el Frente Renovador y el GEN. La iniciativa que fue anunciada oportunamente por Sergio Massa y Margarita Stolbizer y que luego se presentara en\u2026","rel":"","context":"En \u00abPol\u00edtica\u00bb","block_context":{"text":"Pol\u00edtica","link":"https:\/\/www.hoymercedes.com.ar\/principal\/category\/politica\/"},"img":{"alt_text":"","src":"https:\/\/i0.wp.com\/www.hoymercedes.com.ar\/principal\/wp-content\/uploads\/2017\/05\/09-firmas-FR.jpg?resize=350%2C200&ssl=1","width":350,"height":200,"srcset":"https:\/\/i0.wp.com\/www.hoymercedes.com.ar\/principal\/wp-content\/uploads\/2017\/05\/09-firmas-FR.jpg?resize=350%2C200&ssl=1 1x, https:\/\/i0.wp.com\/www.hoymercedes.com.ar\/principal\/wp-content\/uploads\/2017\/05\/09-firmas-FR.jpg?resize=525%2C300&ssl=1 1.5x"},"classes":[]},{"id":30699,"url":"https:\/\/www.hoymercedes.com.ar\/principal\/2014\/03\/13\/selva-junto-a-massa-en-reunion-de-trabajo-por-temas-judiciales\/","url_meta":{"origin":40792,"position":5},"title":"Selva junto a Massa en reuni\u00f3n de trabajo por temas judiciales","author":"hoymercedes","date":"13 marzo, 2014","format":false,"excerpt":"El intendente Carlos Selva particip\u00f3 durante la ma\u00f1ana de \u00e9ste mi\u00e9rcoles de una mesa de trabajo junto a Sergio Massa, en lo que fue la presentaci\u00f3n oficial de la campa\u00f1a de 5 millones de firmas contra la no reforma del c\u00f3digo penal. El intendente mercedino fue parte de este encuentro\u2026","rel":"","context":"En \u00abSociedad\u00bb","block_context":{"text":"Sociedad","link":"https:\/\/www.hoymercedes.com.ar\/principal\/category\/sociedad\/"},"img":{"alt_text":"selva-massa","src":"https:\/\/i0.wp.com\/www.hoymercedes.com.ar\/principal\/wp-content\/uploads\/2014\/03\/selva-massa.jpg?resize=350%2C200","width":350,"height":200,"srcset":"https:\/\/i0.wp.com\/www.hoymercedes.com.ar\/principal\/wp-content\/uploads\/2014\/03\/selva-massa.jpg?resize=350%2C200 1x, https:\/\/i0.wp.com\/www.hoymercedes.com.ar\/principal\/wp-content\/uploads\/2014\/03\/selva-massa.jpg?resize=525%2C300 1.5x"},"classes":[]}],"_links":{"self":[{"href":"https:\/\/www.hoymercedes.com.ar\/principal\/wp-json\/wp\/v2\/posts\/40792","targetHints":{"allow":["GET"]}}],"collection":[{"href":"https:\/\/www.hoymercedes.com.ar\/principal\/wp-json\/wp\/v2\/posts"}],"about":[{"href":"https:\/\/www.hoymercedes.com.ar\/principal\/wp-json\/wp\/v2\/types\/post"}],"author":[{"embeddable":true,"href":"https:\/\/www.hoymercedes.com.ar\/principal\/wp-json\/wp\/v2\/users\/1"}],"replies":[{"embeddable":true,"href":"https:\/\/www.hoymercedes.com.ar\/principal\/wp-json\/wp\/v2\/comments?post=40792"}],"version-history":[{"count":0,"href":"https:\/\/www.hoymercedes.com.ar\/principal\/wp-json\/wp\/v2\/posts\/40792\/revisions"}],"wp:attachment":[{"href":"https:\/\/www.hoymercedes.com.ar\/principal\/wp-json\/wp\/v2\/media?parent=40792"}],"wp:term":[{"taxonomy":"category","embeddable":true,"href":"https:\/\/www.hoymercedes.com.ar\/principal\/wp-json\/wp\/v2\/categories?post=40792"},{"taxonomy":"post_tag","embeddable":true,"href":"https:\/\/www.hoymercedes.com.ar\/principal\/wp-json\/wp\/v2\/tags?post=40792"}],"curies":[{"name":"wp","href":"https:\/\/api.w.org\/{rel}","templated":true}]}}