{"id":408,"date":"2010-11-18T02:23:03","date_gmt":"2010-11-18T02:23:03","guid":{"rendered":"http:\/\/www.hoymercedes.com.ar\/principal\/?p=408"},"modified":"2010-11-18T02:23:03","modified_gmt":"2010-11-18T02:23:03","slug":"vecinos-de-la-asamblea-ambiental-de-lujan-reclamaron-frente-a-tribunales","status":"publish","type":"post","link":"https:\/\/www.hoymercedes.com.ar\/principal\/2010\/11\/18\/vecinos-de-la-asamblea-ambiental-de-lujan-reclamaron-frente-a-tribunales\/","title":{"rendered":"Vecinos de la Asamblea Ambiental de Luj\u00e1n  reclamaron frente a Tribunales"},"content":{"rendered":"<p style=\"text-align: justify;\">\n<figure id=\"attachment_410\" aria-describedby=\"caption-attachment-410\" style=\"width: 290px\" class=\"wp-caption alignleft\"><a href=\"https:\/\/www.hoymercedes.com.ar\/principal\/wp-content\/uploads\/2010\/11\/NoCurtarsa.jpg\"><img loading=\"lazy\" decoding=\"async\" data-attachment-id=\"410\" data-permalink=\"https:\/\/www.hoymercedes.com.ar\/principal\/2010\/11\/18\/vecinos-de-la-asamblea-ambiental-de-lujan-reclamaron-frente-a-tribunales\/nocurtarsa\/#main\" data-orig-file=\"https:\/\/www.hoymercedes.com.ar\/principal\/wp-content\/uploads\/2010\/11\/NoCurtarsa.jpg\" data-orig-size=\"300,225\" data-comments-opened=\"1\" data-image-meta=\"{&quot;aperture&quot;:&quot;2.8&quot;,&quot;credit&quot;:&quot;&quot;,&quot;camera&quot;:&quot;COOLPIX L10&quot;,&quot;caption&quot;:&quot;&quot;,&quot;created_timestamp&quot;:&quot;1289808826&quot;,&quot;copyright&quot;:&quot;Copyright 2006&quot;,&quot;focal_length&quot;:&quot;6.2&quot;,&quot;iso&quot;:&quot;64&quot;,&quot;shutter_speed&quot;:&quot;0.0091074681238616&quot;,&quot;title&quot;:&quot;&quot;}\" data-image-title=\"Reclamo en Mercedes\" data-image-description=\"&lt;p&gt;Reclamo en Mercedes&lt;\/p&gt;\n\" data-image-caption=\"&lt;p&gt;Reclamo en Mercedes&lt;\/p&gt;\n\" data-large-file=\"https:\/\/www.hoymercedes.com.ar\/principal\/wp-content\/uploads\/2010\/11\/NoCurtarsa.jpg\" class=\"size-full wp-image-410\" title=\"Reclamo en Mercedes\" src=\"https:\/\/www.hoymercedes.com.ar\/principal\/wp-content\/uploads\/2010\/11\/NoCurtarsa.jpg\" alt=\"Reclamo en Mercedes\" width=\"300\" height=\"225\" \/><\/a><figcaption id=\"caption-attachment-410\" class=\"wp-caption-text\">Reclamo en Mercedes<\/figcaption><\/figure>\n<p>Un grupo de vecinos de Jauregui y Luj\u1e55an, integrantes todos de la Asamblea Ambiental Luj\u00e1n, concretaron una protesta frente al edificio del Tribunal Criminal 1 en calle 28 entre 25 y 27 para solilcitar que se acepte un recurso de Amparo presentado por el gobierno municipal de la Intendente Graciela Rosso de Luj\u00e1n para que la Curtiembre Curtarsa no coloque un nuevo secador de barros que genera un producto altamente contaminante.<\/p>\n<p style=\"text-align: justify;\">Los vecinos sostuvieron que los responsables del Criminal 1 resolvieron declarase incompetente al recibir el expediente del Amparo y lo derivaron a otro Juzgado pero este tambi\u00e9n lo rechaz\u00f3 por lo cual la causa fue a instancias superiores en las que se resolvi\u00f3 la competencia del Criminal 1 ordenando virtualmente que el expediente vuelva al al mismo y que se hiciera cargo de la tramitaci\u00f3n de la causa iniciada por el municipio lujanense que trata de impedir que la citada curtiembre coloque dicho equipo nuevo que transforma en lo contaminante a los barros de grado 3 a grado 6 siendo altamente cancer\u00edgenos.<\/p>\n<p style=\"text-align: justify;\">Los manifestantes sostuvieron que la empresa Curtarsa hace alrededor de un a\u00f1o que se encuentra trabajando sin el correspondiente certificado de Aptitud Ambiental emanado del Organismo Provincial de Desarrollo}Sustentable (OPDS) documento considerado esencial para poder desarrollar sus tareas pero que desde la Provincia solo se hace tiempo hasta que la firma pueda adecuar sus instalaciones tras un acuerdo presuntamente firmado con el OPDS y el Sindicato de Trabajadores del Cuero.<\/p>\n","protected":false},"excerpt":{"rendered":"<p>Un grupo de vecinos de Jauregui y Luj\u1e55an, integrantes todos de la Asamblea Ambiental Luj\u00e1n, concretaron una protesta frente al &#8230; <a title=\"Vecinos de la Asamblea Ambiental de Luj\u00e1n  reclamaron frente a Tribunales\" class=\"read-more\" href=\"https:\/\/www.hoymercedes.com.ar\/principal\/2010\/11\/18\/vecinos-de-la-asamblea-ambiental-de-lujan-reclamaron-frente-a-tribunales\/\" aria-label=\"Leer m\u00e1s sobre Vecinos de la Asamblea Ambiental de Luj\u00e1n  reclamaron frente a Tribunales\">Leer m\u00e1s<\/a><\/p>\n","protected":false},"author":1,"featured_media":0,"comment_status":"open","ping_status":"open","sticky":false,"template":"","format":"standard","meta":{"_monsterinsights_skip_tracking":false,"_monsterinsights_sitenote_active":false,"_monsterinsights_sitenote_note":"","_monsterinsights_sitenote_category":0,"jetpack_post_was_ever_published":false,"_jetpack_newsletter_access":"","_jetpack_dont_email_post_to_subs":false,"_jetpack_newsletter_tier_id":0,"_jetpack_memberships_contains_paywalled_content":false,"_jetpack_memberships_contains_paid_content":false,"footnotes":"","jetpack_publicize_message":"","jetpack_publicize_feature_enabled":true,"jetpack_social_post_already_shared":false,"jetpack_social_options":{"image_generator_settings":{"template":"highway","default_image_id":0,"font":"","enabled":false},"version":2},"_wpas_customize_per_network":false},"categories":[8],"tags":[99,43,10,100],"class_list":["post-408","post","type-post","status-publish","format-standard","hentry","category-sociedad","tag-curtarsa","tag-medio-ambiente","tag-mercedes","tag-reclamo","generate-columns","tablet-grid-50","mobile-grid-100","grid-parent","grid-50"],"jetpack_publicize_connections":[],"jetpack_featured_media_url":"","wps_subtitle":"","jetpack_sharing_enabled":true,"_links":{"self":[{"href":"https:\/\/www.hoymercedes.com.ar\/principal\/wp-json\/wp\/v2\/posts\/408","targetHints":{"allow":["GET"]}}],"collection":[{"href":"https:\/\/www.hoymercedes.com.ar\/principal\/wp-json\/wp\/v2\/posts"}],"about":[{"href":"https:\/\/www.hoymercedes.com.ar\/principal\/wp-json\/wp\/v2\/types\/post"}],"author":[{"embeddable":true,"href":"https:\/\/www.hoymercedes.com.ar\/principal\/wp-json\/wp\/v2\/users\/1"}],"replies":[{"embeddable":true,"href":"https:\/\/www.hoymercedes.com.ar\/principal\/wp-json\/wp\/v2\/comments?post=408"}],"version-history":[{"count":0,"href":"https:\/\/www.hoymercedes.com.ar\/principal\/wp-json\/wp\/v2\/posts\/408\/revisions"}],"wp:attachment":[{"href":"https:\/\/www.hoymercedes.com.ar\/principal\/wp-json\/wp\/v2\/media?parent=408"}],"wp:term":[{"taxonomy":"category","embeddable":true,"href":"https:\/\/www.hoymercedes.com.ar\/principal\/wp-json\/wp\/v2\/categories?post=408"},{"taxonomy":"post_tag","embeddable":true,"href":"https:\/\/www.hoymercedes.com.ar\/principal\/wp-json\/wp\/v2\/tags?post=408"}],"curies":[{"name":"wp","href":"https:\/\/api.w.org\/{rel}","templated":true}]}}