{"id":40810,"date":"2015-04-15T18:05:30","date_gmt":"2015-04-15T21:05:30","guid":{"rendered":"http:\/\/www.hoymercedes.com.ar\/principal\/?p=40810"},"modified":"2015-04-16T14:03:40","modified_gmt":"2015-04-16T17:03:40","slug":"selva-se-reunio-con-gustavo-saenz-el-gran-ganador-de-las-elecciones-en-salta-capital","status":"publish","type":"post","link":"https:\/\/www.hoymercedes.com.ar\/principal\/2015\/04\/15\/selva-se-reunio-con-gustavo-saenz-el-gran-ganador-de-las-elecciones-en-salta-capital\/","title":{"rendered":"Selva se reuni\u00f3 con Gustavo S\u00e1enz, el gran ganador de las elecciones en Salta Capital"},"content":{"rendered":"<p><a href=\"https:\/\/www.hoymercedes.com.ar\/principal\/wp-content\/uploads\/2015\/04\/Selva-Saenz.jpg\"><img loading=\"lazy\" decoding=\"async\" data-attachment-id=\"40811\" data-permalink=\"https:\/\/www.hoymercedes.com.ar\/principal\/2015\/04\/15\/selva-se-reunio-con-gustavo-saenz-el-gran-ganador-de-las-elecciones-en-salta-capital\/selva-saenz\/#main\" data-orig-file=\"https:\/\/www.hoymercedes.com.ar\/principal\/wp-content\/uploads\/2015\/04\/Selva-Saenz.jpg\" data-orig-size=\"972,547\" data-comments-opened=\"1\" data-image-meta=\"{&quot;aperture&quot;:&quot;0&quot;,&quot;credit&quot;:&quot;&quot;,&quot;camera&quot;:&quot;&quot;,&quot;caption&quot;:&quot;&quot;,&quot;created_timestamp&quot;:&quot;0&quot;,&quot;copyright&quot;:&quot;&quot;,&quot;focal_length&quot;:&quot;0&quot;,&quot;iso&quot;:&quot;0&quot;,&quot;shutter_speed&quot;:&quot;0&quot;,&quot;title&quot;:&quot;&quot;,&quot;orientation&quot;:&quot;0&quot;}\" data-image-title=\"Selva-Saenz\" data-image-description=\"\" data-image-caption=\"\" data-large-file=\"https:\/\/www.hoymercedes.com.ar\/principal\/wp-content\/uploads\/2015\/04\/Selva-Saenz.jpg\" class=\"Img2014 aligncenter wp-image-40811\" src=\"https:\/\/www.hoymercedes.com.ar\/principal\/wp-content\/uploads\/2015\/04\/Selva-Saenz-630x355.jpg\" alt=\"Selva-Saenz\" width=\"620\" height=\"349\" srcset=\"https:\/\/www.hoymercedes.com.ar\/principal\/wp-content\/uploads\/2015\/04\/Selva-Saenz-630x355.jpg 630w, https:\/\/www.hoymercedes.com.ar\/principal\/wp-content\/uploads\/2015\/04\/Selva-Saenz.jpg 972w\" sizes=\"auto, (max-width: 620px) 100vw, 620px\" \/><\/a><br \/>\nEl intendente Carlos Selva mantuvo un importante encuentro con\u00a0 Gustavo Sanz quien hizo una gran Primaria en Salta Capital venciendo al PRO en lo que era la interna local. Si se suman los votos de quienes disputaron a la interna se supera el 44% para la fuerza que conduce Sergio Massa con miras a las elecciones generales.<br \/>\nCarlos Selva y Gustavo Sanz mantuvieron un encuentro en el cual dialogaron, fundamentalmente, del futuro del pa\u00eds.<\/p>\n<p>Selva al respecto coment\u00f3: \u201ces un gran momento. Gustavo gan\u00f3 las internas al PRO en Salta Capital y se perfila claramente como el elegido para las generales. Ser\u00e1 el pr\u00f3ximo intendente y muestra la fuerza electoral que posee el Frente Renovador en todo el pa\u00eds, por m\u00e1s que algunos medios quieran taparlo. Sumados los votos de los dos candidatos superan el 44%\u201d, remarc\u00f3 Selva en relaci\u00f3n a Sanz y su victoria.<br \/>\nPor su parte, S\u00e1enz afirm\u00f3: \u201ces un placer recibir el apoyo de todos los compa\u00f1eros, como el amigo Carlos que siempre tuvo palabras de aliento para seguir adelante, al igual que Sergio que nunca dej\u00f3 de creer en la victoria. Seremos un apoyo, desde nuestra provincia, para que Massa sea el presidente de todos los argentinos desde Octubre\u201d.<br \/>\nEl primer mandatario local, Carlos Selva, aprovech\u00f3 la oportunidad remarcar que: \u201cSergio Massa ser\u00e1 el pr\u00f3ximo presidente de los argentinos. El futuro se construye cada d\u00eda y en eso estamos, desde Mercedes a Salta, en todo el pa\u00eds trabajando para ello. Celebramos la victoria de Gustavo, pero, continuamos mirando para adelante, en un construcci\u00f3n pol\u00edtica inclusiva de un pa\u00eds mejor para todos los argentinos\u201d, afirm\u00f3 Selva.<\/p>\n<p>Se supo que en el encuentro con S\u00e1enz y Selva dialogaron de las elecciones, pero, fundamentalmente de la realidad del pa\u00eds.<\/p>\n<p>&nbsp;<\/p>\n<p>&nbsp;<\/p>\n<p>&nbsp;<\/p>\n","protected":false},"excerpt":{"rendered":"<p>El intendente Carlos Selva mantuvo un importante encuentro con\u00a0 Gustavo Sanz quien hizo una gran Primaria en Salta Capital venciendo &#8230; <a title=\"Selva se reuni\u00f3 con Gustavo S\u00e1enz, el gran ganador de las elecciones en Salta Capital\" class=\"read-more\" href=\"https:\/\/www.hoymercedes.com.ar\/principal\/2015\/04\/15\/selva-se-reunio-con-gustavo-saenz-el-gran-ganador-de-las-elecciones-en-salta-capital\/\" aria-label=\"Leer m\u00e1s sobre Selva se reuni\u00f3 con Gustavo S\u00e1enz, el gran ganador de las elecciones en Salta Capital\">Leer m\u00e1s<\/a><\/p>\n","protected":false},"author":1,"featured_media":40811,"comment_status":"open","ping_status":"open","sticky":false,"template":"","format":"standard","meta":{"_monsterinsights_skip_tracking":false,"_monsterinsights_sitenote_active":false,"_monsterinsights_sitenote_note":"","_monsterinsights_sitenote_category":0,"jetpack_post_was_ever_published":false,"_jetpack_newsletter_access":"","_jetpack_dont_email_post_to_subs":false,"_jetpack_newsletter_tier_id":0,"_jetpack_memberships_contains_paywalled_content":false,"_jetpack_memberships_contains_paid_content":false,"footnotes":"","jetpack_publicize_message":"","jetpack_publicize_feature_enabled":true,"jetpack_social_post_already_shared":true,"jetpack_social_options":{"image_generator_settings":{"template":"highway","default_image_id":0,"font":"","enabled":false},"version":2},"_wpas_customize_per_network":false},"categories":[5],"tags":[7181,18],"class_list":["post-40810","post","type-post","status-publish","format-standard","has-post-thumbnail","hentry","category-politica","tag-saenz","tag-selva","generate-columns","tablet-grid-50","mobile-grid-100","grid-parent","grid-50"],"jetpack_publicize_connections":[],"jetpack_featured_media_url":"https:\/\/www.hoymercedes.com.ar\/principal\/wp-content\/uploads\/2015\/04\/Selva-Saenz.jpg","wps_subtitle":"Armado 2015","jetpack_sharing_enabled":true,"jetpack-related-posts":[{"id":110800,"url":"https:\/\/www.hoymercedes.com.ar\/principal\/2020\/05\/17\/selva-se-reunio-con-massa-osuna-y-arrieta-en-busqueda-de-soluciones-para-la-ruta-6\/","url_meta":{"origin":40810,"position":0},"title":"Selva se reuni\u00f3 con Massa, Osuna y Arrieta en b\u00fasqueda de soluciones para la Ruta 6","author":"hoymercedes","date":"17 mayo, 2020","format":false,"excerpt":"El diputado nacional\u00a0Carlos Selva\u00a0mantuvo una \u00abproductiva reuni\u00f3n\u00bb con\u00a0Sergio Massa\u00a0\u2013presidente de la C\u00e1mara de Diputados de la Naci\u00f3n\u2013,\u00a0Javier Osuna\u00a0\u2013presidente de AUBASA\u2013 y\u00a0Gustavo Arrieta\u00a0\u2013responsable de Vialidad Nacional\u2013, para generar soluciones definitivas para la Ruta 6. \u00abEs para m\u00ed una enorme satisfacci\u00f3n poder trabajar con quienes asumen desaf\u00edos con esa gran responsabilidad\u00bb, dijo\u2026","rel":"","context":"En \u00abPol\u00edtica Nacional\u00bb","block_context":{"text":"Pol\u00edtica Nacional","link":"https:\/\/www.hoymercedes.com.ar\/principal\/category\/politica-nacional\/"},"img":{"alt_text":"","src":"https:\/\/i0.wp.com\/www.hoymercedes.com.ar\/principal\/wp-content\/uploads\/2020\/05\/17-selva-massa.jpg?resize=350%2C200&ssl=1","width":350,"height":200,"srcset":"https:\/\/i0.wp.com\/www.hoymercedes.com.ar\/principal\/wp-content\/uploads\/2020\/05\/17-selva-massa.jpg?resize=350%2C200&ssl=1 1x, https:\/\/i0.wp.com\/www.hoymercedes.com.ar\/principal\/wp-content\/uploads\/2020\/05\/17-selva-massa.jpg?resize=525%2C300&ssl=1 1.5x, https:\/\/i0.wp.com\/www.hoymercedes.com.ar\/principal\/wp-content\/uploads\/2020\/05\/17-selva-massa.jpg?resize=700%2C400&ssl=1 2x"},"classes":[]},{"id":25193,"url":"https:\/\/www.hoymercedes.com.ar\/principal\/2013\/08\/25\/zuccaro-intendente-de-pilar-se-reunio-con-selva-como-mercedes\/","url_meta":{"origin":40810,"position":1},"title":"Zuccaro, intendente de Pilar, se reuni\u00f3 con Selva como Mercedes","author":"hoymercedes","date":"25 agosto, 2013","format":false,"excerpt":"El intendente de Pilar Humberto Z\u00faccaro mantuvo un encuentro en nuestra ciudad con Carlos Selva donde buscaron continuar planificando aspectos de campa\u00f1a con miras a las elecciones generales del pr\u00f3ximo mes de octubre. Desde el Frente Renovador afirmaron que: \"Los dos intendentes tuvieron una ma\u00f1ana de trabajo este s\u00e1bado, do\u2026","rel":"","context":"En \u00abPol\u00edtica\u00bb","block_context":{"text":"Pol\u00edtica","link":"https:\/\/www.hoymercedes.com.ar\/principal\/category\/politica\/"},"img":{"alt_text":"Zuccaro - Selva","src":"https:\/\/i0.wp.com\/www.hoymercedes.com.ar\/principal\/wp-content\/uploads\/2013\/08\/zuccaro-selva.jpg?resize=350%2C200","width":350,"height":200,"srcset":"https:\/\/i0.wp.com\/www.hoymercedes.com.ar\/principal\/wp-content\/uploads\/2013\/08\/zuccaro-selva.jpg?resize=350%2C200 1x, https:\/\/i0.wp.com\/www.hoymercedes.com.ar\/principal\/wp-content\/uploads\/2013\/08\/zuccaro-selva.jpg?resize=525%2C300 1.5x"},"classes":[]},{"id":66429,"url":"https:\/\/www.hoymercedes.com.ar\/principal\/2017\/08\/27\/carlos-selva-somos-nosotros-los-que-tenemos-que-convertirnos-en-alternativa-para-2019\/","url_meta":{"origin":40810,"position":2},"title":"Carlos Selva: \u00abSomos nosotros los que tenemos que convertirnos en alternativa para 2019\u00bb","author":"hoymercedes","date":"27 agosto, 2017","format":false,"excerpt":"El Diputado Nacional y principal referente del Frente 1Pa\u00eds en el \u00e1mbito local, ex Intendente Carlos Selva, carg\u00f3 duro contra el gobierno de Juan Ustarroz en un encuentro de fiscales realizado el mediod\u00eda del s\u00e1bado. \u201cEste gobierno municipal se va, no vuelve m\u00e1s\u201d, dispar\u00f3 el Legislador. Con la mira en\u2026","rel":"","context":"En \u00abPol\u00edtica\u00bb","block_context":{"text":"Pol\u00edtica","link":"https:\/\/www.hoymercedes.com.ar\/principal\/category\/politica\/"},"img":{"alt_text":"","src":"https:\/\/i0.wp.com\/www.hoymercedes.com.ar\/principal\/wp-content\/uploads\/2017\/08\/27-selva-fiscales.jpg?resize=350%2C200&ssl=1","width":350,"height":200,"srcset":"https:\/\/i0.wp.com\/www.hoymercedes.com.ar\/principal\/wp-content\/uploads\/2017\/08\/27-selva-fiscales.jpg?resize=350%2C200&ssl=1 1x, https:\/\/i0.wp.com\/www.hoymercedes.com.ar\/principal\/wp-content\/uploads\/2017\/08\/27-selva-fiscales.jpg?resize=525%2C300&ssl=1 1.5x"},"classes":[]},{"id":137187,"url":"https:\/\/www.hoymercedes.com.ar\/principal\/2021\/09\/13\/evangelina-cabral-gano-la-internas-de-juntos\/","url_meta":{"origin":40810,"position":3},"title":"Evangelina Cabral gan\u00f3 las internas de Juntos","author":"hoymercedes","date":"13 septiembre, 2021","format":false,"excerpt":"Se impuso ante la lista Dar el Paso que encabezaba D\u00e9bora Lacasa. Marilina Bustelo no alcanz\u00f3 el porcentaje necesario para integrar la lista para las generales de noviembre. La totalidad de votos del espacio Juntos super\u00f3 el 51% del electorado, imponiendose sobre el oficialismo. Los dos primeros candidatos de las\u2026","rel":"","context":"En \u00abPASO 2021\u00bb","block_context":{"text":"PASO 2021","link":"https:\/\/www.hoymercedes.com.ar\/principal\/category\/paso-2021\/"},"img":{"alt_text":"","src":"https:\/\/i0.wp.com\/www.hoymercedes.com.ar\/principal\/wp-content\/uploads\/2021\/09\/juntos-1.jpg?resize=350%2C200&ssl=1","width":350,"height":200,"srcset":"https:\/\/i0.wp.com\/www.hoymercedes.com.ar\/principal\/wp-content\/uploads\/2021\/09\/juntos-1.jpg?resize=350%2C200&ssl=1 1x, https:\/\/i0.wp.com\/www.hoymercedes.com.ar\/principal\/wp-content\/uploads\/2021\/09\/juntos-1.jpg?resize=525%2C300&ssl=1 1.5x, https:\/\/i0.wp.com\/www.hoymercedes.com.ar\/principal\/wp-content\/uploads\/2021\/09\/juntos-1.jpg?resize=700%2C400&ssl=1 2x"},"classes":[]},{"id":187621,"url":"https:\/\/www.hoymercedes.com.ar\/principal\/2025\/09\/07\/carlos-selva-tenemos-que-festejar-que-cada-ciudadano-expresa-su-voluntad\/","url_meta":{"origin":40810,"position":4},"title":"Carlos Selva: \u00abTenemos que festejar que cada ciudadano expresa su voluntad\u00bb","author":"hoymercedes","date":"7 septiembre, 2025","format":false,"excerpt":"El ex intendente de Mercedes, Carlos Selva, vot\u00f3 en el Colegio San Patricio, acompa\u00f1ado por una de sus hijas, la Diputada Nacional, Sabrina Selva. Previamente, se lo vio en algunos barrios, recorriendo algunos de los lugares de votaci\u00f3n. En di\u00e1logo con los medios de comunicaci\u00f3n, Selva destac\u00f3 que es r\u00e1pidad\u2026","rel":"","context":"En \u00abElecciones 2025\u00bb","block_context":{"text":"Elecciones 2025","link":"https:\/\/www.hoymercedes.com.ar\/principal\/category\/elecciones-2025\/"},"img":{"alt_text":"","src":"https:\/\/i0.wp.com\/www.hoymercedes.com.ar\/principal\/wp-content\/uploads\/2025\/09\/Selva-Carlos.jpg?resize=350%2C200&ssl=1","width":350,"height":200,"srcset":"https:\/\/i0.wp.com\/www.hoymercedes.com.ar\/principal\/wp-content\/uploads\/2025\/09\/Selva-Carlos.jpg?resize=350%2C200&ssl=1 1x, https:\/\/i0.wp.com\/www.hoymercedes.com.ar\/principal\/wp-content\/uploads\/2025\/09\/Selva-Carlos.jpg?resize=525%2C300&ssl=1 1.5x, https:\/\/i0.wp.com\/www.hoymercedes.com.ar\/principal\/wp-content\/uploads\/2025\/09\/Selva-Carlos.jpg?resize=700%2C400&ssl=1 2x"},"classes":[]},{"id":100569,"url":"https:\/\/www.hoymercedes.com.ar\/principal\/2019\/09\/28\/selva-fortalecer-los-municipios-va-a-fortalecer-el-gobierno-de-todos-los-argentinos\/","url_meta":{"origin":40810,"position":5},"title":"Selva: \u201cFortalecer los municipios va a fortalecer el Gobierno de todos los argentinos\u201d","author":"hoymercedes","date":"28 septiembre, 2019","format":false,"excerpt":"Este mi\u00e9rcoles el diputado nacional Carlos Selva, junto al intendente de Hurlingham \u201cJuanchi\u201d Zabaleta y los diputados nacionales Pablo Carro, Mirta Tundis, Gustavo Bevilacqua y Rosa Mu\u00f1oz, y el ex Diputado Walter Aguilar, recibi\u00f3 a varios jefes comunales del Departamento de Rio Cuarto, ubicado en la provincia de C\u00f3rdoba. Selva\u2026","rel":"","context":"En \u00abPol\u00edtica Nacional\u00bb","block_context":{"text":"Pol\u00edtica Nacional","link":"https:\/\/www.hoymercedes.com.ar\/principal\/category\/politica-nacional\/"},"img":{"alt_text":"","src":"https:\/\/i0.wp.com\/www.hoymercedes.com.ar\/principal\/wp-content\/uploads\/2019\/09\/28-carlos-selva.jpg?resize=350%2C200&ssl=1","width":350,"height":200,"srcset":"https:\/\/i0.wp.com\/www.hoymercedes.com.ar\/principal\/wp-content\/uploads\/2019\/09\/28-carlos-selva.jpg?resize=350%2C200&ssl=1 1x, https:\/\/i0.wp.com\/www.hoymercedes.com.ar\/principal\/wp-content\/uploads\/2019\/09\/28-carlos-selva.jpg?resize=525%2C300&ssl=1 1.5x, https:\/\/i0.wp.com\/www.hoymercedes.com.ar\/principal\/wp-content\/uploads\/2019\/09\/28-carlos-selva.jpg?resize=700%2C400&ssl=1 2x"},"classes":[]}],"_links":{"self":[{"href":"https:\/\/www.hoymercedes.com.ar\/principal\/wp-json\/wp\/v2\/posts\/40810","targetHints":{"allow":["GET"]}}],"collection":[{"href":"https:\/\/www.hoymercedes.com.ar\/principal\/wp-json\/wp\/v2\/posts"}],"about":[{"href":"https:\/\/www.hoymercedes.com.ar\/principal\/wp-json\/wp\/v2\/types\/post"}],"author":[{"embeddable":true,"href":"https:\/\/www.hoymercedes.com.ar\/principal\/wp-json\/wp\/v2\/users\/1"}],"replies":[{"embeddable":true,"href":"https:\/\/www.hoymercedes.com.ar\/principal\/wp-json\/wp\/v2\/comments?post=40810"}],"version-history":[{"count":0,"href":"https:\/\/www.hoymercedes.com.ar\/principal\/wp-json\/wp\/v2\/posts\/40810\/revisions"}],"wp:featuredmedia":[{"embeddable":true,"href":"https:\/\/www.hoymercedes.com.ar\/principal\/wp-json\/wp\/v2\/media\/40811"}],"wp:attachment":[{"href":"https:\/\/www.hoymercedes.com.ar\/principal\/wp-json\/wp\/v2\/media?parent=40810"}],"wp:term":[{"taxonomy":"category","embeddable":true,"href":"https:\/\/www.hoymercedes.com.ar\/principal\/wp-json\/wp\/v2\/categories?post=40810"},{"taxonomy":"post_tag","embeddable":true,"href":"https:\/\/www.hoymercedes.com.ar\/principal\/wp-json\/wp\/v2\/tags?post=40810"}],"curies":[{"name":"wp","href":"https:\/\/api.w.org\/{rel}","templated":true}]}}