{"id":40909,"date":"2015-04-19T21:00:07","date_gmt":"2015-04-20T00:00:07","guid":{"rendered":"http:\/\/www.hoymercedes.com.ar\/principal\/?p=40909"},"modified":"2015-04-19T21:00:55","modified_gmt":"2015-04-20T00:00:55","slug":"ustarroz-lanzo-cuatro-foros-de-participacion-ciudadana-para-hacer-entre-todos-una-ciudad-mejor","status":"publish","type":"post","link":"https:\/\/www.hoymercedes.com.ar\/principal\/2015\/04\/19\/ustarroz-lanzo-cuatro-foros-de-participacion-ciudadana-para-hacer-entre-todos-una-ciudad-mejor\/","title":{"rendered":"Ustarroz lanz\u00f3 cuatro foros de participaci\u00f3n ciudadana \u201cpara hacer entre todos una ciudad mejor\u201d"},"content":{"rendered":"<p><a href=\"https:\/\/www.hoymercedes.com.ar\/principal\/wp-content\/uploads\/2015\/04\/Uatarroz-Foro-PrimeroMercedes.jpg\"><img loading=\"lazy\" decoding=\"async\" data-attachment-id=\"40910\" data-permalink=\"https:\/\/www.hoymercedes.com.ar\/principal\/2015\/04\/19\/ustarroz-lanzo-cuatro-foros-de-participacion-ciudadana-para-hacer-entre-todos-una-ciudad-mejor\/uatarroz-foro-primeromercedes\/#main\" data-orig-file=\"https:\/\/www.hoymercedes.com.ar\/principal\/wp-content\/uploads\/2015\/04\/Uatarroz-Foro-PrimeroMercedes.jpg\" data-orig-size=\"620,413\" data-comments-opened=\"1\" data-image-meta=\"{&quot;aperture&quot;:&quot;0&quot;,&quot;credit&quot;:&quot;SEBASTIAN_AMBROSSIO&quot;,&quot;camera&quot;:&quot;&quot;,&quot;caption&quot;:&quot;&quot;,&quot;created_timestamp&quot;:&quot;0&quot;,&quot;copyright&quot;:&quot;Sebastian Ambrossio_&quot;,&quot;focal_length&quot;:&quot;0&quot;,&quot;iso&quot;:&quot;0&quot;,&quot;shutter_speed&quot;:&quot;0&quot;,&quot;title&quot;:&quot;&quot;,&quot;orientation&quot;:&quot;0&quot;}\" data-image-title=\"Uatarroz-Foro-PrimeroMercedes\" data-image-description=\"\" data-image-caption=\"\" data-large-file=\"https:\/\/www.hoymercedes.com.ar\/principal\/wp-content\/uploads\/2015\/04\/Uatarroz-Foro-PrimeroMercedes.jpg\" class=\"Img2014 aligncenter wp-image-40910 size-full\" src=\"https:\/\/www.hoymercedes.com.ar\/principal\/wp-content\/uploads\/2015\/04\/Uatarroz-Foro-PrimeroMercedes.jpg\" alt=\"Uatarroz-Foro-PrimeroMercedes\" width=\"620\" height=\"413\" \/><\/a><\/p>\n<p>El presidente del bloque de concejales del Frente para la Victoria, Juan Ignacio Ustarroz, lanz\u00f3 hoy formalmente los foros de participaci\u00f3n ciudadana con cuatro ejes tem\u00e1ticos, Seguridad, Salud y Deporte, Planificaci\u00f3n y Servicios P\u00fablicos y Producci\u00f3n y Empleo -cada uno a cargo de los respectivos equipos de trabajo de su espacio-, y una idea central: \u201cInvitar a todos los vecinos a debatir, a intercambiar ideas, a definir qu\u00e9 ciudad queremos, a sumarse al concepto que venimos trabajando: Primero Mercedes\u201d.<\/p>\n<p>\u201cQueremos generar un espacio de encuentro permanente, de reflexi\u00f3n, de intercambio de ideas y experiencias, con una metodolog\u00eda clara, organizadamente, con todos los sectores: vecinos e instituciones. Eso es el concepto que nosotros hemos sintetizado en la idea \u2018Primero Mercedes\u2019\u201d, asegur\u00f3 Ustarroz en la presentaci\u00f3n formal de los foros, realizada este s\u00e1bado al mediod\u00eda en los salones del Hotel Mercedes.<\/p>\n<p>Los foros de participaci\u00f3n ciudadana, lo dicho, tendr\u00e1n cuatro ejes: Seguridad (a cargo del responsable de la delegaci\u00f3n local del Defensor del Pueblo bonaerense, Fernando Florella), Planificaci\u00f3n y Servicios P\u00fablicos (arquitecto Diego Aguilar Mazzucca, quien se incorpora formalmente al Frente Mercedino), Salud y Deporte (Fabi\u00e1n Brandoni y Juli\u00e1n Inzaugarat), y Producci\u00f3n y Empleo (Leandro Valerga y Sergio Vallejos).<\/p>\n<p>\u201cIremos anunciaron peri\u00f3dicamente lugar, fecha y horario de cada foro, tanto a trav\u00e9s de los medios de comunicaci\u00f3n como con invitaciones personales\u201d, dijo Juani.<\/p>\n<p>\u201cQueremos convocar a todos a trabajar pensando en la ciudad. A aquel vecino que quiere que su barrio mejore; a quienes est\u00e9n en instituciones deportivas, culturales, industriales; poder escuchar, explicar, trabajar en conjunto, porque aun desde las diferencias podemos generar acciones y hechos positivos para la ciudad. Esto, entendemos, es la raz\u00f3n de ser del \u2018Primero Mercedes\u2019, poner ante todo la coincidencia de que todos queremos vivir en una ciudad mejor. Para eso es necesario el esfuerzo de todos los sectores\u201d, agreg\u00f3.<\/p>\n<p>El m\u00e1ximo referente del Frente Mercedino reflej\u00f3 la metodolog\u00eda en tres pasos: escuchar, planificar, hacer. \u201cLa pol\u00edtica es lo que hacemos, no lo que decimos \u2013expres\u00f3-. Desde el primer momento nosotros nos sostuvimos en esa idea, la acci\u00f3n, el hecho concreto\u201d.<\/p>\n<p>\u201cHoy tengo el orgullo de presentar a algunas de las personas que integran nuestros equipos de trabajo y, con ello, tambi\u00e9n exponer el compromiso colectivo que asumimos para tener una ciudad cada d\u00eda mejor \u2013a\u00f1adi\u00f3-. No se trata de una persona o de un grupo, sino de equipos capacitados, solidarios y con una condici\u00f3n esencial: est\u00e1n formados por vecinos que saben escuchar, que buscan sumar voces, ideas, m\u00e1s participaci\u00f3n\u201d.<\/p>\n<p>Finalmente, Ustarroz \u2013que tambi\u00e9n estuvo acompa\u00f1ado por su bloque de ediles- hizo un resumen de los cuatro ejes sobre el que girar\u00e1n los foros de participaci\u00f3n ciudadana.<\/p>\n<p><strong>Planificaci\u00f3n y Servicios P\u00fablicos<\/strong><\/p>\n<p>\u201cTenemos que pensar en ambos aspectos. Primero, qu\u00e9 Mercedes queremos a 30 \u00f3 50 a\u00f1os, tener una visi\u00f3n de ciudad. Mercedes est\u00e1 en una l\u00ednea difusa, poco clara, entre ser una ciudad del interior o una ciudad con caracter\u00edsticas del conurbano. Todos coincidimos en que queremos seguir siendo una ciudad del interior, con los valores de buenos vecinos, pr\u00e1cticas, usos y costumbres que queremos se conserven y se consoliden. Crecer de modo desordenado tiene sus costos: alterar el orden y los valores que remarc\u00e1bamos\u201d.<\/p>\n<p>\u201cParalelamente hay que trabajar el d\u00eda a d\u00eda, con los servicios y prestaciones que debe dar el municipio. Una ciudad ordenada, limpia, con accesibilidad a los barrios y las zonas rurales y dem\u00e1s. Planteamos un trabajo muy intensivo porque es el coraz\u00f3n del municipio y hay que mejorar esos servicios. Hoy en Mercedes solo un 38% de los vecinos paga las tasas, que tienen la contraprestaci\u00f3n de los servicios. Debemos trabajar para mejorar el corral\u00f3n, atender los problemas diarios que tienen los vecinos y que con el grupo de concejales que me acompa\u00f1an, venimos viendo que cada quince d\u00edas hacemos una presentaci\u00f3n extensa sobre diferentes problemas. Eso se debe abordar\u201d.<\/p>\n<p><strong>Deporte y Salud<\/strong><\/p>\n<p>\u201cNos hemos dado cuenta de la importancia que el deporte tiene en la ciudad y por ello lo asociamos a la salud. Debemos dar un paso hacia adelante, trabajar desde la prevenci\u00f3n y la salud, desde el deporte como el lugar donde se sociabiliza, que genera principios y valores. Mercedes, afortunadamente, cuenta con muchos clubes, con gente que se esfuerza mucho para brindar las actividades. Por eso vamos a poner especial \u00e9nfasis en el deporte como paso fundamental hacia la salud que todos queremos\u201d.<\/p>\n<p><strong>Seguridad<\/strong><\/p>\n<p>\u201cTodos anhelamos vivir en una ciudad m\u00e1s segura. Mercedes cuenta con cualidades comparativas muy buenas: es cabecera del Departamento Judicial, tiene recursos humanos altamente calificados como fiscales, jueces, defensores, profesionales del derecho y otras disciplinas que est\u00e1n realmente muy formadas para poder aportar una visi\u00f3n importante para la seguridad de nuestra ciudad. La idea es generar mejores \u00edndices en la calidad de vida de Mercedes, de todos los vecinos\u201d.<\/p>\n<p><strong>Producci\u00f3n y Empleo<\/strong><\/p>\n<p>\u201cNuestra ciudad tiene un marcado perfil administrativo. Eso aporta ventajas muy buenas con una base social de inclusi\u00f3n y salarios muy importantes. Pero por la ubicaci\u00f3n estrat\u00e9gica, con la cercan\u00eda al mayor mercado de la Argentina, con las condiciones de infraestructura y con las v\u00edas que pasan, Mercedes puede desarrollarse m\u00e1s desde lo productivo. Eso es fundamental, sobre todo porque genera trabajo como herramienta de inclusi\u00f3n, de seguridad y de realizaci\u00f3n y dignificaci\u00f3n del ser humano\u201d.<\/p>\n<p>\u201cEn ese sentido se viene trabajando mucho tambi\u00e9n con el sector privado, porque el municipio debe tener una misi\u00f3n de articulaci\u00f3n y de generaci\u00f3n de pol\u00edticas p\u00fablicas\u201d.<\/p>\n<p>Las conclusiones que dejen los foros, inform\u00f3 Ustarroz, \u201cse reflejar\u00e1n en proyectos y propuestas que ser\u00e1n presentadas a los vecinos en agosto, \u00e1rea por \u00e1rea\u201d.<\/p>\n<p>&nbsp;<\/p>\n<p>&nbsp;<\/p>\n<p>&nbsp;<\/p>\n","protected":false},"excerpt":{"rendered":"<p>El presidente del bloque de concejales del Frente para la Victoria, Juan Ignacio Ustarroz, lanz\u00f3 hoy formalmente los foros de &#8230; <a title=\"Ustarroz lanz\u00f3 cuatro foros de participaci\u00f3n ciudadana \u201cpara hacer entre todos una ciudad mejor\u201d\" class=\"read-more\" href=\"https:\/\/www.hoymercedes.com.ar\/principal\/2015\/04\/19\/ustarroz-lanzo-cuatro-foros-de-participacion-ciudadana-para-hacer-entre-todos-una-ciudad-mejor\/\" aria-label=\"Leer m\u00e1s sobre Ustarroz lanz\u00f3 cuatro foros de participaci\u00f3n ciudadana \u201cpara hacer entre todos una ciudad mejor\u201d\">Leer m\u00e1s<\/a><\/p>\n","protected":false},"author":1,"featured_media":40910,"comment_status":"open","ping_status":"open","sticky":false,"template":"","format":"standard","meta":{"_monsterinsights_skip_tracking":false,"_monsterinsights_sitenote_active":false,"_monsterinsights_sitenote_note":"","_monsterinsights_sitenote_category":0,"jetpack_post_was_ever_published":false,"_jetpack_newsletter_access":"","_jetpack_dont_email_post_to_subs":false,"_jetpack_newsletter_tier_id":0,"_jetpack_memberships_contains_paywalled_content":false,"_jetpack_memberships_contains_paid_content":false,"footnotes":"","jetpack_publicize_message":"","jetpack_publicize_feature_enabled":true,"jetpack_social_post_already_shared":true,"jetpack_social_options":{"image_generator_settings":{"template":"highway","default_image_id":0,"font":"","enabled":false},"version":2},"_wpas_customize_per_network":false},"categories":[5],"tags":[7198,7199,7101,424],"class_list":["post-40909","post","type-post","status-publish","format-standard","has-post-thumbnail","hentry","category-politica","tag-foro-participativo","tag-mercedes-frente-para-la-victroria","tag-primero-mercedes","tag-ustarroz","generate-columns","tablet-grid-50","mobile-grid-100","grid-parent","grid-50"],"jetpack_publicize_connections":[],"jetpack_featured_media_url":"https:\/\/www.hoymercedes.com.ar\/principal\/wp-content\/uploads\/2015\/04\/Uatarroz-Foro-PrimeroMercedes.jpg","wps_subtitle":"Ciudad 2015","jetpack_sharing_enabled":true,"jetpack-related-posts":[{"id":42375,"url":"https:\/\/www.hoymercedes.com.ar\/principal\/2015\/06\/12\/los-jovenes-debaten-el-futuro-de-la-ciudad-en-un-encuentro-promovido-por-juani-ustarroz\/","url_meta":{"origin":40909,"position":0},"title":"Los j\u00f3venes debaten el futuro de la ciudad en un encuentro promovido por Juani Ustarroz","author":"hoymercedes","date":"12 junio, 2015","format":false,"excerpt":"\u201cHacia d\u00f3nde vamos, qu\u00e9 ciudad queremos\u201d. Ese ser\u00e1 el eje de un encuentro de j\u00f3venes de nuestra ciudad promovido por el presidente del bloque de concejales del Frente Mercedino para la Victoria, Juan Ignacio Ustarroz, y que tendr\u00e1 lugar este s\u00e1bado, a partir de las 18, en la sede de\u2026","rel":"","context":"En \u00abPol\u00edtica\u00bb","block_context":{"text":"Pol\u00edtica","link":"https:\/\/www.hoymercedes.com.ar\/principal\/category\/politica\/"},"img":{"alt_text":"","src":"https:\/\/i0.wp.com\/www.hoymercedes.com.ar\/principal\/wp-content\/uploads\/2015\/03\/ustarroz-juan-frentemercedino.jpg?resize=350%2C200&ssl=1","width":350,"height":200,"srcset":"https:\/\/i0.wp.com\/www.hoymercedes.com.ar\/principal\/wp-content\/uploads\/2015\/03\/ustarroz-juan-frentemercedino.jpg?resize=350%2C200&ssl=1 1x, https:\/\/i0.wp.com\/www.hoymercedes.com.ar\/principal\/wp-content\/uploads\/2015\/03\/ustarroz-juan-frentemercedino.jpg?resize=525%2C300&ssl=1 1.5x"},"classes":[]},{"id":42323,"url":"https:\/\/www.hoymercedes.com.ar\/principal\/2015\/06\/09\/produccion-y-empleo-son-ejes-del-tercer-foro-del-frente-mercedino-para-la-victoria\/","url_meta":{"origin":40909,"position":1},"title":"\u00abProducci\u00f3n y empleo\u00bb son ejes del tercer foro del Frente Mercedino para la Victoria","author":"hoymercedes","date":"9 junio, 2015","format":false,"excerpt":"El presidente del bloque de concejales del Frente Mercedino para la Victoria, Juan Ignacio Ustarroz, acompa\u00f1ado de sus equipos t\u00e9cnicos, organizar\u00e1 este jueves la primera reuni\u00f3n formal del foro abierto de Producci\u00f3n y Empleo, el tercer eje tem\u00e1tico que se lanzar\u00e1 tras el desarrollo, la semana pasada, de los de\u2026","rel":"","context":"En \u00abPol\u00edtica\u00bb","block_context":{"text":"Pol\u00edtica","link":"https:\/\/www.hoymercedes.com.ar\/principal\/category\/politica\/"},"img":{"alt_text":"","src":"https:\/\/i0.wp.com\/www.hoymercedes.com.ar\/principal\/wp-content\/uploads\/2015\/06\/Ustarroz-EquipodeTrabajo.jpg?resize=350%2C200&ssl=1","width":350,"height":200,"srcset":"https:\/\/i0.wp.com\/www.hoymercedes.com.ar\/principal\/wp-content\/uploads\/2015\/06\/Ustarroz-EquipodeTrabajo.jpg?resize=350%2C200&ssl=1 1x, https:\/\/i0.wp.com\/www.hoymercedes.com.ar\/principal\/wp-content\/uploads\/2015\/06\/Ustarroz-EquipodeTrabajo.jpg?resize=525%2C300&ssl=1 1.5x"},"classes":[]},{"id":42119,"url":"https:\/\/www.hoymercedes.com.ar\/principal\/2015\/06\/01\/ustarroz-y-equipos-tecnicos-lanzan-este-martes-el-foro-de-planificacion\/","url_meta":{"origin":40909,"position":2},"title":"Ustarroz y equipos t\u00e9cnicos lanzan \u00e9ste martes el Foro de Planificaci\u00f3n","author":"hoymercedes","date":"1 junio, 2015","format":false,"excerpt":"El presidente del bloque de concejales del Frente Mercedino para la Victoria, Juan Ignacio Ustarroz, acompa\u00f1ado de sus equipos t\u00e9cnicos, organizar\u00e1 este martes la primera reuni\u00f3n formal del foro abierto de Planificaci\u00f3n y Servicios P\u00fablicos, en el que expondr\u00e1n como invitados Santiago Rodr\u00edguez y Federico Robledo, responsables de la Secretar\u00eda\u2026","rel":"","context":"En \u00abPol\u00edtica\u00bb","block_context":{"text":"Pol\u00edtica","link":"https:\/\/www.hoymercedes.com.ar\/principal\/category\/politica\/"},"img":{"alt_text":"","src":"https:\/\/i0.wp.com\/www.hoymercedes.com.ar\/principal\/wp-content\/uploads\/2015\/06\/Ustarroz-EquipodeTrabajo.jpg?resize=350%2C200&ssl=1","width":350,"height":200,"srcset":"https:\/\/i0.wp.com\/www.hoymercedes.com.ar\/principal\/wp-content\/uploads\/2015\/06\/Ustarroz-EquipodeTrabajo.jpg?resize=350%2C200&ssl=1 1x, https:\/\/i0.wp.com\/www.hoymercedes.com.ar\/principal\/wp-content\/uploads\/2015\/06\/Ustarroz-EquipodeTrabajo.jpg?resize=525%2C300&ssl=1 1.5x"},"classes":[]},{"id":43020,"url":"https:\/\/www.hoymercedes.com.ar\/principal\/2015\/07\/10\/parque-municipal-presento-juan-ustarroz-proyecto-para-recuperarlo-y-ponerlo-en-valor\/","url_meta":{"origin":40909,"position":3},"title":"Parque Municipal: present\u00f3 Juan Ustarroz proyecto para recuperarlo y ponerlo en valor","author":"hoymercedes","date":"10 julio, 2015","format":false,"excerpt":"El presidente del bloque de concejales y precandidato a intendente del Frente Mercedino para la Victoria, Juan Ignacio Ustarroz, present\u00f3 las bases de un proyecto para recuperar y poner en valor el Parque Municipal Independencia, \u201cno solo con la idea de que puedan disfrutarlo todos los vecinos de nuestra ciudad\u2026","rel":"","context":"En \u00abPol\u00edtica\u00bb","block_context":{"text":"Pol\u00edtica","link":"https:\/\/www.hoymercedes.com.ar\/principal\/category\/politica\/"},"img":{"alt_text":"","src":"https:\/\/i0.wp.com\/www.hoymercedes.com.ar\/principal\/wp-content\/uploads\/2015\/07\/proyecto-ustarroz-parquemunicipal.jpg?resize=350%2C200&ssl=1","width":350,"height":200,"srcset":"https:\/\/i0.wp.com\/www.hoymercedes.com.ar\/principal\/wp-content\/uploads\/2015\/07\/proyecto-ustarroz-parquemunicipal.jpg?resize=350%2C200&ssl=1 1x, https:\/\/i0.wp.com\/www.hoymercedes.com.ar\/principal\/wp-content\/uploads\/2015\/07\/proyecto-ustarroz-parquemunicipal.jpg?resize=525%2C300&ssl=1 1.5x"},"classes":[]},{"id":43630,"url":"https:\/\/www.hoymercedes.com.ar\/principal\/2015\/08\/04\/con-la-presencia-del-director-del-garrahan-ustarroz-lanza-el-foro-participativo-de-salud\/","url_meta":{"origin":40909,"position":4},"title":"Con la presencia del director del Garrahan, Ustarroz lanza el foro participativo de salud","author":"hoymercedes","date":"4 agosto, 2015","format":false,"excerpt":"\u00a0 El presidente del bloque de concejales y precandidato a intendente del Frente Mercedino para la Victoria, Juan Ignacio Ustarroz, lanzar\u00e1 meste\u00a0martes el Foro de Participaci\u00f3n Ciudadana de Salud con la presencia de importantes invitados, entre ellos el director del prestigioso hospital pedi\u00e1trico Garrahan, Marcelo Sconiparo. El encuentro ser\u00e1 a\u2026","rel":"","context":"En \u00abPol\u00edtica\u00bb","block_context":{"text":"Pol\u00edtica","link":"https:\/\/www.hoymercedes.com.ar\/principal\/category\/politica\/"},"img":{"alt_text":"","src":"https:\/\/i0.wp.com\/www.hoymercedes.com.ar\/principal\/wp-content\/uploads\/2015\/04\/mercedes-hospitalgarrahan.jpg?resize=350%2C200&ssl=1","width":350,"height":200,"srcset":"https:\/\/i0.wp.com\/www.hoymercedes.com.ar\/principal\/wp-content\/uploads\/2015\/04\/mercedes-hospitalgarrahan.jpg?resize=350%2C200&ssl=1 1x, https:\/\/i0.wp.com\/www.hoymercedes.com.ar\/principal\/wp-content\/uploads\/2015\/04\/mercedes-hospitalgarrahan.jpg?resize=525%2C300&ssl=1 1.5x"},"classes":[]},{"id":42268,"url":"https:\/\/www.hoymercedes.com.ar\/principal\/2015\/06\/06\/seguridad-ciudadana-como-un-eje-del-foro-de-planificacion-del-frente-mercedino\/","url_meta":{"origin":40909,"position":5},"title":"\u00abSeguridad ciudadana\u00bb como un eje del foro de planificaci\u00f3n del Frente Mercedino","author":"hoymercedes","date":"6 junio, 2015","format":false,"excerpt":"La planificaci\u00f3n urbana y el uso de los espacios p\u00fablicos en funci\u00f3n de la seguridad ciudadana fue el eje central en el inicio del foro del \u00e1rea organizado por el Frente Mercedino para la Victoria, este jueves, con la participaci\u00f3n del presidente del bloque de concejales de la agrupaci\u00f3n, Juan\u2026","rel":"","context":"En \u00abCiudad\u00bb","block_context":{"text":"Ciudad","link":"https:\/\/www.hoymercedes.com.ar\/principal\/category\/ciudad\/"},"img":{"alt_text":"","src":"https:\/\/i0.wp.com\/www.hoymercedes.com.ar\/principal\/wp-content\/uploads\/2015\/06\/foro-seguridadciudadana.jpg?resize=350%2C200&ssl=1","width":350,"height":200,"srcset":"https:\/\/i0.wp.com\/www.hoymercedes.com.ar\/principal\/wp-content\/uploads\/2015\/06\/foro-seguridadciudadana.jpg?resize=350%2C200&ssl=1 1x, https:\/\/i0.wp.com\/www.hoymercedes.com.ar\/principal\/wp-content\/uploads\/2015\/06\/foro-seguridadciudadana.jpg?resize=525%2C300&ssl=1 1.5x"},"classes":[]}],"_links":{"self":[{"href":"https:\/\/www.hoymercedes.com.ar\/principal\/wp-json\/wp\/v2\/posts\/40909","targetHints":{"allow":["GET"]}}],"collection":[{"href":"https:\/\/www.hoymercedes.com.ar\/principal\/wp-json\/wp\/v2\/posts"}],"about":[{"href":"https:\/\/www.hoymercedes.com.ar\/principal\/wp-json\/wp\/v2\/types\/post"}],"author":[{"embeddable":true,"href":"https:\/\/www.hoymercedes.com.ar\/principal\/wp-json\/wp\/v2\/users\/1"}],"replies":[{"embeddable":true,"href":"https:\/\/www.hoymercedes.com.ar\/principal\/wp-json\/wp\/v2\/comments?post=40909"}],"version-history":[{"count":0,"href":"https:\/\/www.hoymercedes.com.ar\/principal\/wp-json\/wp\/v2\/posts\/40909\/revisions"}],"wp:featuredmedia":[{"embeddable":true,"href":"https:\/\/www.hoymercedes.com.ar\/principal\/wp-json\/wp\/v2\/media\/40910"}],"wp:attachment":[{"href":"https:\/\/www.hoymercedes.com.ar\/principal\/wp-json\/wp\/v2\/media?parent=40909"}],"wp:term":[{"taxonomy":"category","embeddable":true,"href":"https:\/\/www.hoymercedes.com.ar\/principal\/wp-json\/wp\/v2\/categories?post=40909"},{"taxonomy":"post_tag","embeddable":true,"href":"https:\/\/www.hoymercedes.com.ar\/principal\/wp-json\/wp\/v2\/tags?post=40909"}],"curies":[{"name":"wp","href":"https:\/\/api.w.org\/{rel}","templated":true}]}}