{"id":40956,"date":"2015-04-20T21:18:27","date_gmt":"2015-04-21T00:18:27","guid":{"rendered":"http:\/\/www.hoymercedes.com.ar\/principal\/?p=40956"},"modified":"2015-04-20T21:22:07","modified_gmt":"2015-04-21T00:22:07","slug":"selva-fue-maravilloso-ver-el-acompanamiento-de-la-gente-para-con-sergio","status":"publish","type":"post","link":"https:\/\/www.hoymercedes.com.ar\/principal\/2015\/04\/20\/selva-fue-maravilloso-ver-el-acompanamiento-de-la-gente-para-con-sergio\/","title":{"rendered":"Selva: \u201cFue maravilloso ver el acompa\u00f1amiento de la gente para con Sergio\u201d"},"content":{"rendered":"<p><a href=\"https:\/\/www.hoymercedes.com.ar\/principal\/wp-content\/uploads\/2015\/04\/selva-massa-entrerios.jpg\"><img loading=\"lazy\" decoding=\"async\" data-attachment-id=\"40957\" data-permalink=\"https:\/\/www.hoymercedes.com.ar\/principal\/2015\/04\/20\/selva-fue-maravilloso-ver-el-acompanamiento-de-la-gente-para-con-sergio\/selva-massa-entrerios\/#main\" data-orig-file=\"https:\/\/www.hoymercedes.com.ar\/principal\/wp-content\/uploads\/2015\/04\/selva-massa-entrerios.jpg\" data-orig-size=\"620,463\" data-comments-opened=\"1\" data-image-meta=\"{&quot;aperture&quot;:&quot;0&quot;,&quot;credit&quot;:&quot;&quot;,&quot;camera&quot;:&quot;&quot;,&quot;caption&quot;:&quot;&quot;,&quot;created_timestamp&quot;:&quot;0&quot;,&quot;copyright&quot;:&quot;&quot;,&quot;focal_length&quot;:&quot;0&quot;,&quot;iso&quot;:&quot;0&quot;,&quot;shutter_speed&quot;:&quot;0&quot;,&quot;title&quot;:&quot;&quot;,&quot;orientation&quot;:&quot;0&quot;}\" data-image-title=\"selva-massa-entrerios\" data-image-description=\"\" data-image-caption=\"\" data-large-file=\"https:\/\/www.hoymercedes.com.ar\/principal\/wp-content\/uploads\/2015\/04\/selva-massa-entrerios.jpg\" class=\"Img2014 aligncenter wp-image-40957 size-full\" src=\"https:\/\/www.hoymercedes.com.ar\/principal\/wp-content\/uploads\/2015\/04\/selva-massa-entrerios.jpg\" alt=\"selva-massa-entrerios\" width=\"620\" height=\"463\" \/><\/a><\/p>\n<p>El intendente Carlos Selva particip\u00f3 el pasada s\u00e1bado de una multitudinaria visita y caravana que llev\u00f3 adelante el diputado Sergio Massa en la ciudad de Paran\u00e1 apoyando a los candidatos locales.<\/p>\n<p>El primer mandatario lleg\u00f3 hasta la ciudad entrerriana junto con Massa y el candidato a intendente de Bah\u00eda Blanca Damaso Larraburu. La llegada del candidato presidencial fue acompa\u00f1ada por una multitud que lo acompa\u00f1\u00f3 en la caravana de m\u00e1s de 65 cuadras y luego de una caminata en la peatonal.<\/p>\n<p>\u201cFue maravilloso ver el acompa\u00f1amiento de la gente para con Sergio. Es un hombre que en el contacto con la gente hace la diferencia por sobre los otros candidatos. Fue masivo el acompa\u00f1amiento, o sea que estamos muy bien posicionados para lo que viene\u201d, dijo el intendente Selva.<\/p>\n<p>En la movida de Massa en Entre R\u00edos el gran referente fue el intendente de Villaguay Adri\u00e1n Fuertes, quien forma parte del Frente Renovador desde el a\u00f1o pasado. El entrerriano lleg\u00f3 al partido de Massa de la mano de Selva, quien se reuni\u00f3 con \u00e9l en reiteradas ocasiones aqu\u00ed en Mercedes. \u201cAdri\u00e1n ten\u00eda ganas de participar con nosotros y yo fui el v\u00ednculo para que esto suceda. Hoy creci\u00f3 mucho en su provincia, es un dirigente joven y con mucha capacidad de gobierno\u201d, asegur\u00f3 Selva sobre el intendente de VIllaguay.<\/p>\n","protected":false},"excerpt":{"rendered":"<p>El intendente Carlos Selva particip\u00f3 el pasada s\u00e1bado de una multitudinaria visita y caravana que llev\u00f3 adelante el diputado Sergio &#8230; <a title=\"Selva: \u201cFue maravilloso ver el acompa\u00f1amiento de la gente para con Sergio\u201d\" class=\"read-more\" href=\"https:\/\/www.hoymercedes.com.ar\/principal\/2015\/04\/20\/selva-fue-maravilloso-ver-el-acompanamiento-de-la-gente-para-con-sergio\/\" aria-label=\"Leer m\u00e1s sobre Selva: \u201cFue maravilloso ver el acompa\u00f1amiento de la gente para con Sergio\u201d\">Leer m\u00e1s<\/a><\/p>\n","protected":false},"author":1,"featured_media":40957,"comment_status":"open","ping_status":"open","sticky":false,"template":"","format":"standard","meta":{"_monsterinsights_skip_tracking":false,"_monsterinsights_sitenote_active":false,"_monsterinsights_sitenote_note":"","_monsterinsights_sitenote_category":0,"jetpack_post_was_ever_published":false,"_jetpack_newsletter_access":"","_jetpack_dont_email_post_to_subs":false,"_jetpack_newsletter_tier_id":0,"_jetpack_memberships_contains_paywalled_content":false,"_jetpack_memberships_contains_paid_content":false,"footnotes":"","jetpack_publicize_message":"","jetpack_publicize_feature_enabled":true,"jetpack_social_post_already_shared":true,"jetpack_social_options":{"image_generator_settings":{"template":"highway","default_image_id":0,"font":"","enabled":false},"version":2},"_wpas_customize_per_network":false},"categories":[5],"tags":[39,2684],"class_list":["post-40956","post","type-post","status-publish","format-standard","has-post-thumbnail","hentry","category-politica","tag-carlos-selva","tag-sergio-massa","generate-columns","tablet-grid-50","mobile-grid-100","grid-parent","grid-50"],"jetpack_publicize_connections":[],"jetpack_featured_media_url":"https:\/\/www.hoymercedes.com.ar\/principal\/wp-content\/uploads\/2015\/04\/selva-massa-entrerios.jpg","wps_subtitle":"En Paran\u00e1","jetpack_sharing_enabled":true,"_links":{"self":[{"href":"https:\/\/www.hoymercedes.com.ar\/principal\/wp-json\/wp\/v2\/posts\/40956","targetHints":{"allow":["GET"]}}],"collection":[{"href":"https:\/\/www.hoymercedes.com.ar\/principal\/wp-json\/wp\/v2\/posts"}],"about":[{"href":"https:\/\/www.hoymercedes.com.ar\/principal\/wp-json\/wp\/v2\/types\/post"}],"author":[{"embeddable":true,"href":"https:\/\/www.hoymercedes.com.ar\/principal\/wp-json\/wp\/v2\/users\/1"}],"replies":[{"embeddable":true,"href":"https:\/\/www.hoymercedes.com.ar\/principal\/wp-json\/wp\/v2\/comments?post=40956"}],"version-history":[{"count":0,"href":"https:\/\/www.hoymercedes.com.ar\/principal\/wp-json\/wp\/v2\/posts\/40956\/revisions"}],"wp:featuredmedia":[{"embeddable":true,"href":"https:\/\/www.hoymercedes.com.ar\/principal\/wp-json\/wp\/v2\/media\/40957"}],"wp:attachment":[{"href":"https:\/\/www.hoymercedes.com.ar\/principal\/wp-json\/wp\/v2\/media?parent=40956"}],"wp:term":[{"taxonomy":"category","embeddable":true,"href":"https:\/\/www.hoymercedes.com.ar\/principal\/wp-json\/wp\/v2\/categories?post=40956"},{"taxonomy":"post_tag","embeddable":true,"href":"https:\/\/www.hoymercedes.com.ar\/principal\/wp-json\/wp\/v2\/tags?post=40956"}],"curies":[{"name":"wp","href":"https:\/\/api.w.org\/{rel}","templated":true}]}}