{"id":4106,"date":"2011-05-09T01:57:36","date_gmt":"2011-05-09T01:57:36","guid":{"rendered":"http:\/\/www.hoymercedes.com.ar\/principal\/?p=4106"},"modified":"2011-05-09T01:57:36","modified_gmt":"2011-05-09T01:57:36","slug":"se-realizara-atletismo-escolar-en-la-ciudad","status":"publish","type":"post","link":"https:\/\/www.hoymercedes.com.ar\/principal\/2011\/05\/09\/se-realizara-atletismo-escolar-en-la-ciudad\/","title":{"rendered":"Se realizar\u00e1 Atletismo escolar en la ciudad"},"content":{"rendered":"<p>El pr\u00f3ximo viernes 13 de mayo en las instalaciones del Ex-Mart\u00edn Rodr\u00edguez a partir de las 9,00 hs se llevara a cabo un torneo de mini-atletismo escolar. Esta actividad organizada por el CEF 40 y la Direcci\u00f3n de Deportes estar\u00e1 reservada para ni\u00f1os y ni\u00f1as de 9 y 10 a\u00f1os que cursen el 4to y 5to grado en las escuelas publicas o privadas de la ciudad.<\/p>\n<p>Cada establecimiento podr\u00e1 llevar hasta 10 alumnos varones y 10 mujeres y ser\u00e1n divididos por colores participando en forma individual y por grupos participando en 60 metros, salto en largo y postas de relevo. Esta nueva idea de proyectar el deporte en los ni\u00f1os se realiza por primera vez en nuestra ciudad y tendr\u00e1 continuidad en los pr\u00f3ximos ciclos lectivos.En caso de lluvia se realizara el viernes 20 de mayo.<\/p>\n<p><span style=\"color: #888888;\">Fuente: Dir. Deportes<\/span><\/p>\n","protected":false},"excerpt":{"rendered":"<p>El pr\u00f3ximo viernes 13 de mayo en las instalaciones del Ex-Mart\u00edn Rodr\u00edguez a partir de las 9,00 hs se llevara &#8230; <a title=\"Se realizar\u00e1 Atletismo escolar en la ciudad\" class=\"read-more\" href=\"https:\/\/www.hoymercedes.com.ar\/principal\/2011\/05\/09\/se-realizara-atletismo-escolar-en-la-ciudad\/\" aria-label=\"Leer m\u00e1s sobre Se realizar\u00e1 Atletismo escolar en la ciudad\">Leer m\u00e1s<\/a><\/p>\n","protected":false},"author":1,"featured_media":0,"comment_status":"open","ping_status":"open","sticky":false,"template":"","format":"standard","meta":{"_monsterinsights_skip_tracking":false,"_monsterinsights_sitenote_active":false,"_monsterinsights_sitenote_note":"","_monsterinsights_sitenote_category":0,"jetpack_post_was_ever_published":false,"_jetpack_newsletter_access":"","_jetpack_dont_email_post_to_subs":false,"_jetpack_newsletter_tier_id":0,"_jetpack_memberships_contains_paywalled_content":false,"_jetpack_memberships_contains_paid_content":false,"footnotes":"","jetpack_publicize_message":"","jetpack_publicize_feature_enabled":true,"jetpack_social_post_already_shared":false,"jetpack_social_options":{"image_generator_settings":{"template":"highway","default_image_id":0,"font":"","enabled":false},"version":2},"_wpas_customize_per_network":false},"categories":[21,30],"tags":[777,10],"class_list":["post-4106","post","type-post","status-publish","format-standard","hentry","category-deportes","category-municipio","tag-direccion-de-deportes","tag-mercedes","generate-columns","tablet-grid-50","mobile-grid-100","grid-parent","grid-50"],"jetpack_publicize_connections":[],"jetpack_featured_media_url":"","wps_subtitle":"","jetpack_sharing_enabled":true,"_links":{"self":[{"href":"https:\/\/www.hoymercedes.com.ar\/principal\/wp-json\/wp\/v2\/posts\/4106","targetHints":{"allow":["GET"]}}],"collection":[{"href":"https:\/\/www.hoymercedes.com.ar\/principal\/wp-json\/wp\/v2\/posts"}],"about":[{"href":"https:\/\/www.hoymercedes.com.ar\/principal\/wp-json\/wp\/v2\/types\/post"}],"author":[{"embeddable":true,"href":"https:\/\/www.hoymercedes.com.ar\/principal\/wp-json\/wp\/v2\/users\/1"}],"replies":[{"embeddable":true,"href":"https:\/\/www.hoymercedes.com.ar\/principal\/wp-json\/wp\/v2\/comments?post=4106"}],"version-history":[{"count":0,"href":"https:\/\/www.hoymercedes.com.ar\/principal\/wp-json\/wp\/v2\/posts\/4106\/revisions"}],"wp:attachment":[{"href":"https:\/\/www.hoymercedes.com.ar\/principal\/wp-json\/wp\/v2\/media?parent=4106"}],"wp:term":[{"taxonomy":"category","embeddable":true,"href":"https:\/\/www.hoymercedes.com.ar\/principal\/wp-json\/wp\/v2\/categories?post=4106"},{"taxonomy":"post_tag","embeddable":true,"href":"https:\/\/www.hoymercedes.com.ar\/principal\/wp-json\/wp\/v2\/tags?post=4106"}],"curies":[{"name":"wp","href":"https:\/\/api.w.org\/{rel}","templated":true}]}}