{"id":41092,"date":"2015-04-24T22:24:51","date_gmt":"2015-04-25T01:24:51","guid":{"rendered":"http:\/\/www.hoymercedes.com.ar\/principal\/?p=41092"},"modified":"2015-04-25T19:58:54","modified_gmt":"2015-04-25T22:58:54","slug":"realizaron-controles-oftalmologicos-a-200-internos-de-la-unidad-n5","status":"publish","type":"post","link":"https:\/\/www.hoymercedes.com.ar\/principal\/2015\/04\/24\/realizaron-controles-oftalmologicos-a-200-internos-de-la-unidad-n5\/","title":{"rendered":"Realizaron controles oftalmol\u00f3gicos a 200 internos de la Unidad N\u00b05"},"content":{"rendered":"<p><a href=\"https:\/\/www.hoymercedes.com.ar\/principal\/wp-content\/uploads\/2015\/04\/20150415_092011_resized.jpg\"><img loading=\"lazy\" decoding=\"async\" data-attachment-id=\"41093\" data-permalink=\"https:\/\/www.hoymercedes.com.ar\/principal\/2015\/04\/24\/realizaron-controles-oftalmologicos-a-200-internos-de-la-unidad-n5\/20150415_092011_resized\/#main\" data-orig-file=\"https:\/\/www.hoymercedes.com.ar\/principal\/wp-content\/uploads\/2015\/04\/20150415_092011_resized.jpg\" data-orig-size=\"620,827\" data-comments-opened=\"1\" data-image-meta=\"{&quot;aperture&quot;:&quot;0&quot;,&quot;credit&quot;:&quot;&quot;,&quot;camera&quot;:&quot;&quot;,&quot;caption&quot;:&quot;&quot;,&quot;created_timestamp&quot;:&quot;0&quot;,&quot;copyright&quot;:&quot;&quot;,&quot;focal_length&quot;:&quot;0&quot;,&quot;iso&quot;:&quot;0&quot;,&quot;shutter_speed&quot;:&quot;0&quot;,&quot;title&quot;:&quot;&quot;,&quot;orientation&quot;:&quot;0&quot;}\" data-image-title=\"20150415_092011_resized\" data-image-description=\"\" data-image-caption=\"\" data-large-file=\"https:\/\/www.hoymercedes.com.ar\/principal\/wp-content\/uploads\/2015\/04\/20150415_092011_resized.jpg\" class=\"Img2014 aligncenter wp-image-41093 size-full\" src=\"https:\/\/www.hoymercedes.com.ar\/principal\/wp-content\/uploads\/2015\/04\/20150415_092011_resized.jpg\" alt=\"20150415_092011_resized\" width=\"620\" height=\"827\" srcset=\"https:\/\/www.hoymercedes.com.ar\/principal\/wp-content\/uploads\/2015\/04\/20150415_092011_resized.jpg 620w, https:\/\/www.hoymercedes.com.ar\/principal\/wp-content\/uploads\/2015\/04\/20150415_092011_resized-465x620.jpg 465w\" sizes=\"auto, (max-width: 620px) 100vw, 620px\" \/><\/a><\/p>\n<p><strong>Durante los d\u00edas 14, 15, 17 y 21 de abril, en horas de la ma\u00f1ana, dentro de la Unidad N\u00ba 5 de Mercedes, se realizaron controles oftalmol\u00f3gicos b\u00e1sicos a m\u00e1s de 200 internos e internas que estudian en alg\u00fan nivel educativo dentro de la c\u00e1rcel que pueden ser primaria, secundaria y terciaria.<\/strong><\/p>\n<p>La atenci\u00f3n estuvo a cargo del Oftalm\u00f3logo Fernando Rivera, del Hospital Zonal Blas Dubarry, que realiz\u00f3 personalmente los chequeos, que consintieron en una atenci\u00f3n b\u00e1sica para determinar el uso de anteojos, establecidos por un test de agudeza visual y la lectura de un refract\u00f3metro computarizado.<\/p>\n<p>A su vez, si de las consultas surgieron necesidades de estudios de mayor complejidad, se realiz\u00f3 la derivaci\u00f3n al hospital donde se encuentran los elementos necesarios para completar el examen oftalmol\u00f3gico completo.<\/p>\n<p>Rivera saludo a cada uno de los pacientes, les hizo unas breves preguntas de manera amable, para luego comenzar la rutina del control y\u00a0 nos expreso \u00abme sent\u00ed muy c\u00f3modo y como si estuviera en la atenci\u00f3n del hospital, y los internos son muy educados, atentos y agradecidos\u00bb.<\/p>\n<p>El control fue coordinado entre el Hospital Zonal \u00abBlas Dubarry\u00bb\u00a0 la Unidad Sanitaria V de la Direcci\u00f3n de Salud Penitenciaria, la Unidad N\u00ba 5 del Servicio Penitenciario y la Oficina de Pre Egreso del Patronato de Liberados.<\/p>\n<p>El Director de la Unidad 5 Inspector Mayor Marcelo Gorosito, agradeci\u00f3 el aporte de todas las instituciones que llevaron adelante estos controles, los cuales son un aporte para los internos que deciden estudiar y hacer un cambio en sus vidas a trav\u00e9s de la educaci\u00f3n.<\/p>\n<p>&nbsp;<\/p>\n<p>&nbsp;<\/p>\n<p>&nbsp;<\/p>\n<p>&nbsp;<\/p>\n","protected":false},"excerpt":{"rendered":"<p>Durante los d\u00edas 14, 15, 17 y 21 de abril, en horas de la ma\u00f1ana, dentro de la Unidad N\u00ba &#8230; <a title=\"Realizaron controles oftalmol\u00f3gicos a 200 internos de la Unidad N\u00b05\" class=\"read-more\" href=\"https:\/\/www.hoymercedes.com.ar\/principal\/2015\/04\/24\/realizaron-controles-oftalmologicos-a-200-internos-de-la-unidad-n5\/\" aria-label=\"Leer m\u00e1s sobre Realizaron controles oftalmol\u00f3gicos a 200 internos de la Unidad N\u00b05\">Leer m\u00e1s<\/a><\/p>\n","protected":false},"author":1,"featured_media":41093,"comment_status":"open","ping_status":"open","sticky":false,"template":"","format":"standard","meta":{"_monsterinsights_skip_tracking":false,"_monsterinsights_sitenote_active":false,"_monsterinsights_sitenote_note":"","_monsterinsights_sitenote_category":0,"jetpack_post_was_ever_published":false,"_jetpack_newsletter_access":"","_jetpack_dont_email_post_to_subs":false,"_jetpack_newsletter_tier_id":0,"_jetpack_memberships_contains_paywalled_content":false,"_jetpack_memberships_contains_paid_content":false,"footnotes":"","jetpack_publicize_message":"","jetpack_publicize_feature_enabled":true,"jetpack_social_post_already_shared":true,"jetpack_social_options":{"image_generator_settings":{"template":"highway","default_image_id":0,"font":"","enabled":false},"version":2},"_wpas_customize_per_network":false},"categories":[8],"tags":[7224,113],"class_list":["post-41092","post","type-post","status-publish","format-standard","has-post-thumbnail","hentry","category-sociedad","tag-controles-oftalmologicos-unidad-5","tag-unidad-5","generate-columns","tablet-grid-50","mobile-grid-100","grid-parent","grid-50"],"jetpack_publicize_connections":[],"jetpack_featured_media_url":"https:\/\/www.hoymercedes.com.ar\/principal\/wp-content\/uploads\/2015\/04\/20150415_092011_resized.jpg","wps_subtitle":"Salud y bienestar","jetpack_sharing_enabled":true,"_links":{"self":[{"href":"https:\/\/www.hoymercedes.com.ar\/principal\/wp-json\/wp\/v2\/posts\/41092","targetHints":{"allow":["GET"]}}],"collection":[{"href":"https:\/\/www.hoymercedes.com.ar\/principal\/wp-json\/wp\/v2\/posts"}],"about":[{"href":"https:\/\/www.hoymercedes.com.ar\/principal\/wp-json\/wp\/v2\/types\/post"}],"author":[{"embeddable":true,"href":"https:\/\/www.hoymercedes.com.ar\/principal\/wp-json\/wp\/v2\/users\/1"}],"replies":[{"embeddable":true,"href":"https:\/\/www.hoymercedes.com.ar\/principal\/wp-json\/wp\/v2\/comments?post=41092"}],"version-history":[{"count":0,"href":"https:\/\/www.hoymercedes.com.ar\/principal\/wp-json\/wp\/v2\/posts\/41092\/revisions"}],"wp:featuredmedia":[{"embeddable":true,"href":"https:\/\/www.hoymercedes.com.ar\/principal\/wp-json\/wp\/v2\/media\/41093"}],"wp:attachment":[{"href":"https:\/\/www.hoymercedes.com.ar\/principal\/wp-json\/wp\/v2\/media?parent=41092"}],"wp:term":[{"taxonomy":"category","embeddable":true,"href":"https:\/\/www.hoymercedes.com.ar\/principal\/wp-json\/wp\/v2\/categories?post=41092"},{"taxonomy":"post_tag","embeddable":true,"href":"https:\/\/www.hoymercedes.com.ar\/principal\/wp-json\/wp\/v2\/tags?post=41092"}],"curies":[{"name":"wp","href":"https:\/\/api.w.org\/{rel}","templated":true}]}}