{"id":41095,"date":"2015-04-24T22:36:20","date_gmt":"2015-04-25T01:36:20","guid":{"rendered":"http:\/\/www.hoymercedes.com.ar\/principal\/?p=41095"},"modified":"2015-04-25T19:57:49","modified_gmt":"2015-04-25T22:57:49","slug":"massismo-y-una-reunion-clave-en-mercedes-con-selva-como-anfitrion","status":"publish","type":"post","link":"https:\/\/www.hoymercedes.com.ar\/principal\/2015\/04\/24\/massismo-y-una-reunion-clave-en-mercedes-con-selva-como-anfitrion\/","title":{"rendered":"Massismo y una reuni\u00f3n clave en Mercedes con Selva como anfitri\u00f3n"},"content":{"rendered":"<p><a href=\"https:\/\/www.hoymercedes.com.ar\/principal\/wp-content\/uploads\/2015\/04\/DSC_0163.jpg\"><img loading=\"lazy\" decoding=\"async\" data-attachment-id=\"41096\" data-permalink=\"https:\/\/www.hoymercedes.com.ar\/principal\/2015\/04\/24\/massismo-y-una-reunion-clave-en-mercedes-con-selva-como-anfitrion\/dsc_0163\/#main\" data-orig-file=\"https:\/\/www.hoymercedes.com.ar\/principal\/wp-content\/uploads\/2015\/04\/DSC_0163.jpg\" data-orig-size=\"620,252\" data-comments-opened=\"1\" data-image-meta=\"{&quot;aperture&quot;:&quot;8&quot;,&quot;credit&quot;:&quot;&quot;,&quot;camera&quot;:&quot;NIKON D3100&quot;,&quot;caption&quot;:&quot;&quot;,&quot;created_timestamp&quot;:&quot;1429302585&quot;,&quot;copyright&quot;:&quot;&quot;,&quot;focal_length&quot;:&quot;18&quot;,&quot;iso&quot;:&quot;100&quot;,&quot;shutter_speed&quot;:&quot;0.004&quot;,&quot;title&quot;:&quot;&quot;,&quot;orientation&quot;:&quot;0&quot;}\" data-image-title=\"DSC_0163\" data-image-description=\"\" data-image-caption=\"\" data-large-file=\"https:\/\/www.hoymercedes.com.ar\/principal\/wp-content\/uploads\/2015\/04\/DSC_0163.jpg\" class=\"Img2014 aligncenter wp-image-41096 size-full\" src=\"https:\/\/www.hoymercedes.com.ar\/principal\/wp-content\/uploads\/2015\/04\/DSC_0163.jpg\" alt=\"DSC_0163\" width=\"620\" height=\"252\" \/><\/a><\/p>\n<p><em><strong>La ciudad de Mercedes fue la sede de un encuentro del Frente Renovador, donde Sergio Massa confirm\u00f3 su lanzamiento con un multitudinario acto en la cancha de V\u00e9lez.<\/strong><\/em><\/p>\n<p>El sal\u00f3n de eventos \u00abLa cercana\u00bb en la ciudad de Mercedes fue la sede de un encuentro de una veintena de intendentes con Carlos Selva como referente, de la cual tambi\u00e9n particip\u00f3 Malena Galamarini y el diputado nacional Sergio Massa. El precandidato presidencial ratific\u00f3 que el pr\u00f3ximo viernes 1\u00ba de mayo lanzar\u00e1 su postulaci\u00f3n con un acto en el estadio de V\u00e9lez Sarsfield.<\/p>\n<p>Desde el Frente Renovador, se\u00f1alaron la intenci\u00f3n de que se convierta en una \u00abfiesta de la familia\u00bb y se espera que all\u00ed anuncie qui\u00e9n lo acompa\u00f1ar\u00e1 en la f\u00f3rmula. Seg\u00fan informaron desde el armado massista, habr\u00e1 durante la tarde grupos de m\u00fasica y el acto se filmar\u00e1 con drones y se transmitir\u00e1 por televisi\u00f3n e internet. Se estima que el discurso de Massa -que har\u00e1 eje en seguridad, empleo y educaci\u00f3n- ser\u00e1 sobre las 18.30 horas.<\/p>\n<p>En la reuni\u00f3n estuvieron jefes comunales como Jos\u00e9 Eseverri (Olavarr\u00eda), Joaqu\u00edn De la Torre (San Miguel), Ra\u00fal Othaceh\u00e9 (Merlo), Fernando Carballo (Magadalena), Daniel Bolettieri (Almirante Brown), Humberto Z\u00faccaro (Pilar), Jes\u00fas Cariglino (Malvinas Argentinas), Carlos Puglielli (San Andr\u00e9s de Giles), Luis Acu\u00f1a (Hurlingham), Luis Andreotti (San Fernando), Julio Zamora (Tigre), Gustavo Bevilacqua (Bah\u00eda Blanca), Luis Meoni (Jun\u00edn), Daniel Bolinaga (Arrecifes), el diputado Gilberto Alegre y otros.<\/p>\n<p>&nbsp;<\/p>\n<p>&nbsp;<\/p>\n","protected":false},"excerpt":{"rendered":"<p>La ciudad de Mercedes fue la sede de un encuentro del Frente Renovador, donde Sergio Massa confirm\u00f3 su lanzamiento con &#8230; <a title=\"Massismo y una reuni\u00f3n clave en Mercedes con Selva como anfitri\u00f3n\" class=\"read-more\" href=\"https:\/\/www.hoymercedes.com.ar\/principal\/2015\/04\/24\/massismo-y-una-reunion-clave-en-mercedes-con-selva-como-anfitrion\/\" aria-label=\"Leer m\u00e1s sobre Massismo y una reuni\u00f3n clave en Mercedes con Selva como anfitri\u00f3n\">Leer m\u00e1s<\/a><\/p>\n","protected":false},"author":1,"featured_media":41096,"comment_status":"open","ping_status":"open","sticky":false,"template":"","format":"standard","meta":{"_monsterinsights_skip_tracking":false,"_monsterinsights_sitenote_active":false,"_monsterinsights_sitenote_note":"","_monsterinsights_sitenote_category":0,"jetpack_post_was_ever_published":false,"_jetpack_newsletter_access":"","_jetpack_dont_email_post_to_subs":false,"_jetpack_newsletter_tier_id":0,"_jetpack_memberships_contains_paywalled_content":false,"_jetpack_memberships_contains_paid_content":false,"footnotes":"","jetpack_publicize_message":"","jetpack_publicize_feature_enabled":true,"jetpack_social_post_already_shared":true,"jetpack_social_options":{"image_generator_settings":{"template":"highway","default_image_id":0,"font":"","enabled":false},"version":2},"_wpas_customize_per_network":false},"categories":[5],"tags":[6855,7225],"class_list":["post-41095","post","type-post","status-publish","format-standard","has-post-thumbnail","hentry","category-politica","tag-intendentes-en-mercedes","tag-reunion-masismo","generate-columns","tablet-grid-50","mobile-grid-100","grid-parent","grid-50"],"jetpack_publicize_connections":[],"jetpack_featured_media_url":"https:\/\/www.hoymercedes.com.ar\/principal\/wp-content\/uploads\/2015\/04\/DSC_0163.jpg","wps_subtitle":"Armado 2015 ","jetpack_sharing_enabled":true,"jetpack-related-posts":[{"id":41326,"url":"https:\/\/www.hoymercedes.com.ar\/principal\/2015\/05\/01\/cerca-de-500-mercedinos-fueron-a-velez-al-acto-de-massa-con-selva-sobre-el-escenario\/","url_meta":{"origin":41095,"position":0},"title":"Cerca de 500 mercedinos fueron a V\u00e9lez al acto de Massa con Selva sobre el escenario","author":"hoymercedes","date":"1 mayo, 2015","format":false,"excerpt":"El Frente Renovador Mercedes se moviliz\u00f3 con fuerza a la cancha de V\u00e9lez al acto que Sergio Massa ofreci\u00f3 con miras a su candidatura a la presidencia. Casi 500 personas. 10 micros, 4 combis y varios autos particulares se observaron en la caravana que desde Mercedes parti\u00f3 a Liniers. Selva\u2026","rel":"","context":"En \u00abPol\u00edtica\u00bb","block_context":{"text":"Pol\u00edtica","link":"https:\/\/www.hoymercedes.com.ar\/principal\/category\/politica\/"},"img":{"alt_text":"","src":"https:\/\/i0.wp.com\/www.hoymercedes.com.ar\/principal\/wp-content\/uploads\/2015\/05\/Selvismo-Velez-2015-Liniers.jpg?resize=350%2C200&ssl=1","width":350,"height":200,"srcset":"https:\/\/i0.wp.com\/www.hoymercedes.com.ar\/principal\/wp-content\/uploads\/2015\/05\/Selvismo-Velez-2015-Liniers.jpg?resize=350%2C200&ssl=1 1x, https:\/\/i0.wp.com\/www.hoymercedes.com.ar\/principal\/wp-content\/uploads\/2015\/05\/Selvismo-Velez-2015-Liniers.jpg?resize=525%2C300&ssl=1 1.5x"},"classes":[]},{"id":31487,"url":"https:\/\/www.hoymercedes.com.ar\/principal\/2014\/04\/06\/multitudinario-encuentro-del-frente-renovador-en-mercedes-con-massa-cerrando\/","url_meta":{"origin":41095,"position":1},"title":"Multitudinario encuentro del Frente Renovador en Mercedes con Massa cerrando","author":"hoymercedes","date":"6 abril, 2014","format":false,"excerpt":"(FR) El diputado nacional Sergio Massa particip\u00f3 del encuentro provincial de concejales del Frente Renovador, que se realiz\u00f3 en Mercedes y que tuvo al intendente Carlos Selva como anfitri\u00f3n de 11 intendentes y una treintena de legisladores nacionales y provinciales del Frente Renovador. Este s\u00e1bado, Mercedes fue el epicentro de\u2026","rel":"","context":"En \u00abPol\u00edtica\u00bb","block_context":{"text":"Pol\u00edtica","link":"https:\/\/www.hoymercedes.com.ar\/principal\/category\/politica\/"},"img":{"alt_text":"Massa-Selva-Giustozzi","src":"https:\/\/i0.wp.com\/www.hoymercedes.com.ar\/principal\/wp-content\/uploads\/2014\/04\/Massa-Selva-Giustozzi.jpg?resize=350%2C200","width":350,"height":200,"srcset":"https:\/\/i0.wp.com\/www.hoymercedes.com.ar\/principal\/wp-content\/uploads\/2014\/04\/Massa-Selva-Giustozzi.jpg?resize=350%2C200 1x, https:\/\/i0.wp.com\/www.hoymercedes.com.ar\/principal\/wp-content\/uploads\/2014\/04\/Massa-Selva-Giustozzi.jpg?resize=525%2C300 1.5x"},"classes":[]},{"id":30699,"url":"https:\/\/www.hoymercedes.com.ar\/principal\/2014\/03\/13\/selva-junto-a-massa-en-reunion-de-trabajo-por-temas-judiciales\/","url_meta":{"origin":41095,"position":2},"title":"Selva junto a Massa en reuni\u00f3n de trabajo por temas judiciales","author":"hoymercedes","date":"13 marzo, 2014","format":false,"excerpt":"El intendente Carlos Selva particip\u00f3 durante la ma\u00f1ana de \u00e9ste mi\u00e9rcoles de una mesa de trabajo junto a Sergio Massa, en lo que fue la presentaci\u00f3n oficial de la campa\u00f1a de 5 millones de firmas contra la no reforma del c\u00f3digo penal. El intendente mercedino fue parte de este encuentro\u2026","rel":"","context":"En \u00abSociedad\u00bb","block_context":{"text":"Sociedad","link":"https:\/\/www.hoymercedes.com.ar\/principal\/category\/sociedad\/"},"img":{"alt_text":"selva-massa","src":"https:\/\/i0.wp.com\/www.hoymercedes.com.ar\/principal\/wp-content\/uploads\/2014\/03\/selva-massa.jpg?resize=350%2C200","width":350,"height":200,"srcset":"https:\/\/i0.wp.com\/www.hoymercedes.com.ar\/principal\/wp-content\/uploads\/2014\/03\/selva-massa.jpg?resize=350%2C200 1x, https:\/\/i0.wp.com\/www.hoymercedes.com.ar\/principal\/wp-content\/uploads\/2014\/03\/selva-massa.jpg?resize=525%2C300 1.5x"},"classes":[]},{"id":41523,"url":"https:\/\/www.hoymercedes.com.ar\/principal\/2015\/05\/10\/carlos-selva-junto-a-sergio-massa-en-acto-en-las-heras\/","url_meta":{"origin":41095,"position":3},"title":"Carlos Selva junto a Sergio Massa en acto en Las Heras juntos a los principales referentes del FR","author":"hoymercedes","date":"10 mayo, 2015","format":false,"excerpt":"Este s\u00e1bado al mediod\u00eda, se llev\u00f3 adelante un importante acto del Frente Renovador en las instalaciones del club Sportman de la localidad de las Heras. Estuvieron presentes el pre candidato a presidente de la Rep\u00fablica, Sergio Massa, su esposa, Malena Galmarini, los diputados nacionales Felipe Sol\u00e1, y Mirta Tundis, y\u2026","rel":"","context":"En \u00abPol\u00edtica\u00bb","block_context":{"text":"Pol\u00edtica","link":"https:\/\/www.hoymercedes.com.ar\/principal\/category\/politica\/"},"img":{"alt_text":"","src":"https:\/\/i0.wp.com\/www.hoymercedes.com.ar\/principal\/wp-content\/uploads\/2015\/05\/massa.selva_.lasheras.jpg?resize=350%2C200&ssl=1","width":350,"height":200,"srcset":"https:\/\/i0.wp.com\/www.hoymercedes.com.ar\/principal\/wp-content\/uploads\/2015\/05\/massa.selva_.lasheras.jpg?resize=350%2C200&ssl=1 1x, https:\/\/i0.wp.com\/www.hoymercedes.com.ar\/principal\/wp-content\/uploads\/2015\/05\/massa.selva_.lasheras.jpg?resize=525%2C300&ssl=1 1.5x"},"classes":[]},{"id":27884,"url":"https:\/\/www.hoymercedes.com.ar\/principal\/2013\/11\/29\/selva-en-reunion-de-legisladores-e-intendentes-del-frente-renovador\/","url_meta":{"origin":41095,"position":4},"title":"Selva en reuni\u00f3n de legisladores e intendentes del Frente Renovador","author":"hoymercedes","date":"29 noviembre, 2013","format":false,"excerpt":"(FR) El intendente Carlos Selva particip\u00f3 este mi\u00e9rcoles por la noche en la ciudad de La Plata de una mesa de trabajo junto a intendentes y legisladores provinciales del Frente Renovador que est\u00e1n trabajando en el presupuesto de la provincia de Buenos Aires. El encuentro fue presidido por Sergio Massa.\u2026","rel":"","context":"En \u00abPol\u00edtica\u00bb","block_context":{"text":"Pol\u00edtica","link":"https:\/\/www.hoymercedes.com.ar\/principal\/category\/politica\/"},"img":{"alt_text":"","src":"","width":0,"height":0},"classes":[]},{"id":25193,"url":"https:\/\/www.hoymercedes.com.ar\/principal\/2013\/08\/25\/zuccaro-intendente-de-pilar-se-reunio-con-selva-como-mercedes\/","url_meta":{"origin":41095,"position":5},"title":"Zuccaro, intendente de Pilar, se reuni\u00f3 con Selva como Mercedes","author":"hoymercedes","date":"25 agosto, 2013","format":false,"excerpt":"El intendente de Pilar Humberto Z\u00faccaro mantuvo un encuentro en nuestra ciudad con Carlos Selva donde buscaron continuar planificando aspectos de campa\u00f1a con miras a las elecciones generales del pr\u00f3ximo mes de octubre. Desde el Frente Renovador afirmaron que: \"Los dos intendentes tuvieron una ma\u00f1ana de trabajo este s\u00e1bado, do\u2026","rel":"","context":"En \u00abPol\u00edtica\u00bb","block_context":{"text":"Pol\u00edtica","link":"https:\/\/www.hoymercedes.com.ar\/principal\/category\/politica\/"},"img":{"alt_text":"Zuccaro - Selva","src":"https:\/\/i0.wp.com\/www.hoymercedes.com.ar\/principal\/wp-content\/uploads\/2013\/08\/zuccaro-selva.jpg?resize=350%2C200","width":350,"height":200,"srcset":"https:\/\/i0.wp.com\/www.hoymercedes.com.ar\/principal\/wp-content\/uploads\/2013\/08\/zuccaro-selva.jpg?resize=350%2C200 1x, https:\/\/i0.wp.com\/www.hoymercedes.com.ar\/principal\/wp-content\/uploads\/2013\/08\/zuccaro-selva.jpg?resize=525%2C300 1.5x"},"classes":[]}],"_links":{"self":[{"href":"https:\/\/www.hoymercedes.com.ar\/principal\/wp-json\/wp\/v2\/posts\/41095","targetHints":{"allow":["GET"]}}],"collection":[{"href":"https:\/\/www.hoymercedes.com.ar\/principal\/wp-json\/wp\/v2\/posts"}],"about":[{"href":"https:\/\/www.hoymercedes.com.ar\/principal\/wp-json\/wp\/v2\/types\/post"}],"author":[{"embeddable":true,"href":"https:\/\/www.hoymercedes.com.ar\/principal\/wp-json\/wp\/v2\/users\/1"}],"replies":[{"embeddable":true,"href":"https:\/\/www.hoymercedes.com.ar\/principal\/wp-json\/wp\/v2\/comments?post=41095"}],"version-history":[{"count":0,"href":"https:\/\/www.hoymercedes.com.ar\/principal\/wp-json\/wp\/v2\/posts\/41095\/revisions"}],"wp:featuredmedia":[{"embeddable":true,"href":"https:\/\/www.hoymercedes.com.ar\/principal\/wp-json\/wp\/v2\/media\/41096"}],"wp:attachment":[{"href":"https:\/\/www.hoymercedes.com.ar\/principal\/wp-json\/wp\/v2\/media?parent=41095"}],"wp:term":[{"taxonomy":"category","embeddable":true,"href":"https:\/\/www.hoymercedes.com.ar\/principal\/wp-json\/wp\/v2\/categories?post=41095"},{"taxonomy":"post_tag","embeddable":true,"href":"https:\/\/www.hoymercedes.com.ar\/principal\/wp-json\/wp\/v2\/tags?post=41095"}],"curies":[{"name":"wp","href":"https:\/\/api.w.org\/{rel}","templated":true}]}}