{"id":41105,"date":"2015-04-25T19:13:36","date_gmt":"2015-04-25T22:13:36","guid":{"rendered":"http:\/\/www.hoymercedes.com.ar\/principal\/?p=41105"},"modified":"2015-04-27T21:59:34","modified_gmt":"2015-04-28T00:59:34","slug":"cestari-y-milanesi-la-importancia-geoestrategica-de-que-mercedes-se-convierta-en-un-centro-nodal-en-el-sistema-ferroviario","status":"publish","type":"post","link":"https:\/\/www.hoymercedes.com.ar\/principal\/2015\/04\/25\/cestari-y-milanesi-la-importancia-geoestrategica-de-que-mercedes-se-convierta-en-un-centro-nodal-en-el-sistema-ferroviario\/","title":{"rendered":"Cestari y Milanesi: La importancia geoestrat\u00e9gica de que Mercedes se convierta en un Centro Nodal en el Sistema Ferroviario, afirmaron desde MIC-PRO"},"content":{"rendered":"<p><a href=\"https:\/\/www.hoymercedes.com.ar\/principal\/wp-content\/uploads\/2015\/04\/milanesi-cestari.jpg\"><img loading=\"lazy\" decoding=\"async\" data-attachment-id=\"41106\" data-permalink=\"https:\/\/www.hoymercedes.com.ar\/principal\/2015\/04\/25\/cestari-y-milanesi-la-importancia-geoestrategica-de-que-mercedes-se-convierta-en-un-centro-nodal-en-el-sistema-ferroviario\/milanesi-cestari\/#main\" data-orig-file=\"https:\/\/www.hoymercedes.com.ar\/principal\/wp-content\/uploads\/2015\/04\/milanesi-cestari.jpg\" data-orig-size=\"620,465\" data-comments-opened=\"1\" data-image-meta=\"{&quot;aperture&quot;:&quot;0&quot;,&quot;credit&quot;:&quot;&quot;,&quot;camera&quot;:&quot;&quot;,&quot;caption&quot;:&quot;&quot;,&quot;created_timestamp&quot;:&quot;0&quot;,&quot;copyright&quot;:&quot;&quot;,&quot;focal_length&quot;:&quot;0&quot;,&quot;iso&quot;:&quot;0&quot;,&quot;shutter_speed&quot;:&quot;0&quot;,&quot;title&quot;:&quot;&quot;,&quot;orientation&quot;:&quot;0&quot;}\" data-image-title=\"milanesi-cestari\" data-image-description=\"\" data-image-caption=\"\" data-large-file=\"https:\/\/www.hoymercedes.com.ar\/principal\/wp-content\/uploads\/2015\/04\/milanesi-cestari.jpg\" class=\"Img2014 aligncenter wp-image-41106 size-full\" src=\"https:\/\/www.hoymercedes.com.ar\/principal\/wp-content\/uploads\/2015\/04\/milanesi-cestari.jpg\" alt=\"milanesi-cestari\" width=\"620\" height=\"465\" \/><\/a><\/p>\n<p>El viernes 24 de abril, el concejal y precandidato a Intendente, Jos\u00e9 Cestari, junto al Profesor Oscar \u201cCacho\u201d Milanesi, asistieron a la conferencia que el Presidente del Instituto Argentino de Ferrocarriles, Ingeniero Pablo Martorelli, dict\u00f3 en el primer piso de la C\u00e1mara Econ\u00f3mica Mercedina, con proyecci\u00f3n de diapositivas y pel\u00edculas. El temario fue el pasado, presente, y futuro de los Ferrocarriles Argentinos, as\u00ed como Mercedes, Ciudad elegida como nodo (nudo) log\u00edstico, y tambi\u00e9n la futura electrificaci\u00f3n del Ferrocarril Sarmiento.<\/p>\n<p>M\u00e1s all\u00e1 de la excelente disertaci\u00f3n, los integrantes del MIC PRO, vieron con buenos ojos la visi\u00f3n estrat\u00e9gica del Sistema Ferroviario Argentino con proyecci\u00f3n al 2050, y fundamentalmente que Mercedes se perfile como Nodo log\u00edstico con la comunicaci\u00f3n f\u00e9rrea Mercedes \u00a0&#8211; Pilar y Mercedes \u2013 Empalme Lobos. Recordando que nuestra ciudad cuanta con tres l\u00edneas del Sistema (Sarmiento, San Mart\u00edn y Belgrano) y de esta manera se convertir\u00eda en un corredor ferroviario muy importante que conectar\u00eda a Paso de los Libres (Corrientes) con el pa\u00eds trasandino de Chile.<\/p>\n<p>El flujo comercial m\u00e1s importante en Sudam\u00e9rica es Brasil \u2013 Argentina \u2013Chile.<\/p>\n<p>Agradecemos la invitaci\u00f3n del Dr. Marcelo Merlino, Secretario del Instituto Argentino de Ferrocarriles.<\/p>\n<p>&nbsp;<\/p>\n<p>&nbsp;<\/p>\n<p>&nbsp;<\/p>\n","protected":false},"excerpt":{"rendered":"<p>El viernes 24 de abril, el concejal y precandidato a Intendente, Jos\u00e9 Cestari, junto al Profesor Oscar \u201cCacho\u201d Milanesi, asistieron &#8230; <a title=\"Cestari y Milanesi: La importancia geoestrat\u00e9gica de que Mercedes se convierta en un Centro Nodal en el Sistema Ferroviario, afirmaron desde MIC-PRO\" class=\"read-more\" href=\"https:\/\/www.hoymercedes.com.ar\/principal\/2015\/04\/25\/cestari-y-milanesi-la-importancia-geoestrategica-de-que-mercedes-se-convierta-en-un-centro-nodal-en-el-sistema-ferroviario\/\" aria-label=\"Leer m\u00e1s sobre Cestari y Milanesi: La importancia geoestrat\u00e9gica de que Mercedes se convierta en un Centro Nodal en el Sistema Ferroviario, afirmaron desde MIC-PRO\">Leer m\u00e1s<\/a><\/p>\n","protected":false},"author":1,"featured_media":41106,"comment_status":"open","ping_status":"open","sticky":false,"template":"","format":"standard","meta":{"_monsterinsights_skip_tracking":false,"_monsterinsights_sitenote_active":false,"_monsterinsights_sitenote_note":"","_monsterinsights_sitenote_category":0,"jetpack_post_was_ever_published":false,"_jetpack_newsletter_access":"","_jetpack_dont_email_post_to_subs":false,"_jetpack_newsletter_tier_id":0,"_jetpack_memberships_contains_paywalled_content":false,"_jetpack_memberships_contains_paid_content":false,"footnotes":"","jetpack_publicize_message":"","jetpack_publicize_feature_enabled":true,"jetpack_social_post_already_shared":true,"jetpack_social_options":{"image_generator_settings":{"template":"highway","default_image_id":0,"font":"","enabled":false},"version":2},"_wpas_customize_per_network":false},"categories":[5],"tags":[321,7227],"class_list":["post-41105","post","type-post","status-publish","format-standard","has-post-thumbnail","hentry","category-politica","tag-jose-cestari","tag-milanesi","generate-columns","tablet-grid-50","mobile-grid-100","grid-parent","grid-50"],"jetpack_publicize_connections":[],"jetpack_featured_media_url":"https:\/\/www.hoymercedes.com.ar\/principal\/wp-content\/uploads\/2015\/04\/milanesi-cestari.jpg","wps_subtitle":"Pensando en futuro ","jetpack_sharing_enabled":true,"jetpack-related-posts":[{"id":43562,"url":"https:\/\/www.hoymercedes.com.ar\/principal\/2015\/08\/01\/oscar-cachito-milanesi-cestari-es-el-verdadero-cambio-que-necesita-mercedes\/","url_meta":{"origin":41105,"position":0},"title":"Oscar \u201cCachito\u201d Milanesi: \u201cCestari es el verdadero cambio que necesita Mercedes\u201d","author":"hoymercedes","date":"1 agosto, 2015","format":false,"excerpt":"Oscar \"Cachito\" Milanesi es candidato a concejal por el MIC-PRO y nuevamente reitera su apoyo y compromiso con la candidatura de Jos\u00e9 Cestari para intendente dentro del Frente Cambiemos que disputar\u00e1 la \u00fanica interna local de las PASO el pr\u00f3ximo 9 de agosto. Milanessi remarc\u00f3 que: \"Cestari es el verdadero\u2026","rel":"","context":"En \u00abPol\u00edtica\u00bb","block_context":{"text":"Pol\u00edtica","link":"https:\/\/www.hoymercedes.com.ar\/principal\/category\/politica\/"},"img":{"alt_text":"OscarMilanesi","src":"https:\/\/i0.wp.com\/www.hoymercedes.com.ar\/principal\/wp-content\/uploads\/2015\/08\/OscarMilanesi.jpg?resize=350%2C200","width":350,"height":200,"srcset":"https:\/\/i0.wp.com\/www.hoymercedes.com.ar\/principal\/wp-content\/uploads\/2015\/08\/OscarMilanesi.jpg?resize=350%2C200 1x, https:\/\/i0.wp.com\/www.hoymercedes.com.ar\/principal\/wp-content\/uploads\/2015\/08\/OscarMilanesi.jpg?resize=525%2C300 1.5x"},"classes":[]},{"id":38525,"url":"https:\/\/www.hoymercedes.com.ar\/principal\/2014\/12\/17\/el-reconocido-docente-y-ex-director-del-nacional-y-san-patricio-oscar-milanesi-se-suma-al-mic\/","url_meta":{"origin":41105,"position":1},"title":"El reconocido docente y ex director del Nacional y San Patricio, Oscar Milanesi, se suma al MIC","author":"hoymercedes","date":"17 diciembre, 2014","format":false,"excerpt":"El d\u00eda s\u00e1bado 13 de diciembre, en horas de la ma\u00f1ana, el MIC realiz\u00f3 junto al PRO la \u00faltima movida Nacional en vista a las elecciones que se llevar\u00e1n a cabo en el 2015. Esto se llev\u00f3 a cabo en la esquina c\u00e9ntrica de calles 22 y 25 de nuestra\u2026","rel":"","context":"En \u00abPol\u00edtica\u00bb","block_context":{"text":"Pol\u00edtica","link":"https:\/\/www.hoymercedes.com.ar\/principal\/category\/politica\/"},"img":{"alt_text":"Cachito Milanessi, Oscar Milanessi, MIC; PRO Mercedes","src":"https:\/\/i0.wp.com\/www.hoymercedes.com.ar\/principal\/wp-content\/uploads\/2014\/12\/OscarMilanesi-Jos%C3%A9Cestari.jpg?resize=350%2C200","width":350,"height":200,"srcset":"https:\/\/i0.wp.com\/www.hoymercedes.com.ar\/principal\/wp-content\/uploads\/2014\/12\/OscarMilanesi-Jos%C3%A9Cestari.jpg?resize=350%2C200 1x, https:\/\/i0.wp.com\/www.hoymercedes.com.ar\/principal\/wp-content\/uploads\/2014\/12\/OscarMilanesi-Jos%C3%A9Cestari.jpg?resize=525%2C300 1.5x"},"classes":[]},{"id":42499,"url":"https:\/\/www.hoymercedes.com.ar\/principal\/2015\/06\/20\/mic-pro-encabeza-jose-cestari-y-cristina-gottifredi-primera-concejal\/","url_meta":{"origin":41105,"position":2},"title":"MIC-PRO: Encabeza Jos\u00e9 Cestari y Cristina Gottifredi primera concejal","author":"hoymercedes","date":"20 junio, 2015","format":false,"excerpt":"Dentro del Frente Cambiemos el MIC participar\u00e1 de la interna con Jos\u00e9 Cestari como pre candidato a intendente. En la lista incluir\u00e1n a Mauricio Macri como presidente y Mar\u00eda Eugenia Vidal en Buenos Aires. El MIC-PRO present\u00f3 la siguiente lista de pre candidatos al Concejo Deliberante 1 Cristina Gottifredi (abogada)\u2026","rel":"","context":"En \u00abPol\u00edtica\u00bb","block_context":{"text":"Pol\u00edtica","link":"https:\/\/www.hoymercedes.com.ar\/principal\/category\/politica\/"},"img":{"alt_text":"","src":"https:\/\/i0.wp.com\/www.hoymercedes.com.ar\/principal\/wp-content\/uploads\/2015\/02\/JoseCestari-PRO.jpg?resize=350%2C200&ssl=1","width":350,"height":200,"srcset":"https:\/\/i0.wp.com\/www.hoymercedes.com.ar\/principal\/wp-content\/uploads\/2015\/02\/JoseCestari-PRO.jpg?resize=350%2C200&ssl=1 1x, https:\/\/i0.wp.com\/www.hoymercedes.com.ar\/principal\/wp-content\/uploads\/2015\/02\/JoseCestari-PRO.jpg?resize=525%2C300&ssl=1 1.5x"},"classes":[]},{"id":39846,"url":"https:\/\/www.hoymercedes.com.ar\/principal\/2015\/03\/02\/campana-solidaria-por-utiles-escolares-del-mic\/","url_meta":{"origin":41105,"position":3},"title":"Campa\u00f1a solidaria por \u00fatiles escolares del MIC","author":"hoymercedes","date":"2 marzo, 2015","format":false,"excerpt":"El s\u00e1bado 28 de febrero\u00a0el concejal Jos\u00e9 Cestari, el profesor Oscar \"Cacho\" Milanesi y la Dra. Cristina Gottifredi acompa\u00f1ando a la Juventud del MIC y dialogando con los vecinos en la esquina de calles 22 y 25 efectuaron una nueva jornada de difusi\u00f3n de actividades con el fin de estar\u2026","rel":"","context":"En \u00abPol\u00edtica\u00bb","block_context":{"text":"Pol\u00edtica","link":"https:\/\/www.hoymercedes.com.ar\/principal\/category\/politica\/"},"img":{"alt_text":"donaciones-escolares-mic","src":"https:\/\/i0.wp.com\/www.hoymercedes.com.ar\/principal\/wp-content\/uploads\/2015\/03\/donaciones-escolares-mic.jpg?resize=350%2C200","width":350,"height":200,"srcset":"https:\/\/i0.wp.com\/www.hoymercedes.com.ar\/principal\/wp-content\/uploads\/2015\/03\/donaciones-escolares-mic.jpg?resize=350%2C200 1x, https:\/\/i0.wp.com\/www.hoymercedes.com.ar\/principal\/wp-content\/uploads\/2015\/03\/donaciones-escolares-mic.jpg?resize=525%2C300 1.5x"},"classes":[]},{"id":39772,"url":"https:\/\/www.hoymercedes.com.ar\/principal\/2015\/02\/25\/mic-pro-junto-a-jorge-macri-en-encuentro-en-pilar\/","url_meta":{"origin":41105,"position":4},"title":"MIC-PRO junto a Jorge Macri en encuentro en Pilar","author":"hoymercedes","date":"25 febrero, 2015","format":false,"excerpt":"El precandidato a intendente, Jos\u00e9 Cestari, fue invitado por el precandidato a intendente de Pilar, Nicol\u00e1s Ducote, el d\u00eda martes 24 de febrero en horas de la tarde noche, para participar de una charla pol\u00edtica con al actual intendente de Vicente L\u00f3pez Jorge Macri. Fueron oradores del evento Nicol\u00e1s Ducote\u2026","rel":"","context":"En \u00abSociedad\u00bb","block_context":{"text":"Sociedad","link":"https:\/\/www.hoymercedes.com.ar\/principal\/category\/sociedad\/"},"img":{"alt_text":"cestari-jorgemacri-pilar","src":"https:\/\/i0.wp.com\/www.hoymercedes.com.ar\/principal\/wp-content\/uploads\/2015\/02\/cestari-jorgemacri-pilar.jpg?resize=350%2C200","width":350,"height":200,"srcset":"https:\/\/i0.wp.com\/www.hoymercedes.com.ar\/principal\/wp-content\/uploads\/2015\/02\/cestari-jorgemacri-pilar.jpg?resize=350%2C200 1x, https:\/\/i0.wp.com\/www.hoymercedes.com.ar\/principal\/wp-content\/uploads\/2015\/02\/cestari-jorgemacri-pilar.jpg?resize=525%2C300 1.5x"},"classes":[]},{"id":59214,"url":"https:\/\/www.hoymercedes.com.ar\/principal\/2017\/01\/26\/los-ferrocarriles-y-la-grieta\/","url_meta":{"origin":41105,"position":5},"title":"Los Ferrocarriles y la Grieta","author":"hoymercedes","date":"26 enero, 2017","format":false,"excerpt":"Por Ing. Jos\u00e9 Vitetta* - Si consider\u00e1ramos el transcurso de la vida como una obra teatral, podr\u00edamos\u00a0 considerar la relaci\u00f3n entre los ferrocarriles y la grieta\u00a0 dividida en tres actos. Primer Acto.-La Construcci\u00f3n. En 1.865, siglo XIX, hace ciento cincuenta (150) a\u00f1os llegaba el primer Ferrocarril a Mercedes, Ferrocarril del\u2026","rel":"","context":"En \u00abCiudad\u00bb","block_context":{"text":"Ciudad","link":"https:\/\/www.hoymercedes.com.ar\/principal\/category\/ciudad\/"},"img":{"alt_text":"","src":"","width":0,"height":0},"classes":[]}],"_links":{"self":[{"href":"https:\/\/www.hoymercedes.com.ar\/principal\/wp-json\/wp\/v2\/posts\/41105","targetHints":{"allow":["GET"]}}],"collection":[{"href":"https:\/\/www.hoymercedes.com.ar\/principal\/wp-json\/wp\/v2\/posts"}],"about":[{"href":"https:\/\/www.hoymercedes.com.ar\/principal\/wp-json\/wp\/v2\/types\/post"}],"author":[{"embeddable":true,"href":"https:\/\/www.hoymercedes.com.ar\/principal\/wp-json\/wp\/v2\/users\/1"}],"replies":[{"embeddable":true,"href":"https:\/\/www.hoymercedes.com.ar\/principal\/wp-json\/wp\/v2\/comments?post=41105"}],"version-history":[{"count":0,"href":"https:\/\/www.hoymercedes.com.ar\/principal\/wp-json\/wp\/v2\/posts\/41105\/revisions"}],"wp:featuredmedia":[{"embeddable":true,"href":"https:\/\/www.hoymercedes.com.ar\/principal\/wp-json\/wp\/v2\/media\/41106"}],"wp:attachment":[{"href":"https:\/\/www.hoymercedes.com.ar\/principal\/wp-json\/wp\/v2\/media?parent=41105"}],"wp:term":[{"taxonomy":"category","embeddable":true,"href":"https:\/\/www.hoymercedes.com.ar\/principal\/wp-json\/wp\/v2\/categories?post=41105"},{"taxonomy":"post_tag","embeddable":true,"href":"https:\/\/www.hoymercedes.com.ar\/principal\/wp-json\/wp\/v2\/tags?post=41105"}],"curies":[{"name":"wp","href":"https:\/\/api.w.org\/{rel}","templated":true}]}}