{"id":41120,"date":"2015-04-26T16:54:26","date_gmt":"2015-04-26T19:54:26","guid":{"rendered":"http:\/\/www.hoymercedes.com.ar\/principal\/?p=41120"},"modified":"2015-04-27T11:37:11","modified_gmt":"2015-04-27T14:37:11","slug":"amplio-temario-para-el-concejo-deliberante-desde-aumento-de-taxis-a-pedidos-de-informe","status":"publish","type":"post","link":"https:\/\/www.hoymercedes.com.ar\/principal\/2015\/04\/26\/amplio-temario-para-el-concejo-deliberante-desde-aumento-de-taxis-a-pedidos-de-informe\/","title":{"rendered":"Amplio temario para el Concejo Deliberante: desde aumento de taxis a pedidos de informe"},"content":{"rendered":"<p><em><strong>Desde aumento de taxis y remises a reserva de lugares para entidad financiera, de limpieza a pedido de informe al Departamento Ejecutivo. Este lunes se llevar\u00e1 a cabo una nueva sesi\u00f3n del Concejo Deliberante de nuestra ciudad. <\/strong><\/em><\/p>\n<p>Como es habitual ser\u00e1 en el recinto del Cuerpo en avenida 29. Recordemos que son abiertas a la poblaci\u00f3n y de suma importancia seguir de cerca los tratamientos que se dan dado que los ediles intervienen en temas que hacen a la vida cotidiana de todos los mercedinos.<\/p>\n<p>Algunos temas<\/p>\n<p>Pedido de reserva de espacio en v\u00eda p\u00fablica para Entidad Financiera; limpiezas barriales; ampliaci\u00f3n de alambrado; refugio p\u00fablico, declarar ciudadana ilustra a Carmen Gioscio, suspensi\u00f3n de demolici\u00f3n de edificios previos a 1940 y muchos pedidos de reparaci\u00f3n, zanjeos o luminarias.<\/p>\n<p>A continuaci\u00f3n te dejamos el temario completo:\u00a0(Clik y se agranda)<\/p>\n<div data-configid=\"5622510\/12509860\" style=\"width: 1200px; height: 776px;\" class=\"issuuembed\"><\/div>\n<p><script data-jetpack-boost=\"ignore\" type=\"text\/javascript\" src=\"\/\/e.issuu.com\/embed.js\" async=\"true\"><\/script><\/p>\n<p>&nbsp;<\/p>\n<p>&nbsp;<\/p>\n<p>&nbsp;<\/p>\n<p>&nbsp;<\/p>\n<p>&nbsp;<\/p>\n<p>&nbsp;<\/p>\n<p>&nbsp;<\/p>\n<p>&nbsp;<\/p>\n<p>&nbsp;<\/p>\n<p>&nbsp;<\/p>\n<p>&nbsp;<\/p>\n","protected":false},"excerpt":{"rendered":"<p>Desde aumento de taxis y remises a reserva de lugares para entidad financiera, de limpieza a pedido de informe al &#8230; <a title=\"Amplio temario para el Concejo Deliberante: desde aumento de taxis a pedidos de informe\" class=\"read-more\" href=\"https:\/\/www.hoymercedes.com.ar\/principal\/2015\/04\/26\/amplio-temario-para-el-concejo-deliberante-desde-aumento-de-taxis-a-pedidos-de-informe\/\" aria-label=\"Leer m\u00e1s sobre Amplio temario para el Concejo Deliberante: desde aumento de taxis a pedidos de informe\">Leer m\u00e1s<\/a><\/p>\n","protected":false},"author":1,"featured_media":41121,"comment_status":"open","ping_status":"open","sticky":false,"template":"","format":"standard","meta":{"_monsterinsights_skip_tracking":false,"_monsterinsights_sitenote_active":false,"_monsterinsights_sitenote_note":"","_monsterinsights_sitenote_category":0,"jetpack_post_was_ever_published":false,"_jetpack_newsletter_access":"","_jetpack_dont_email_post_to_subs":false,"_jetpack_newsletter_tier_id":0,"_jetpack_memberships_contains_paywalled_content":false,"_jetpack_memberships_contains_paid_content":false,"footnotes":"","jetpack_publicize_message":"","jetpack_publicize_feature_enabled":true,"jetpack_social_post_already_shared":true,"jetpack_social_options":{"image_generator_settings":{"template":"highway","default_image_id":0,"font":"","enabled":false},"version":2},"_wpas_customize_per_network":false},"categories":[5],"tags":[1316,7231],"class_list":["post-41120","post","type-post","status-publish","format-standard","has-post-thumbnail","hentry","category-politica","tag-consejo-deliberante-mercedes","tag-temario","generate-columns","tablet-grid-50","mobile-grid-100","grid-parent","grid-50"],"jetpack_publicize_connections":[],"jetpack_featured_media_url":"https:\/\/www.hoymercedes.com.ar\/principal\/wp-content\/uploads\/2015\/04\/sesion27.04.2015.jpg","wps_subtitle":"Poder legislativo","jetpack_sharing_enabled":true,"jetpack-related-posts":[{"id":17112,"url":"https:\/\/www.hoymercedes.com.ar\/principal\/2012\/10\/20\/martes-concejo-deliberante-con-temario-breve-pero-dos-temas-picantes\/","url_meta":{"origin":41120,"position":0},"title":"Concejo Deliberante con temario breve, pero dos temas picantes","author":"hoymercedes","date":"20 octubre, 2012","format":false,"excerpt":"El pr\u00f3ximo lunes habr\u00e1 una nueva sesi\u00f3n del Honorable Concejo Deliberante. En la misma hay un orden del d\u00eda mucho m\u00e1s breve de lo que estamos acostumbrados y con temas que desde la mirada del observador externo deber\u00edan ser relativamente sencillos de tratar, aprobar, rechazar o archivar, pero, sin demasiada\u2026","rel":"","context":"En \u00abPol\u00edtica\u00bb","block_context":{"text":"Pol\u00edtica","link":"https:\/\/www.hoymercedes.com.ar\/principal\/category\/politica\/"},"img":{"alt_text":"","src":"","width":0,"height":0},"classes":[]},{"id":36856,"url":"https:\/\/www.hoymercedes.com.ar\/principal\/2014\/10\/14\/concejo-enterate-los-temas-que-trataran-los-ediles\/","url_meta":{"origin":41120,"position":1},"title":"Concejo: enterate los temas que tratar\u00e1n los ediles","author":"hoymercedes","date":"14 octubre, 2014","format":false,"excerpt":"La pr\u00f3xima sesi\u00f3n del Concejo Deliberante tendr\u00e1 un amplio y variado temario. Entre los asuntos que los ediles tratar\u00e1n una elevaci\u00f3n de pedido a Vialidad Provincial pidiendo por la Ruta N\u00b041, varios pedidos de reparaciones en espacios p\u00fablicos y obras, pedido de ampliaci\u00f3n de la red de agua en Barrio\u2026","rel":"","context":"En \u00abPol\u00edtica\u00bb","block_context":{"text":"Pol\u00edtica","link":"https:\/\/www.hoymercedes.com.ar\/principal\/category\/politica\/"},"img":{"alt_text":"","src":"","width":0,"height":0},"classes":[]},{"id":44526,"url":"https:\/\/www.hoymercedes.com.ar\/principal\/2015\/09\/13\/concejo-deliberante-con-variado-temario-conoce-el-orden-del-dia\/","url_meta":{"origin":41120,"position":2},"title":"Concejo Deliberante con variado temario: conoce el orden del d\u00eda","author":"hoymercedes","date":"13 septiembre, 2015","format":false,"excerpt":"Este lunes habr\u00e1 una nueva sesi\u00f3n de Concejo Deliberante con una variada agenda que, como siempre, incluye temas de importancia como otros que bien podr\u00edan ser dirigidos desde variados \u00e1mbitos institucionales aunque, claro, sin la resonancia pol\u00edtica que buscan quienes lo presentan para el debate parlamentario. En el orden del\u2026","rel":"","context":"En \u00abPol\u00edtica\u00bb","block_context":{"text":"Pol\u00edtica","link":"https:\/\/www.hoymercedes.com.ar\/principal\/category\/politica\/"},"img":{"alt_text":"","src":"https:\/\/i0.wp.com\/www.hoymercedes.com.ar\/principal\/wp-content\/uploads\/2014\/09\/ConcejoDeliberanteMercedes.jpg?resize=350%2C200&ssl=1","width":350,"height":200,"srcset":"https:\/\/i0.wp.com\/www.hoymercedes.com.ar\/principal\/wp-content\/uploads\/2014\/09\/ConcejoDeliberanteMercedes.jpg?resize=350%2C200&ssl=1 1x, https:\/\/i0.wp.com\/www.hoymercedes.com.ar\/principal\/wp-content\/uploads\/2014\/09\/ConcejoDeliberanteMercedes.jpg?resize=525%2C300&ssl=1 1.5x"},"classes":[]},{"id":21343,"url":"https:\/\/www.hoymercedes.com.ar\/principal\/2013\/04\/09\/primera-sesion-ordinaria-del-2013-del-concejo-deliberante\/","url_meta":{"origin":41120,"position":3},"title":"Primera sesi\u00f3n ordinaria del 2013 del Concejo Deliberante con pedidos de informes","author":"hoymercedes","date":"9 abril, 2013","format":false,"excerpt":"En el Concejo Deliberante se llev\u00f3 a cabo la primera sesi\u00f3n ordinaria del a\u00f1o con un orden breve, pero, fue ampliamente aumentado por temas presentados por los concejales fuera del orden del d\u00eda. Se esperaba una sesi\u00f3n con m\u00e1s contenido del que hubo. Dur\u00f3 cerca de 50 minutos y empez\u00f3,\u2026","rel":"","context":"En \u00abPol\u00edtica\u00bb","block_context":{"text":"Pol\u00edtica","link":"https:\/\/www.hoymercedes.com.ar\/principal\/category\/politica\/"},"img":{"alt_text":"Concejo Deliberante Mercedes ","src":"https:\/\/i0.wp.com\/www.hoymercedes.com.ar\/principal\/wp-content\/uploads\/2013\/04\/ConcejoDeliberante-Mercedes-09.04.2013.jpg?resize=350%2C200","width":350,"height":200,"srcset":"https:\/\/i0.wp.com\/www.hoymercedes.com.ar\/principal\/wp-content\/uploads\/2013\/04\/ConcejoDeliberante-Mercedes-09.04.2013.jpg?resize=350%2C200 1x, https:\/\/i0.wp.com\/www.hoymercedes.com.ar\/principal\/wp-content\/uploads\/2013\/04\/ConcejoDeliberante-Mercedes-09.04.2013.jpg?resize=525%2C300 1.5x"},"classes":[]},{"id":16782,"url":"https:\/\/www.hoymercedes.com.ar\/principal\/2012\/10\/09\/h-c-d-diversos-temas-para-la-sesion-de-este-martes\/","url_meta":{"origin":41120,"position":4},"title":"H.C.D: diversos temas para la sesi\u00f3n de este martes","author":"hoymercedes","date":"9 octubre, 2012","format":false,"excerpt":"Una nueva sesi\u00f3n del Concejo Deliberante se realizar\u00e1 el pr\u00f3ximo martes 9 dado que el lunes es feriado. Existe un temario extenso, pero, la primera lectura del mismo podr\u00eda permitir pensar que no tendr\u00edamos grandes temas complejos ni que dejen un reguero de pol\u00e9mica posterior. Hay mucho sobre reparaciones, iluminaciones,\u2026","rel":"","context":"En \u00abPol\u00edtica\u00bb","block_context":{"text":"Pol\u00edtica","link":"https:\/\/www.hoymercedes.com.ar\/principal\/category\/politica\/"},"img":{"alt_text":"","src":"","width":0,"height":0},"classes":[]},{"id":18208,"url":"https:\/\/www.hoymercedes.com.ar\/principal\/2012\/11\/27\/amplio-temario-para-el-h-c-d-con-temas-variados-desde-pedido-de-ampliacion-de-terminal-a-construccion-de-bicisenda\/","url_meta":{"origin":41120,"position":5},"title":"Amplio temario para el H.C.D con temas variados: Desde pedido de ampliaci\u00f3n de Terminal a construcci\u00f3n de Bicisenda","author":"hoymercedes","date":"27 noviembre, 2012","format":false,"excerpt":"Este martes a la noche tendremos la segunda sesi\u00f3n de noviembre del Concejo Deliberante de la ciudad. Un temario amplio con variedad de temas. Algunos, como es habitual, de mayor importancia que otros. Se destacan, seg\u00fan su ubicaci\u00f3n en el orden del d\u00eda: Peticiones particulares a comisi\u00f3n. La solicitud de\u2026","rel":"","context":"En \u00abPol\u00edtica\u00bb","block_context":{"text":"Pol\u00edtica","link":"https:\/\/www.hoymercedes.com.ar\/principal\/category\/politica\/"},"img":{"alt_text":"","src":"","width":0,"height":0},"classes":[]}],"_links":{"self":[{"href":"https:\/\/www.hoymercedes.com.ar\/principal\/wp-json\/wp\/v2\/posts\/41120","targetHints":{"allow":["GET"]}}],"collection":[{"href":"https:\/\/www.hoymercedes.com.ar\/principal\/wp-json\/wp\/v2\/posts"}],"about":[{"href":"https:\/\/www.hoymercedes.com.ar\/principal\/wp-json\/wp\/v2\/types\/post"}],"author":[{"embeddable":true,"href":"https:\/\/www.hoymercedes.com.ar\/principal\/wp-json\/wp\/v2\/users\/1"}],"replies":[{"embeddable":true,"href":"https:\/\/www.hoymercedes.com.ar\/principal\/wp-json\/wp\/v2\/comments?post=41120"}],"version-history":[{"count":0,"href":"https:\/\/www.hoymercedes.com.ar\/principal\/wp-json\/wp\/v2\/posts\/41120\/revisions"}],"wp:featuredmedia":[{"embeddable":true,"href":"https:\/\/www.hoymercedes.com.ar\/principal\/wp-json\/wp\/v2\/media\/41121"}],"wp:attachment":[{"href":"https:\/\/www.hoymercedes.com.ar\/principal\/wp-json\/wp\/v2\/media?parent=41120"}],"wp:term":[{"taxonomy":"category","embeddable":true,"href":"https:\/\/www.hoymercedes.com.ar\/principal\/wp-json\/wp\/v2\/categories?post=41120"},{"taxonomy":"post_tag","embeddable":true,"href":"https:\/\/www.hoymercedes.com.ar\/principal\/wp-json\/wp\/v2\/tags?post=41120"}],"curies":[{"name":"wp","href":"https:\/\/api.w.org\/{rel}","templated":true}]}}