{"id":41173,"date":"2015-04-27T10:40:17","date_gmt":"2015-04-27T13:40:17","guid":{"rendered":"http:\/\/www.hoymercedes.com.ar\/principal\/?p=41173"},"modified":"2015-04-28T10:50:34","modified_gmt":"2015-04-28T13:50:34","slug":"ustarroz-junto-a-diego-bossio-en-presentacion-de-libro-bases-sobre-provincia-de-bs-as","status":"publish","type":"post","link":"https:\/\/www.hoymercedes.com.ar\/principal\/2015\/04\/27\/ustarroz-junto-a-diego-bossio-en-presentacion-de-libro-bases-sobre-provincia-de-bs-as\/","title":{"rendered":"Ustarroz junto a Diego Bossio en presentaci\u00f3n de libro \u00abBases\u00bb"},"content":{"rendered":"<p><a href=\"https:\/\/www.hoymercedes.com.ar\/principal\/wp-content\/uploads\/2015\/04\/ustarroz-bossio-24.04.2015001001.jpg\"><img loading=\"lazy\" decoding=\"async\" data-attachment-id=\"41174\" data-permalink=\"https:\/\/www.hoymercedes.com.ar\/principal\/2015\/04\/27\/ustarroz-junto-a-diego-bossio-en-presentacion-de-libro-bases-sobre-provincia-de-bs-as\/ustarroz-bossio-24-04-2015001001\/#main\" data-orig-file=\"https:\/\/www.hoymercedes.com.ar\/principal\/wp-content\/uploads\/2015\/04\/ustarroz-bossio-24.04.2015001001.jpg\" data-orig-size=\"620,412\" data-comments-opened=\"1\" data-image-meta=\"{&quot;aperture&quot;:&quot;5.6&quot;,&quot;credit&quot;:&quot;&quot;,&quot;camera&quot;:&quot;NIKON D3200&quot;,&quot;caption&quot;:&quot;&quot;,&quot;created_timestamp&quot;:&quot;1429882255&quot;,&quot;copyright&quot;:&quot;&quot;,&quot;focal_length&quot;:&quot;50&quot;,&quot;iso&quot;:&quot;720&quot;,&quot;shutter_speed&quot;:&quot;0.0166666666667&quot;,&quot;title&quot;:&quot;&quot;,&quot;orientation&quot;:&quot;0&quot;}\" data-image-title=\"ustarroz-bossio-24.04.2015001001\" data-image-description=\"\" data-image-caption=\"\" data-large-file=\"https:\/\/www.hoymercedes.com.ar\/principal\/wp-content\/uploads\/2015\/04\/ustarroz-bossio-24.04.2015001001.jpg\" class=\"aligncenter size-full wp-image-41174\" src=\"https:\/\/www.hoymercedes.com.ar\/principal\/wp-content\/uploads\/2015\/04\/ustarroz-bossio-24.04.2015001001.jpg\" alt=\"ustarroz-bossio-24.04.2015001001\" width=\"620\" height=\"412\" \/><\/a><\/p>\n<p><em><strong>\u201cLa provincia, como locomotora del pa\u00eds, es una noci\u00f3n que tiene un fuerte sustento en la realidad\u201d, remarc\u00f3 Juan Ustarroz en la presentaci\u00f3n del libro \u201cBases para el desarrollo de la provincia de Buenos Aires\u00bb que se llev\u00f3 a cabo en el auditorio principal de la Universidad de Luj\u00e1n con Diego Bossio, pre candidato a gobernador bonaerense, como principal orador.<\/strong><\/em><\/p>\n<p>El edil del Frente Mercedino comparti\u00f3 la mesa de presentaci\u00f3n del trabajo que documenta y analiza la realidad socio econ\u00f3mica de la provincia de Buenos Aires junto al mencionado <strong>Diego Bossio<\/strong>, al rector de la UNLu Ing. Osvaldo Arizio, al Diputado Nacional y representante de SMATA Oscar Romero y al concejal de Luj\u00e1n Leonardo Botto. All\u00ed, bajo m\u00e1s de un centenar de personas, se realiz\u00f3 un an\u00e1lisis de la realidad argentina y provincial, de la necesidad de efectuar cada vez m\u00e1s y mejores pol\u00edticas p\u00fablicas y de mirar el futuro desde una provincia que por sus dimensiones, poblaci\u00f3n y sistema econ\u00f3mico puede convertirse \u201cen la locomotora del pa\u00eds\u201d, tal como sostuvo Bossio.<\/p>\n<p><strong>Juan Ustarroz<\/strong> afirm\u00f3 que: \u201ces un acontecimiento m\u00e1s que valioso. Diego Bossio no s\u00f3lo expuso sus ideas pol\u00edticas y de gesti\u00f3n, sino que deja un instrumento p\u00fablico, como es un libro, donde plasma todo un an\u00e1lisis y datos de la realidad bonaerense que son vitales para quien desea gestionar\u201d, a la vez que coment\u00f3: \u201cpara nosotros es un orgullo participar de \u00e9sta mesa y esta jornada de debate y reflexi\u00f3n, donde nuevamente ponemos en evidencia que el rol del Estado en la econom\u00eda, la sociedad y el bienestar social es indiscutible\u201d, remarc\u00f3.<\/p>\n<p><strong>Diego Bossio,<\/strong> por su parte, expres\u00f3: \u201cNo es posible transformar el destino de los pueblos sin compromiso de la pol\u00edtica. Tenemos que tener dirigentes comprometidos con los destinos de la Patria y con los m\u00e1s humildes. Vamos a tener que ponerle mucho esfuerzo y coraz\u00f3n, porque a\u00fan hay mucho para trabajar en la Provincia y no hay lugar para la improvisaci\u00f3n. Necesitamos dirigentes y militantes pol\u00edticos comprometidos, que quieran trascender\u201d, ante el colmado y atento auditorio.<\/p>\n<p>\u201cOtro aspecto importante es que este trabajo documental no queda para unos pocos y puertas adentro, sino que Diego lo est\u00e1 distribuyendo en toda la provincia, para que cualquiera pueda ver la realidad de un territorio enorme, como es el nuestro, en Buenos Aires\u201d, sostuvo Ustarroz al remarcar la importancia de crear conocimientos nuevos y socializarlos, como una \u201cpr\u00e1ctica cultural muy propia de los que compartimos \u00e9ste proyecto nacional\u201d, remarc\u00f3.<\/p>\n<p>Bossio, que es pre candidato a gobernador por el Frente para la Victoria, viene desde hace un tiempo compartiendo actos y presentaci\u00f3n con diferentes referentes en distintos puntos de la provincia de Buenos Aires.<\/p>\n<p>&nbsp;<\/p>\n","protected":false},"excerpt":{"rendered":"<p>\u201cLa provincia, como locomotora del pa\u00eds, es una noci\u00f3n que tiene un fuerte sustento en la realidad\u201d, remarc\u00f3 Juan Ustarroz &#8230; <a title=\"Ustarroz junto a Diego Bossio en presentaci\u00f3n de libro \u00abBases\u00bb\" class=\"read-more\" href=\"https:\/\/www.hoymercedes.com.ar\/principal\/2015\/04\/27\/ustarroz-junto-a-diego-bossio-en-presentacion-de-libro-bases-sobre-provincia-de-bs-as\/\" aria-label=\"Leer m\u00e1s sobre Ustarroz junto a Diego Bossio en presentaci\u00f3n de libro \u00abBases\u00bb\">Leer m\u00e1s<\/a><\/p>\n","protected":false},"author":1,"featured_media":41174,"comment_status":"open","ping_status":"open","sticky":false,"template":"","format":"standard","meta":{"_monsterinsights_skip_tracking":false,"_monsterinsights_sitenote_active":false,"_monsterinsights_sitenote_note":"","_monsterinsights_sitenote_category":0,"jetpack_post_was_ever_published":false,"_jetpack_newsletter_access":"","_jetpack_dont_email_post_to_subs":false,"_jetpack_newsletter_tier_id":0,"_jetpack_memberships_contains_paywalled_content":false,"_jetpack_memberships_contains_paid_content":false,"footnotes":"","jetpack_publicize_message":"","jetpack_publicize_feature_enabled":true,"jetpack_social_post_already_shared":true,"jetpack_social_options":{"image_generator_settings":{"template":"highway","default_image_id":0,"font":"","enabled":false},"version":2},"_wpas_customize_per_network":false},"categories":[5],"tags":[7235,3702,585],"class_list":["post-41173","post","type-post","status-publish","format-standard","has-post-thumbnail","hentry","category-politica","tag-bases","tag-diego-bossio","tag-juan-ustarroz","generate-columns","tablet-grid-50","mobile-grid-100","grid-parent","grid-50"],"jetpack_publicize_connections":[],"jetpack_featured_media_url":"https:\/\/www.hoymercedes.com.ar\/principal\/wp-content\/uploads\/2015\/04\/ustarroz-bossio-24.04.2015001001.jpg","wps_subtitle":"Pol\u00edtica y gesti\u00f3n ","jetpack_sharing_enabled":true,"jetpack-related-posts":[{"id":35339,"url":"https:\/\/www.hoymercedes.com.ar\/principal\/2014\/08\/20\/ustarroz-nuevamente-junto-a-diego-bossio\/","url_meta":{"origin":41173,"position":0},"title":"Ustarroz nuevamente junto a Diego Bossio","author":"hoymercedes","date":"20 agosto, 2014","format":false,"excerpt":"Este jueves el Gerente Regional de Anses Juan Ustarr\u00f3z estar\u00e1 nuevamente con Diego Bossio haciendo actividades de expansi\u00f3n de los servicios del Anses en el interior. Ser\u00e1 Suipacha \u00e9sta vez. Diego Bossio estar\u00e1 en la vecina localidad ampliando los servicios que se brindan a los jubilados de dicha localidad, en\u2026","rel":"","context":"En \u00abSociedad\u00bb","block_context":{"text":"Sociedad","link":"https:\/\/www.hoymercedes.com.ar\/principal\/category\/sociedad\/"},"img":{"alt_text":"bossio-ustarroz","src":"https:\/\/i0.wp.com\/www.hoymercedes.com.ar\/principal\/wp-content\/uploads\/2014\/08\/bossio-ustarroz.jpg?resize=350%2C200","width":350,"height":200,"srcset":"https:\/\/i0.wp.com\/www.hoymercedes.com.ar\/principal\/wp-content\/uploads\/2014\/08\/bossio-ustarroz.jpg?resize=350%2C200 1x, https:\/\/i0.wp.com\/www.hoymercedes.com.ar\/principal\/wp-content\/uploads\/2014\/08\/bossio-ustarroz.jpg?resize=525%2C300 1.5x"},"classes":[]},{"id":38507,"url":"https:\/\/www.hoymercedes.com.ar\/principal\/2014\/12\/16\/diego-bossio-evidentemente-habia-una-necesidad-al-entregar-113-jubilaciones-en-mercedes\/","url_meta":{"origin":41173,"position":1},"title":"Diego Bossio: \u201cevidentemente hab\u00eda una necesidad\u201d, al entregar 113 jubilaciones en Mercedes","author":"hoymercedes","date":"16 diciembre, 2014","format":false,"excerpt":"Son 1000 en Mercedes en el \u00faltimo tiempo. El m\u00e1ximo responsable del ANSES visit\u00f3 Mercedes y estuvo en el Club Estudiantes. Dialog\u00f3 con los medios y llev\u00f3 a cabo la entrega de beneficios a quienes se jubilaron recientemente. M\u00e1s de 100 Mercedinos se acumulan y en esta ocasi\u00f3n se entreg\u00f3\u2026","rel":"","context":"En \u00abSociedad\u00bb","block_context":{"text":"Sociedad","link":"https:\/\/www.hoymercedes.com.ar\/principal\/category\/sociedad\/"},"img":{"alt_text":"Juan Ustarroz, Diego Bossio, Mercedes, Fernando San Pedro","src":"https:\/\/i0.wp.com\/www.hoymercedes.com.ar\/principal\/wp-content\/uploads\/2014\/12\/BossioMercedes-2014.jpg?resize=350%2C200","width":350,"height":200,"srcset":"https:\/\/i0.wp.com\/www.hoymercedes.com.ar\/principal\/wp-content\/uploads\/2014\/12\/BossioMercedes-2014.jpg?resize=350%2C200 1x, https:\/\/i0.wp.com\/www.hoymercedes.com.ar\/principal\/wp-content\/uploads\/2014\/12\/BossioMercedes-2014.jpg?resize=525%2C300 1.5x"},"classes":[]},{"id":35365,"url":"https:\/\/www.hoymercedes.com.ar\/principal\/2014\/08\/21\/ustarroz-junto-a-bossio-inaugurando-oficina-de-anses-en-suipacha\/","url_meta":{"origin":41173,"position":2},"title":"Ustarroz junto a Bossio inaugurando oficina de Anses en Suipacha","author":"hoymercedes","date":"21 agosto, 2014","format":false,"excerpt":"El Gerente General de Anses inaugur\u00f3 una nueva sede en la localidad de Suipacha. Estuvo el Gerente Regional y mercedino Juan Ustarr\u00f3z y el intendente\u00a0 de la mencionada localidad Antonio Delfino. El Gerente General de Anses, Diego Bossio, inaugur\u00f3 durante la ma\u00f1ana de \u00e9ste jueves en Suipacha una nueva Oficina\u2026","rel":"","context":"En \u00abPol\u00edtica\u00bb","block_context":{"text":"Pol\u00edtica","link":"https:\/\/www.hoymercedes.com.ar\/principal\/category\/politica\/"},"img":{"alt_text":"bossio.ustarroz.suipacha","src":"https:\/\/i0.wp.com\/www.hoymercedes.com.ar\/principal\/wp-content\/uploads\/2014\/08\/bossio.ustarroz.suipacha.jpg?resize=350%2C200","width":350,"height":200,"srcset":"https:\/\/i0.wp.com\/www.hoymercedes.com.ar\/principal\/wp-content\/uploads\/2014\/08\/bossio.ustarroz.suipacha.jpg?resize=350%2C200 1x, https:\/\/i0.wp.com\/www.hoymercedes.com.ar\/principal\/wp-content\/uploads\/2014\/08\/bossio.ustarroz.suipacha.jpg?resize=525%2C300 1.5x"},"classes":[]},{"id":39538,"url":"https:\/\/www.hoymercedes.com.ar\/principal\/2015\/02\/11\/ustarroz-y-bossio-inauguraron-en-navarro-y-lobos\/","url_meta":{"origin":41173,"position":3},"title":"Ustarroz y Bossio inauguraron UDAI en Navarro y Lobos","author":"hoymercedes","date":"11 febrero, 2015","format":false,"excerpt":"El gerente regional de la ANSES y presidente del bloque de concejales del Frente Mercedino para la Victoria, Juan Ignacio Ustarroz, estuvo en las localidades bonaerenses de Navarro y Lobos junto con el director ejecutivo del organismo nacional, Diego Bossio, con quien abri\u00f3 nuevas UDAI para los vecinos y asisti\u00f3\u2026","rel":"","context":"En \u00abPol\u00edtica\u00bb","block_context":{"text":"Pol\u00edtica","link":"https:\/\/www.hoymercedes.com.ar\/principal\/category\/politica\/"},"img":{"alt_text":"Ustarroz-UDAI-Bossio","src":"https:\/\/i0.wp.com\/www.hoymercedes.com.ar\/principal\/wp-content\/uploads\/2015\/02\/Ustarroz-UDAI-Bossio.jpg?resize=350%2C200","width":350,"height":200,"srcset":"https:\/\/i0.wp.com\/www.hoymercedes.com.ar\/principal\/wp-content\/uploads\/2015\/02\/Ustarroz-UDAI-Bossio.jpg?resize=350%2C200 1x, https:\/\/i0.wp.com\/www.hoymercedes.com.ar\/principal\/wp-content\/uploads\/2015\/02\/Ustarroz-UDAI-Bossio.jpg?resize=525%2C300 1.5x"},"classes":[]},{"id":42342,"url":"https:\/\/www.hoymercedes.com.ar\/principal\/2015\/06\/11\/ustarroz-junto-a-diego-bossio-en-canuelas-en-un-acto-de-entrega-de-beneficios-sociales\/","url_meta":{"origin":41173,"position":4},"title":"Ustarroz junto a Diego Bossio en Ca\u00f1uelas en un acto de entrega de beneficios sociales","author":"hoymercedes","date":"11 junio, 2015","format":false,"excerpt":"El gerente regional de la ANSES y presidente del bloque de concejales del Frente Mercedino para la Victoria, Juan Ignacio Ustarroz, encabez\u00f3 un acto en la localidad bonaerense de Ca\u00f1uelas junto con el director ejecutivo del organismo, Diego Bossio, con quien entreg\u00f3 certificados de cr\u00e9ditos del PROCREAR a familias locales,\u2026","rel":"","context":"En \u00abCiudad\u00bb","block_context":{"text":"Ciudad","link":"https:\/\/www.hoymercedes.com.ar\/principal\/category\/ciudad\/"},"img":{"alt_text":"","src":"https:\/\/i0.wp.com\/www.hoymercedes.com.ar\/principal\/wp-content\/uploads\/2015\/06\/ustarroz-ca%C3%B1uelas.jpg?resize=350%2C200&ssl=1","width":350,"height":200,"srcset":"https:\/\/i0.wp.com\/www.hoymercedes.com.ar\/principal\/wp-content\/uploads\/2015\/06\/ustarroz-ca%C3%B1uelas.jpg?resize=350%2C200&ssl=1 1x, https:\/\/i0.wp.com\/www.hoymercedes.com.ar\/principal\/wp-content\/uploads\/2015\/06\/ustarroz-ca%C3%B1uelas.jpg?resize=525%2C300&ssl=1 1.5x"},"classes":[]},{"id":39347,"url":"https:\/\/www.hoymercedes.com.ar\/principal\/2015\/02\/05\/ustarroz-junto-a-diego-bossio-inauguraron-udai-en-marcos-paz\/","url_meta":{"origin":41173,"position":5},"title":"Ustarroz junto a Diego Bossio inauguraron UDAI en Marcos Paz","author":"hoymercedes","date":"5 febrero, 2015","format":false,"excerpt":"El gerente regional de la ANSES y presidente del bloque de concejales del Frente Mercedino para la Victoria, Juan Ignacio Ustarroz, y el Director Ejecutivo del organismo nacional, Diego Bossio, inauguraron el martes la nueva UDAI de la localidad bonaerense de Marcos Paz, donde se\u00f1alaron \u201cla importancia de mejorar las\u2026","rel":"","context":"En \u00abPol\u00edtica\u00bb","block_context":{"text":"Pol\u00edtica","link":"https:\/\/www.hoymercedes.com.ar\/principal\/category\/politica\/"},"img":{"alt_text":"bossio-ustarroz-2015","src":"https:\/\/i0.wp.com\/www.hoymercedes.com.ar\/principal\/wp-content\/uploads\/2015\/02\/bossio-ustarroz-2015.jpg?resize=350%2C200","width":350,"height":200,"srcset":"https:\/\/i0.wp.com\/www.hoymercedes.com.ar\/principal\/wp-content\/uploads\/2015\/02\/bossio-ustarroz-2015.jpg?resize=350%2C200 1x, https:\/\/i0.wp.com\/www.hoymercedes.com.ar\/principal\/wp-content\/uploads\/2015\/02\/bossio-ustarroz-2015.jpg?resize=525%2C300 1.5x"},"classes":[]}],"_links":{"self":[{"href":"https:\/\/www.hoymercedes.com.ar\/principal\/wp-json\/wp\/v2\/posts\/41173","targetHints":{"allow":["GET"]}}],"collection":[{"href":"https:\/\/www.hoymercedes.com.ar\/principal\/wp-json\/wp\/v2\/posts"}],"about":[{"href":"https:\/\/www.hoymercedes.com.ar\/principal\/wp-json\/wp\/v2\/types\/post"}],"author":[{"embeddable":true,"href":"https:\/\/www.hoymercedes.com.ar\/principal\/wp-json\/wp\/v2\/users\/1"}],"replies":[{"embeddable":true,"href":"https:\/\/www.hoymercedes.com.ar\/principal\/wp-json\/wp\/v2\/comments?post=41173"}],"version-history":[{"count":0,"href":"https:\/\/www.hoymercedes.com.ar\/principal\/wp-json\/wp\/v2\/posts\/41173\/revisions"}],"wp:featuredmedia":[{"embeddable":true,"href":"https:\/\/www.hoymercedes.com.ar\/principal\/wp-json\/wp\/v2\/media\/41174"}],"wp:attachment":[{"href":"https:\/\/www.hoymercedes.com.ar\/principal\/wp-json\/wp\/v2\/media?parent=41173"}],"wp:term":[{"taxonomy":"category","embeddable":true,"href":"https:\/\/www.hoymercedes.com.ar\/principal\/wp-json\/wp\/v2\/categories?post=41173"},{"taxonomy":"post_tag","embeddable":true,"href":"https:\/\/www.hoymercedes.com.ar\/principal\/wp-json\/wp\/v2\/tags?post=41173"}],"curies":[{"name":"wp","href":"https:\/\/api.w.org\/{rel}","templated":true}]}}