{"id":41185,"date":"2015-04-27T21:25:33","date_gmt":"2015-04-28T00:25:33","guid":{"rendered":"http:\/\/www.hoymercedes.com.ar\/principal\/?p=41185"},"modified":"2015-04-27T21:25:33","modified_gmt":"2015-04-28T00:25:33","slug":"7-demorados-en-operativo-policial-por-estupefacientes","status":"publish","type":"post","link":"https:\/\/www.hoymercedes.com.ar\/principal\/2015\/04\/27\/7-demorados-en-operativo-policial-por-estupefacientes\/","title":{"rendered":"7 demorados en operativo policial por estupefacientes"},"content":{"rendered":"<p>&nbsp;<\/p>\n<p><a href=\"https:\/\/www.hoymercedes.com.ar\/principal\/wp-content\/uploads\/2015\/04\/DSC_0016.jpg\"><img loading=\"lazy\" decoding=\"async\" data-attachment-id=\"41186\" data-permalink=\"https:\/\/www.hoymercedes.com.ar\/principal\/2015\/04\/27\/7-demorados-en-operativo-policial-por-estupefacientes\/dsc_0016\/#main\" data-orig-file=\"https:\/\/www.hoymercedes.com.ar\/principal\/wp-content\/uploads\/2015\/04\/DSC_0016.jpg\" data-orig-size=\"620,412\" data-comments-opened=\"1\" data-image-meta=\"{&quot;aperture&quot;:&quot;3.5&quot;,&quot;credit&quot;:&quot;&quot;,&quot;camera&quot;:&quot;NIKON D3200&quot;,&quot;caption&quot;:&quot;&quot;,&quot;created_timestamp&quot;:&quot;1429126142&quot;,&quot;copyright&quot;:&quot;&quot;,&quot;focal_length&quot;:&quot;18&quot;,&quot;iso&quot;:&quot;1250&quot;,&quot;shutter_speed&quot;:&quot;0.0166666666667&quot;,&quot;title&quot;:&quot;&quot;,&quot;orientation&quot;:&quot;0&quot;}\" data-image-title=\"Comisaria Mercedfs\" data-image-description=\"\" data-image-caption=\"\" data-large-file=\"https:\/\/www.hoymercedes.com.ar\/principal\/wp-content\/uploads\/2015\/04\/DSC_0016.jpg\" class=\"Img2014 aligncenter wp-image-41186 size-full\" src=\"https:\/\/www.hoymercedes.com.ar\/principal\/wp-content\/uploads\/2015\/04\/DSC_0016.jpg\" alt=\"DSC_0016\" width=\"620\" height=\"412\" \/><\/a><\/p>\n<p><em><strong>La acci\u00f3n policial bajo orden judicial se llev\u00f3 a cabo durante la jornada del s\u00e1bado con el resultado de 7 personas detenidas &#8211; demoradas en vinculaci\u00f3n a la causa que cont\u00f3 con la intervenci\u00f3n de la UFI N\u00b02 del Departamento Judicial Mercedes.<\/strong><\/em><\/p>\n<p>Las actuaciones policiales se dieron en calle 61 casi 20 de nuestra ciudad siendo objeto de la pesquisa tres locaciones.<\/p>\n<p>Entre los detenidos hay extranjeros y dos menores.<\/p>\n<p>En el allanamiento se retuvieron un tel\u00e9fono m\u00f3vil, $186, proyectiles calibre 9 mil\u00edmetros y varios \u201cporros\u201d armados con picadura de marihuana. Tambi\u00e9n en un zanj\u00f3n cercano ante el registro de los oficiales de detectaron dos medias con 32 envoltorios de marihuana prensada siendo casi 160 gramos as\u00ed como 69 envoltorios de coca\u00edna.<\/p>\n<p>Se recuper\u00f3 tambi\u00e9n una bicicleta playera que estaba denunciada como sustra\u00edda d\u00edas atr\u00e1s. Fue incautada a su vez una motocicleta Mondial 110cc cuya numeraci\u00f3n identificatoria fue borroneada.<\/p>\n<p>El GAD debi\u00f3 efectuar un cord\u00f3n de contenci\u00f3n dado que personas de la zona se mostraron hostiles a la presencia de los uniformados que llevaban a cabo el operativo dejando como saldo un efectivo herido y un m\u00f3vil policial da\u00f1ado por el impacto de las piedras y objetos contundentes arrojados.<\/p>\n<p>Intervinieron la Comisaria local, la Polic\u00eda Federal Argentina de Mercedes, la DDI Operativa de nuestra Departamental y el \u00e1rea de Narcotr\u00e1fico de Moreno.<\/p>\n<p>&nbsp;<\/p>\n<p>&nbsp;<\/p>\n","protected":false},"excerpt":{"rendered":"<p>&nbsp; La acci\u00f3n policial bajo orden judicial se llev\u00f3 a cabo durante la jornada del s\u00e1bado con el resultado de &#8230; <a title=\"7 demorados en operativo policial por estupefacientes\" class=\"read-more\" href=\"https:\/\/www.hoymercedes.com.ar\/principal\/2015\/04\/27\/7-demorados-en-operativo-policial-por-estupefacientes\/\" aria-label=\"Leer m\u00e1s sobre 7 demorados en operativo policial por estupefacientes\">Leer m\u00e1s<\/a><\/p>\n","protected":false},"author":1,"featured_media":41186,"comment_status":"open","ping_status":"open","sticky":false,"template":"","format":"standard","meta":{"_monsterinsights_skip_tracking":false,"_monsterinsights_sitenote_active":false,"_monsterinsights_sitenote_note":"","_monsterinsights_sitenote_category":0,"jetpack_post_was_ever_published":false,"_jetpack_newsletter_access":"","_jetpack_dont_email_post_to_subs":false,"_jetpack_newsletter_tier_id":0,"_jetpack_memberships_contains_paywalled_content":false,"_jetpack_memberships_contains_paid_content":false,"footnotes":"","jetpack_publicize_message":"","jetpack_publicize_feature_enabled":true,"jetpack_social_post_already_shared":true,"jetpack_social_options":{"image_generator_settings":{"template":"highway","default_image_id":0,"font":"","enabled":false},"version":2},"_wpas_customize_per_network":false},"categories":[85],"tags":[97,27,126],"class_list":["post-41185","post","type-post","status-publish","format-standard","has-post-thumbnail","hentry","category-policial","tag-allanamiento","tag-drogas","tag-policia-mercedes","generate-columns","tablet-grid-50","mobile-grid-100","grid-parent","grid-50"],"jetpack_publicize_connections":[],"jetpack_featured_media_url":"https:\/\/www.hoymercedes.com.ar\/principal\/wp-content\/uploads\/2015\/04\/DSC_0016.jpg","wps_subtitle":"A disposici\u00f3n de UFI N\u00b02","jetpack_sharing_enabled":true,"_links":{"self":[{"href":"https:\/\/www.hoymercedes.com.ar\/principal\/wp-json\/wp\/v2\/posts\/41185","targetHints":{"allow":["GET"]}}],"collection":[{"href":"https:\/\/www.hoymercedes.com.ar\/principal\/wp-json\/wp\/v2\/posts"}],"about":[{"href":"https:\/\/www.hoymercedes.com.ar\/principal\/wp-json\/wp\/v2\/types\/post"}],"author":[{"embeddable":true,"href":"https:\/\/www.hoymercedes.com.ar\/principal\/wp-json\/wp\/v2\/users\/1"}],"replies":[{"embeddable":true,"href":"https:\/\/www.hoymercedes.com.ar\/principal\/wp-json\/wp\/v2\/comments?post=41185"}],"version-history":[{"count":0,"href":"https:\/\/www.hoymercedes.com.ar\/principal\/wp-json\/wp\/v2\/posts\/41185\/revisions"}],"wp:featuredmedia":[{"embeddable":true,"href":"https:\/\/www.hoymercedes.com.ar\/principal\/wp-json\/wp\/v2\/media\/41186"}],"wp:attachment":[{"href":"https:\/\/www.hoymercedes.com.ar\/principal\/wp-json\/wp\/v2\/media?parent=41185"}],"wp:term":[{"taxonomy":"category","embeddable":true,"href":"https:\/\/www.hoymercedes.com.ar\/principal\/wp-json\/wp\/v2\/categories?post=41185"},{"taxonomy":"post_tag","embeddable":true,"href":"https:\/\/www.hoymercedes.com.ar\/principal\/wp-json\/wp\/v2\/tags?post=41185"}],"curies":[{"name":"wp","href":"https:\/\/api.w.org\/{rel}","templated":true}]}}