{"id":412,"date":"2010-11-18T02:40:48","date_gmt":"2010-11-18T02:40:48","guid":{"rendered":"http:\/\/www.hoymercedes.com.ar\/principal\/?p=412"},"modified":"2010-11-18T02:40:48","modified_gmt":"2010-11-18T02:40:48","slug":"el-peronismo-celebro-el-dia-del-militante","status":"publish","type":"post","link":"https:\/\/www.hoymercedes.com.ar\/principal\/2010\/11\/18\/el-peronismo-celebro-el-dia-del-militante\/","title":{"rendered":"El peronismo celebr\u00f3 el D\u00eda del Militante"},"content":{"rendered":"<p>Como se viene haciendo desde la d\u00e9cada del ochenta, el peronismo de todo el poa\u00eds conmemora el 17 de noviembre de cada a\u00f1o como el D\u00eda del Militante por haber sido en el a\u00f1os 1972 la fecha en que tras 18 a\u00f1os de no poder estar en la Argentina retornaba al pa\u00eds el General Juan Domingo Peron.<\/p>\n<p>\u201cen realidad el d\u00eda comenz\u00f3 a celebrarse a partir del a\u00f1o 1987 cuando el Dr Antonio Cafiero asumio como gobernador de la Provincia de Buenos Aires-sostuvo Juan Carlos Ben\u00edtez qui\u00e9n noi dudo en elegir la fecha del retorno luego de casi dos d\u00e9cadas de exilio\u00a0 en Espa\u00f1a del General Peron, algo que se logr\u00f3 justamente por la gran presi\u00f3n ejercida desde todos los \u00e1mbitos por lo militantes de entonces de nuestro Partido.<\/p>\n<p>Se que en Mercedes aun hay personas con vida que fueron ese d\u00eda a Buenos Aires y que transitaron la autopista Richieri para llegar a Vicente L\u00f3pez donde Peron iba a tener su presidencia temporaria en la casa de la calle Gaspar Campos. Fue una jornada inolvidable donde miles y miles de Argentinos celebraron dicho regreso, una jornada que me toco vivirla participando de los grupos de juventud que por entonces est\u00e1bamos trabajando aunque sin participar de manera directa en todo lo relacionado con la conducci\u00f3n del Partido en Mercedes\u201d para luego concluir expresando \u201cpor tal motivo es que desde la Agrupaci\u00f3n Unidad y Lealtad organizamos un brindis, para estar junto a los compa\u00f1eros que nos acompa\u00f1aron siempre y hoy tambi\u00e9n lo siguen haciendo con un alto compromiso de militancia pol\u00edtica\u201d.<\/p>\n","protected":false},"excerpt":{"rendered":"<p>Como se viene haciendo desde la d\u00e9cada del ochenta, el peronismo de todo el poa\u00eds conmemora el 17 de noviembre &#8230; <a title=\"El peronismo celebr\u00f3 el D\u00eda del Militante\" class=\"read-more\" href=\"https:\/\/www.hoymercedes.com.ar\/principal\/2010\/11\/18\/el-peronismo-celebro-el-dia-del-militante\/\" aria-label=\"Leer m\u00e1s sobre El peronismo celebr\u00f3 el D\u00eda del Militante\">Leer m\u00e1s<\/a><\/p>\n","protected":false},"author":1,"featured_media":0,"comment_status":"open","ping_status":"open","sticky":false,"template":"","format":"standard","meta":{"_monsterinsights_skip_tracking":false,"_monsterinsights_sitenote_active":false,"_monsterinsights_sitenote_note":"","_monsterinsights_sitenote_category":0,"jetpack_post_was_ever_published":false,"_jetpack_newsletter_access":"","_jetpack_dont_email_post_to_subs":false,"_jetpack_newsletter_tier_id":0,"_jetpack_memberships_contains_paywalled_content":false,"_jetpack_memberships_contains_paid_content":false,"footnotes":"","jetpack_publicize_message":"","jetpack_publicize_feature_enabled":true,"jetpack_social_post_already_shared":false,"jetpack_social_options":{"image_generator_settings":{"template":"highway","default_image_id":0,"font":"","enabled":false},"version":2},"_wpas_customize_per_network":false},"categories":[5],"tags":[101,102],"class_list":["post-412","post","type-post","status-publish","format-standard","hentry","category-politica","tag-dia-del-militante","tag-peronismo-mercedes","generate-columns","tablet-grid-50","mobile-grid-100","grid-parent","grid-50"],"jetpack_publicize_connections":[],"jetpack_featured_media_url":"","wps_subtitle":"","jetpack_sharing_enabled":true,"_links":{"self":[{"href":"https:\/\/www.hoymercedes.com.ar\/principal\/wp-json\/wp\/v2\/posts\/412","targetHints":{"allow":["GET"]}}],"collection":[{"href":"https:\/\/www.hoymercedes.com.ar\/principal\/wp-json\/wp\/v2\/posts"}],"about":[{"href":"https:\/\/www.hoymercedes.com.ar\/principal\/wp-json\/wp\/v2\/types\/post"}],"author":[{"embeddable":true,"href":"https:\/\/www.hoymercedes.com.ar\/principal\/wp-json\/wp\/v2\/users\/1"}],"replies":[{"embeddable":true,"href":"https:\/\/www.hoymercedes.com.ar\/principal\/wp-json\/wp\/v2\/comments?post=412"}],"version-history":[{"count":0,"href":"https:\/\/www.hoymercedes.com.ar\/principal\/wp-json\/wp\/v2\/posts\/412\/revisions"}],"wp:attachment":[{"href":"https:\/\/www.hoymercedes.com.ar\/principal\/wp-json\/wp\/v2\/media?parent=412"}],"wp:term":[{"taxonomy":"category","embeddable":true,"href":"https:\/\/www.hoymercedes.com.ar\/principal\/wp-json\/wp\/v2\/categories?post=412"},{"taxonomy":"post_tag","embeddable":true,"href":"https:\/\/www.hoymercedes.com.ar\/principal\/wp-json\/wp\/v2\/tags?post=412"}],"curies":[{"name":"wp","href":"https:\/\/api.w.org\/{rel}","templated":true}]}}