{"id":41318,"date":"2015-05-01T21:31:56","date_gmt":"2015-05-02T00:31:56","guid":{"rendered":"http:\/\/www.hoymercedes.com.ar\/principal\/?p=41318"},"modified":"2015-05-02T16:25:48","modified_gmt":"2015-05-02T19:25:48","slug":"de-pedro-cuestiono-la-reaparicion-de-las-recetas-del-fondo-monetario-internacional","status":"publish","type":"post","link":"https:\/\/www.hoymercedes.com.ar\/principal\/2015\/05\/01\/de-pedro-cuestiono-la-reaparicion-de-las-recetas-del-fondo-monetario-internacional\/","title":{"rendered":"De Pedro cuestion\u00f3 la reaparici\u00f3n de las \u00abrecetas\u00bb del Fondo Monetario Internacional"},"content":{"rendered":"<p><a href=\"https:\/\/www.hoymercedes.com.ar\/principal\/wp-content\/uploads\/2014\/05\/wadodepedro.jpg\"><img loading=\"lazy\" decoding=\"async\" data-attachment-id=\"32688\" data-permalink=\"https:\/\/www.hoymercedes.com.ar\/principal\/2014\/05\/08\/wado-de-pedro-quedo-como-apoderado-del-pj-bonaerense\/wadodepedro-7\/#main\" data-orig-file=\"https:\/\/www.hoymercedes.com.ar\/principal\/wp-content\/uploads\/2014\/05\/wadodepedro.jpg\" data-orig-size=\"620,426\" data-comments-opened=\"1\" data-image-meta=\"{&quot;aperture&quot;:&quot;0&quot;,&quot;credit&quot;:&quot;&quot;,&quot;camera&quot;:&quot;&quot;,&quot;caption&quot;:&quot;&quot;,&quot;created_timestamp&quot;:&quot;0&quot;,&quot;copyright&quot;:&quot;&quot;,&quot;focal_length&quot;:&quot;0&quot;,&quot;iso&quot;:&quot;0&quot;,&quot;shutter_speed&quot;:&quot;0&quot;,&quot;title&quot;:&quot;&quot;}\" data-image-title=\"wadodepedro\" data-image-description=\"\" data-image-caption=\"\" data-large-file=\"https:\/\/www.hoymercedes.com.ar\/principal\/wp-content\/uploads\/2014\/05\/wadodepedro.jpg\" class=\"Img2014 aligncenter wp-image-32688 size-full\" src=\"https:\/\/www.hoymercedes.com.ar\/principal\/wp-content\/uploads\/2014\/05\/wadodepedro.jpg\" alt=\"wadodepedro\" width=\"620\" height=\"426\" \/><\/a><\/p>\n<p>&nbsp;<\/p>\n<p><em><strong>El mercedino y Secretario General de la Presidencia de la Naci\u00f3n, Eduardo \u00abWado\u00bb De Pedro rechaz\u00f3 de plano las observaciones efectuadas por el Fondo Monetario Internacional quien recomend\u00f3 nuevamente devaluar la moneda nacional contra el d\u00f3lar y un ajuste presupuestario en el rol del Estado.\u00a0<\/strong><\/em><\/p>\n<p>\u00abEl FMI vuelve a pedir ajuste y devaluaci\u00f3n, es decir, menos plata en el bolsillo de los trabajadores, m\u00e1s pobreza\u00bb, afirm\u00f3.<\/p>\n<p>Eduardo de Pedro utiliz\u00f3 las redes sociales para expresarse al respecto al afirmar que: \u00abY lo hab\u00eda dicho con claridad N\u00e9stor (Kirchner) el 25 de mayo de 2003: &#8216;Sabemos a d\u00f3nde vamos y sabemos a d\u00f3nde no queremos volver\u00bb.<\/p>\n<p>\u00abYa lo dijo @CFKArgentina (Cristina Fern\u00e1ndez) los argentinos no vamos a permitir que nos extorsionen desde afuera\u00bb, record\u00f3.<\/p>\n<p>De Pedro tambi\u00e9n tuvo un momento para exponer a candidatos de la oposici\u00f3n que buscan seguir la l\u00ednea del FMI: \u00abLo m\u00e1s triste es que hay candidatos de la oposici\u00f3n dispuestos a llevar a cabo ese plan impuesto desde afuera en contra los argentinos\u00bb, sostuvo<\/p>\n<p>&nbsp;<\/p>\n<p>&nbsp;<\/p>\n<p>&nbsp;<\/p>\n<p>&nbsp;<\/p>\n","protected":false},"excerpt":{"rendered":"<p>&nbsp; El mercedino y Secretario General de la Presidencia de la Naci\u00f3n, Eduardo \u00abWado\u00bb De Pedro rechaz\u00f3 de plano las &#8230; <a title=\"De Pedro cuestion\u00f3 la reaparici\u00f3n de las \u00abrecetas\u00bb del Fondo Monetario Internacional\" class=\"read-more\" href=\"https:\/\/www.hoymercedes.com.ar\/principal\/2015\/05\/01\/de-pedro-cuestiono-la-reaparicion-de-las-recetas-del-fondo-monetario-internacional\/\" aria-label=\"Leer m\u00e1s sobre De Pedro cuestion\u00f3 la reaparici\u00f3n de las \u00abrecetas\u00bb del Fondo Monetario Internacional\">Leer m\u00e1s<\/a><\/p>\n","protected":false},"author":1,"featured_media":39330,"comment_status":"open","ping_status":"open","sticky":false,"template":"","format":"standard","meta":{"_monsterinsights_skip_tracking":false,"_monsterinsights_sitenote_active":false,"_monsterinsights_sitenote_note":"","_monsterinsights_sitenote_category":0,"jetpack_post_was_ever_published":false,"_jetpack_newsletter_access":"","_jetpack_dont_email_post_to_subs":false,"_jetpack_newsletter_tier_id":0,"_jetpack_memberships_contains_paywalled_content":false,"_jetpack_memberships_contains_paid_content":false,"footnotes":"","jetpack_publicize_message":"","jetpack_publicize_feature_enabled":true,"jetpack_social_post_already_shared":true,"jetpack_social_options":{"image_generator_settings":{"template":"highway","default_image_id":0,"font":"","enabled":false},"version":2},"_wpas_customize_per_network":false},"categories":[5],"tags":[7259],"class_list":["post-41318","post","type-post","status-publish","format-standard","has-post-thumbnail","hentry","category-politica","tag-wado-de-pedro-contra-el-fmi","generate-columns","tablet-grid-50","mobile-grid-100","grid-parent","grid-50"],"jetpack_publicize_connections":[],"jetpack_featured_media_url":"https:\/\/www.hoymercedes.com.ar\/principal\/wp-content\/uploads\/2015\/02\/wadodepedro.jpg","wps_subtitle":"Debate y rol soberano","jetpack_sharing_enabled":true,"jetpack-related-posts":[{"id":75566,"url":"https:\/\/www.hoymercedes.com.ar\/principal\/2018\/05\/09\/de-pedro-este-ajuste-que-se-viene-con-el-fmi-impactara-en-mercedes-y-en-todo-el-pais\/","url_meta":{"origin":41318,"position":0},"title":"De Pedro \u201cEste ajuste que se viene con el FMI impactar\u00e1 en Mercedes y en todo el pa\u00eds\u00bb","author":"hoymercedes","date":"9 mayo, 2018","format":false,"excerpt":"\u00a0 El Diputado Nacional y mercedino Eduardo \u201cWado\u201d de Pedro se expres\u00f3 respecto a la decisi\u00f3n del gobierno nacional de retomar los v\u00ednculos y toma de deuda con el Fondo Monetario Internacional. Consultado expres\u00f3 que \"son medidas que impactan en el d\u00eda a d\u00eda de los vecinos\u201d y sin duda\u2026","rel":"","context":"En \u00abPol\u00edtica Nacional\u00bb","block_context":{"text":"Pol\u00edtica Nacional","link":"https:\/\/www.hoymercedes.com.ar\/principal\/category\/politica-nacional\/"},"img":{"alt_text":"","src":"https:\/\/i0.wp.com\/www.hoymercedes.com.ar\/principal\/wp-content\/uploads\/2014\/08\/WadoDePEdro1.jpg?resize=350%2C200&ssl=1","width":350,"height":200,"srcset":"https:\/\/i0.wp.com\/www.hoymercedes.com.ar\/principal\/wp-content\/uploads\/2014\/08\/WadoDePEdro1.jpg?resize=350%2C200&ssl=1 1x, https:\/\/i0.wp.com\/www.hoymercedes.com.ar\/principal\/wp-content\/uploads\/2014\/08\/WadoDePEdro1.jpg?resize=525%2C300&ssl=1 1.5x"},"classes":[]},{"id":45748,"url":"https:\/\/www.hoymercedes.com.ar\/principal\/2015\/11\/03\/wado-afirmo-no-hay-campana-sucia-y-que-solo-repetimos-a-sus-economistas\/","url_meta":{"origin":41318,"position":1},"title":"Wado afirm\u00f3 no hay \u00abcampa\u00f1a sucia\u00bb y que \u00absolo repetimos\u00bb a \u00absus economistas\u00bb","author":"hoymercedes","date":"3 noviembre, 2015","format":false,"excerpt":"El Secretario General de la Presidencia, Eduardo \"Wado\" De Pedro, se refiri\u00f3 as\u00ed a los cuestionamientos que la oposici\u00f3n y algunos medios manifestaron en relaci\u00f3n a la campa\u00f1a que el FPV lleva adelante de cara al balotaje. A trav\u00e9s de su cuenta en la red social Twitter, De Pedro se\u00f1al\u00f3\u2026","rel":"","context":"En \u00abOpini\u00f3n\u00bb","block_context":{"text":"Opini\u00f3n","link":"https:\/\/www.hoymercedes.com.ar\/principal\/category\/opinion\/"},"img":{"alt_text":"","src":"https:\/\/i0.wp.com\/www.hoymercedes.com.ar\/principal\/wp-content\/uploads\/2015\/07\/wado-zanini-scioli.jpg?resize=350%2C200&ssl=1","width":350,"height":200,"srcset":"https:\/\/i0.wp.com\/www.hoymercedes.com.ar\/principal\/wp-content\/uploads\/2015\/07\/wado-zanini-scioli.jpg?resize=350%2C200&ssl=1 1x, https:\/\/i0.wp.com\/www.hoymercedes.com.ar\/principal\/wp-content\/uploads\/2015\/07\/wado-zanini-scioli.jpg?resize=525%2C300&ssl=1 1.5x"},"classes":[]},{"id":141734,"url":"https:\/\/www.hoymercedes.com.ar\/principal\/2021\/12\/20\/wado-de-pedro-dijo-que-el-20-de-diciembre-nos-debe-hacer-reflexionar-sobre-la-forma-de-hacer-politica-de-muchos-sectores\/","url_meta":{"origin":41318,"position":2},"title":"\u00abWado\u00bb de Pedro dijo que el 20 de diciembre \u201cnos debe hacer reflexionar sobre la forma de hacer pol\u00edtica de muchos sectores\u201d","author":"hoymercedes","date":"20 diciembre, 2021","format":false,"excerpt":"El ministro del Interior, Wado de Pedro, particip\u00f3 hoy de diferentes homenajes a las v\u00edctimas de la represi\u00f3n policial ocurrida el 20 de diciembre de 2001, realizados por organismos de Derechos Humanos y familiares de las v\u00edctimas de la violencia policial. \u201cEstamos acompa\u00f1ando a los familiares para recordar los sucesos\u2026","rel":"","context":"En \u00abPol\u00edtica\u00bb","block_context":{"text":"Pol\u00edtica","link":"https:\/\/www.hoymercedes.com.ar\/principal\/category\/politica\/"},"img":{"alt_text":"","src":"https:\/\/i0.wp.com\/www.hoymercedes.com.ar\/principal\/wp-content\/uploads\/2021\/12\/Wado-de-Pedro-20-dic-2001.jpg?resize=350%2C200&ssl=1","width":350,"height":200,"srcset":"https:\/\/i0.wp.com\/www.hoymercedes.com.ar\/principal\/wp-content\/uploads\/2021\/12\/Wado-de-Pedro-20-dic-2001.jpg?resize=350%2C200&ssl=1 1x, https:\/\/i0.wp.com\/www.hoymercedes.com.ar\/principal\/wp-content\/uploads\/2021\/12\/Wado-de-Pedro-20-dic-2001.jpg?resize=525%2C300&ssl=1 1.5x, https:\/\/i0.wp.com\/www.hoymercedes.com.ar\/principal\/wp-content\/uploads\/2021\/12\/Wado-de-Pedro-20-dic-2001.jpg?resize=700%2C400&ssl=1 2x, https:\/\/i0.wp.com\/www.hoymercedes.com.ar\/principal\/wp-content\/uploads\/2021\/12\/Wado-de-Pedro-20-dic-2001.jpg?resize=1050%2C600&ssl=1 3x, https:\/\/i0.wp.com\/www.hoymercedes.com.ar\/principal\/wp-content\/uploads\/2021\/12\/Wado-de-Pedro-20-dic-2001.jpg?resize=1400%2C800&ssl=1 4x"},"classes":[]},{"id":103565,"url":"https:\/\/www.hoymercedes.com.ar\/principal\/2019\/12\/06\/ministro-mercedino-eduardo-de-pedro-fue-confirmado-en-interior\/","url_meta":{"origin":41318,"position":3},"title":"Ministro mercedino Eduardo de Pedro fue confirmado en Interior","author":"hoymercedes","date":"6 diciembre, 2019","format":false,"excerpt":"El mercedino Eduardo de Pedro fue nombrado Ministro del Interior de la Naci\u00f3n. La designaci\u00f3n que era esperada fue confirmada por el Presidente electo Alberto Fern\u00e1ndez. De Pedro Ministro del Interior \"Gracias Presidente por la oportunidad de ser parte de su gabinete\" afirm\u00f3 el ahora Ministro De Pedro. M\u00e1s adelante\u2026","rel":"","context":"En \u00abPol\u00edtica\u00bb","block_context":{"text":"Pol\u00edtica","link":"https:\/\/www.hoymercedes.com.ar\/principal\/category\/politica\/"},"img":{"alt_text":"","src":"https:\/\/i0.wp.com\/www.hoymercedes.com.ar\/principal\/wp-content\/uploads\/2019\/12\/IMG-20191206-WA0019.jpg?resize=350%2C200&ssl=1","width":350,"height":200,"srcset":"https:\/\/i0.wp.com\/www.hoymercedes.com.ar\/principal\/wp-content\/uploads\/2019\/12\/IMG-20191206-WA0019.jpg?resize=350%2C200&ssl=1 1x, https:\/\/i0.wp.com\/www.hoymercedes.com.ar\/principal\/wp-content\/uploads\/2019\/12\/IMG-20191206-WA0019.jpg?resize=525%2C300&ssl=1 1.5x, https:\/\/i0.wp.com\/www.hoymercedes.com.ar\/principal\/wp-content\/uploads\/2019\/12\/IMG-20191206-WA0019.jpg?resize=700%2C400&ssl=1 2x, https:\/\/i0.wp.com\/www.hoymercedes.com.ar\/principal\/wp-content\/uploads\/2019\/12\/IMG-20191206-WA0019.jpg?resize=1050%2C600&ssl=1 3x"},"classes":[]},{"id":192885,"url":"https:\/\/www.hoymercedes.com.ar\/principal\/2026\/03\/08\/wado-de-pedro-respaldo-la-gestion-de-ustarroz-en-la-apertura-de-sesiones\/","url_meta":{"origin":41318,"position":4},"title":"Wado de Pedro respald\u00f3 la gesti\u00f3n de Ustarroz en la apertura de sesiones","author":"hoymercedes","date":"8 marzo, 2026","format":false,"excerpt":"Durante la apertura de las sesiones ordinarias del Concejo Deliberante realizada en el Teatro Argentino de Mercedes, el senador nacional Eduardo \u201cWado\u201d de Pedro expres\u00f3 un fuerte respaldo a la gesti\u00f3n del intendente Juan Ignacio Ustarroz, en un contexto pol\u00edtico marcado por cr\u00edticas al Gobierno nacional. El legislador, particip\u00f3 del\u2026","rel":"","context":"En \u00abPol\u00edtica\u00bb","block_context":{"text":"Pol\u00edtica","link":"https:\/\/www.hoymercedes.com.ar\/principal\/category\/politica\/"},"img":{"alt_text":"","src":"https:\/\/i0.wp.com\/www.hoymercedes.com.ar\/principal\/wp-content\/uploads\/2026\/03\/WADO-DE-PEDRO.jpg?resize=350%2C200&ssl=1","width":350,"height":200,"srcset":"https:\/\/i0.wp.com\/www.hoymercedes.com.ar\/principal\/wp-content\/uploads\/2026\/03\/WADO-DE-PEDRO.jpg?resize=350%2C200&ssl=1 1x, https:\/\/i0.wp.com\/www.hoymercedes.com.ar\/principal\/wp-content\/uploads\/2026\/03\/WADO-DE-PEDRO.jpg?resize=525%2C300&ssl=1 1.5x"},"classes":[]},{"id":75574,"url":"https:\/\/www.hoymercedes.com.ar\/principal\/2018\/05\/09\/selva-y-el-frente-renovador-quieren-un-camino-de-crecimiento\/","url_meta":{"origin":41318,"position":5},"title":"Selva y el Frente Renovador quieren un camino de crecimiento","author":"hoymercedes","date":"9 mayo, 2018","format":false,"excerpt":"Desde el massismo le proponen al gobierno \u201celegir un camino de crecimiento asociado a la producci\u00f3n, el trabajo y las pymes y no al del ajuste, la bicicleta financiera y el endeudamiento\u201d. \u201cEs falso que haya un solo camino\u201d, sostienen.\u00a0 Ante el reciente anuncio del Presidente Mauricio Macri de volver\u2026","rel":"","context":"En \u00abPol\u00edtica Nacional\u00bb","block_context":{"text":"Pol\u00edtica Nacional","link":"https:\/\/www.hoymercedes.com.ar\/principal\/category\/politica-nacional\/"},"img":{"alt_text":"","src":"https:\/\/i0.wp.com\/www.hoymercedes.com.ar\/principal\/wp-content\/uploads\/2018\/03\/13-Carlos-Selva.jpg?resize=350%2C200&ssl=1","width":350,"height":200,"srcset":"https:\/\/i0.wp.com\/www.hoymercedes.com.ar\/principal\/wp-content\/uploads\/2018\/03\/13-Carlos-Selva.jpg?resize=350%2C200&ssl=1 1x, https:\/\/i0.wp.com\/www.hoymercedes.com.ar\/principal\/wp-content\/uploads\/2018\/03\/13-Carlos-Selva.jpg?resize=525%2C300&ssl=1 1.5x, https:\/\/i0.wp.com\/www.hoymercedes.com.ar\/principal\/wp-content\/uploads\/2018\/03\/13-Carlos-Selva.jpg?resize=700%2C400&ssl=1 2x"},"classes":[]}],"_links":{"self":[{"href":"https:\/\/www.hoymercedes.com.ar\/principal\/wp-json\/wp\/v2\/posts\/41318","targetHints":{"allow":["GET"]}}],"collection":[{"href":"https:\/\/www.hoymercedes.com.ar\/principal\/wp-json\/wp\/v2\/posts"}],"about":[{"href":"https:\/\/www.hoymercedes.com.ar\/principal\/wp-json\/wp\/v2\/types\/post"}],"author":[{"embeddable":true,"href":"https:\/\/www.hoymercedes.com.ar\/principal\/wp-json\/wp\/v2\/users\/1"}],"replies":[{"embeddable":true,"href":"https:\/\/www.hoymercedes.com.ar\/principal\/wp-json\/wp\/v2\/comments?post=41318"}],"version-history":[{"count":0,"href":"https:\/\/www.hoymercedes.com.ar\/principal\/wp-json\/wp\/v2\/posts\/41318\/revisions"}],"wp:featuredmedia":[{"embeddable":true,"href":"https:\/\/www.hoymercedes.com.ar\/principal\/wp-json\/wp\/v2\/media\/39330"}],"wp:attachment":[{"href":"https:\/\/www.hoymercedes.com.ar\/principal\/wp-json\/wp\/v2\/media?parent=41318"}],"wp:term":[{"taxonomy":"category","embeddable":true,"href":"https:\/\/www.hoymercedes.com.ar\/principal\/wp-json\/wp\/v2\/categories?post=41318"},{"taxonomy":"post_tag","embeddable":true,"href":"https:\/\/www.hoymercedes.com.ar\/principal\/wp-json\/wp\/v2\/tags?post=41318"}],"curies":[{"name":"wp","href":"https:\/\/api.w.org\/{rel}","templated":true}]}}