{"id":41320,"date":"2015-05-01T21:43:43","date_gmt":"2015-05-02T00:43:43","guid":{"rendered":"http:\/\/www.hoymercedes.com.ar\/principal\/?p=41320"},"modified":"2015-05-02T16:24:54","modified_gmt":"2015-05-02T19:24:54","slug":"bucca-juani-y-sus-equipos-pueden-llevar-adelante-una-gestion-exitosa-como-la-que-logramos-en-bolivar","status":"publish","type":"post","link":"https:\/\/www.hoymercedes.com.ar\/principal\/2015\/05\/01\/bucca-juani-y-sus-equipos-pueden-llevar-adelante-una-gestion-exitosa-como-la-que-logramos-en-bolivar\/","title":{"rendered":"Bucca: \u00abJuani y sus equipos pueden llevar adelante una gesti\u00f3n exitosa como la que logramos en Bolivar\u00bb"},"content":{"rendered":"<p><a href=\"https:\/\/www.hoymercedes.com.ar\/principal\/wp-content\/uploads\/2015\/05\/Ustarroz-Bolivar.jpg\"><img loading=\"lazy\" decoding=\"async\" data-attachment-id=\"41321\" data-permalink=\"https:\/\/www.hoymercedes.com.ar\/principal\/2015\/05\/01\/bucca-juani-y-sus-equipos-pueden-llevar-adelante-una-gestion-exitosa-como-la-que-logramos-en-bolivar\/ustarroz-bolivar\/#main\" data-orig-file=\"https:\/\/www.hoymercedes.com.ar\/principal\/wp-content\/uploads\/2015\/05\/Ustarroz-Bolivar.jpg\" data-orig-size=\"620,413\" data-comments-opened=\"1\" data-image-meta=\"{&quot;aperture&quot;:&quot;0&quot;,&quot;credit&quot;:&quot;SEBASTIAN_AMBROSSIO&quot;,&quot;camera&quot;:&quot;&quot;,&quot;caption&quot;:&quot;&quot;,&quot;created_timestamp&quot;:&quot;0&quot;,&quot;copyright&quot;:&quot;Sebastian Ambrossio_&quot;,&quot;focal_length&quot;:&quot;0&quot;,&quot;iso&quot;:&quot;0&quot;,&quot;shutter_speed&quot;:&quot;0&quot;,&quot;title&quot;:&quot;&quot;,&quot;orientation&quot;:&quot;0&quot;}\" data-image-title=\"Ustarroz-Bolivar\" data-image-description=\"\" data-image-caption=\"\" data-large-file=\"https:\/\/www.hoymercedes.com.ar\/principal\/wp-content\/uploads\/2015\/05\/Ustarroz-Bolivar.jpg\" class=\"Img2014 aligncenter wp-image-41321 size-full\" src=\"https:\/\/www.hoymercedes.com.ar\/principal\/wp-content\/uploads\/2015\/05\/Ustarroz-Bolivar.jpg\" alt=\"Ustarroz-Bolivar\" width=\"620\" height=\"413\" \/><\/a><\/p>\n<p>El presidente del bloque de concejales del Frente Mercedino para la Victoria, Juan Ignacio Ustarroz, y los equipos t\u00e9cnicos que lo acompa\u00f1an, mantuvieron este mi\u00e9rcoles una reuni\u00f3n de trabajo con el intendente de San Carlos de Bol\u00edvar, Eduardo \u2018Bali\u2019 Bucca, quien expuso su experiencia en la aplicaci\u00f3n y gesti\u00f3n de pol\u00edticas p\u00fablicas exitosas en distintas \u00e1reas, entre ellas medio ambiente, obras p\u00fablicas, salud y deportes.<\/p>\n<p>\u00abJuani y sus equipos t\u00e9cnicos, por su capacidad y su gran voluntad de trabajo, pueden llevar adelante una gesti\u00f3n exitosa aqu\u00ed en Mercedes como la que nosotros logramos en Bol\u00edvar\u00bb, fue la conclusi\u00f3n saliente de &#8216;Bali&#8217; Bucca al finalizar el encuentro.<\/p>\n<p>\u201cDesde el Frente Mercedino tratamos siempre de aprender de experiencias exitosas, sobre todo cuando se trata de ciudades con caracter\u00edsticas similares a la nuestra. Es el caso de Bol\u00edvar, y la visita de \u2018Bali\u2019 Bucca result\u00f3 muy provechosa tanto para m\u00ed como para los equipos que me acompa\u00f1an, porque pudimos intercambiar ideas, debatir propuestas y adquirir informaci\u00f3n valiosa en much\u00edsimos aspectos\u201d, explic\u00f3 Ustarroz.<\/p>\n<p>La reuni\u00f3n se desarroll\u00f3 el mi\u00e9rcoles por la noche en la unidad b\u00e1sica que la agrupaci\u00f3n que conduce Ustarroz tiene en la avenida 29 (entre 38 y 40), a donde \u2018Bali\u2019 Bucca lleg\u00f3 acompa\u00f1ado tambi\u00e9n por parte de los equipos que lo acompa\u00f1an en la gesti\u00f3n.<\/p>\n<p>\u201cHemos ido varias veces a Bol\u00edvar para ver personalmente los \u00e9xitos del gobierno de \u2018Bali\u2019 en \u00e1reas como medio ambiente, viviendas, pavimento, obras p\u00fablicas y tantas otras; y esta vez nos devolvi\u00f3 la visita para hablar aqu\u00ed con nuestros equipos\u201d, agreg\u00f3 Juani.<\/p>\n<p>En efecto, el presidente del bloque de concejales del Frente para la Victoria viene recogiendo experiencias valiosas de distintos gobiernos municipales, sobre todo de la provincia de Buenos Aires. D\u00edas atr\u00e1s, sin ir m\u00e1s lejos, lleg\u00f3 a Mercedes el intendente de Berazategui, Juan Patricio Mussi, a quien Ustarroz hab\u00eda visitado previamente para conocer el excelente trabajo que hace en la recolecci\u00f3n y tratamiento de la basura.<\/p>\n<p>&nbsp;<\/p>\n<p>Juani tambi\u00e9n se reuni\u00f3 con el jefe comunal de Chivilcoy, Dar\u00edo Speranza, quien lo gui\u00f3 por la planta recicladora de residuos urbanos, primero; y despu\u00e9s por la pista de ciclismo que se construy\u00f3 en el lugar que ocupaba antes un enorme basural a cielo abierto<\/p>\n<p>\u201cHay much\u00edsimos modelos de gesti\u00f3n que pueden replicarse, pero antes es necesario aprender de estas experiencias exitosas y analizarlas en funci\u00f3n de las caracter\u00edsticas y la identidad de nuestra ciudad \u2013dijo Ustarroz-. Es en ese sentido en el que organizamos reuniones con intendentes, foros de debate, espacios de reflexi\u00f3n y participaci\u00f3n, para que se puedan tomar decisiones desde el conocimiento profundo, acompa\u00f1ados por el saber espec\u00edfico en cada \u00e1rea, siempre pensando en el bien com\u00fan\u201d.<\/p>\n<p>Eduardo Bucca asumi\u00f3 como intendente de Bol\u00edvar (ubicada en el centro de la provincia, a poco m\u00e1s de 250 kil\u00f3metros de nuestra ciudad), en 2011, con apenas 31 a\u00f1os de edad.<\/p>\n<p>Desde entonces ha venido desarrollando una gesti\u00f3n ejemplar en much\u00edsimos aspectos, de los que dio cuenta en el encuentro con los equipos t\u00e9cnicos de Ustarroz: el plan de pavimentaci\u00f3n continua con equipos y m\u00e1quinas municipales y personal capacitado; la renovaci\u00f3n del Parque Municipal; la construcci\u00f3n de viviendas; el acceso a la tierra para los vecinos; la distribuci\u00f3n de contenedores solamente para la recolecci\u00f3n de residuos secos; el tratamiento de la basura en una planta recicladora que tiene inclusive un aula por la que van rotando las escuelas y la gesti\u00f3n de planes de deporte tanto en el alto rendimiento como en el aspecto social y recreativo de clubes y sociedades de fomento.<\/p>\n<p>\u201cNo hay nada m\u00e1s lindo que ser el intendente de tu pueblo, del lugar en el que naciste; pero eso implica una gran responsabilidad: estar capacitado para hacerlo. Y eso es lo que garantiza Juani: la capacidad, el esfuerzo, el trabajo, la virtud de estar atento a las posibilidades, la voluntad de ir a golpear todas las puertas que sean necesarias para conseguir recursos. En definitiva: la preocupaci\u00f3n constante por sus vecinos\u201d, cerr\u00f3 Bucca.<\/p>\n<p>&nbsp;<\/p>\n<p>&nbsp;<\/p>\n<p>&nbsp;<\/p>\n<p>&nbsp;<\/p>\n","protected":false},"excerpt":{"rendered":"<p>El presidente del bloque de concejales del Frente Mercedino para la Victoria, Juan Ignacio Ustarroz, y los equipos t\u00e9cnicos que &#8230; <a title=\"Bucca: \u00abJuani y sus equipos pueden llevar adelante una gesti\u00f3n exitosa como la que logramos en Bolivar\u00bb\" class=\"read-more\" href=\"https:\/\/www.hoymercedes.com.ar\/principal\/2015\/05\/01\/bucca-juani-y-sus-equipos-pueden-llevar-adelante-una-gestion-exitosa-como-la-que-logramos-en-bolivar\/\" aria-label=\"Leer m\u00e1s sobre Bucca: \u00abJuani y sus equipos pueden llevar adelante una gesti\u00f3n exitosa como la que logramos en Bolivar\u00bb\">Leer m\u00e1s<\/a><\/p>\n","protected":false},"author":1,"featured_media":41321,"comment_status":"open","ping_status":"open","sticky":false,"template":"","format":"standard","meta":{"_monsterinsights_skip_tracking":false,"_monsterinsights_sitenote_active":false,"_monsterinsights_sitenote_note":"","_monsterinsights_sitenote_category":0,"jetpack_post_was_ever_published":false,"_jetpack_newsletter_access":"","_jetpack_dont_email_post_to_subs":false,"_jetpack_newsletter_tier_id":0,"_jetpack_memberships_contains_paywalled_content":false,"_jetpack_memberships_contains_paid_content":false,"footnotes":"","jetpack_publicize_message":"","jetpack_publicize_feature_enabled":true,"jetpack_social_post_already_shared":true,"jetpack_social_options":{"image_generator_settings":{"template":"highway","default_image_id":0,"font":"","enabled":false},"version":2},"_wpas_customize_per_network":false},"categories":[5],"tags":[7261,7260,585],"class_list":["post-41320","post","type-post","status-publish","format-standard","has-post-thumbnail","hentry","category-politica","tag-bolivar","tag-bucca","tag-juan-ustarroz","generate-columns","tablet-grid-50","mobile-grid-100","grid-parent","grid-50"],"jetpack_publicize_connections":[],"jetpack_featured_media_url":"https:\/\/www.hoymercedes.com.ar\/principal\/wp-content\/uploads\/2015\/05\/Ustarroz-Bolivar.jpg","wps_subtitle":"Encuentro de trabajo","jetpack_sharing_enabled":true,"jetpack-related-posts":[{"id":63648,"url":"https:\/\/www.hoymercedes.com.ar\/principal\/2017\/06\/08\/perazzo-presente-en-reunion-de-intendentes-randazzistas\/","url_meta":{"origin":41320,"position":0},"title":"Perazzo presente en reuni\u00f3n de intendentes  Randazzistas","author":"hoymercedes","date":"8 junio, 2017","format":false,"excerpt":"El contador Pablo Perazzo estuvo presente en Bolivar donde el jefe comunal Eduardo \"Bali\" Bucca fue el anfitri\u00f3n de una reuni\u00f3n de intendentes que apoyan la candidatura de Florencio Randazzo. El contador Pablo Perazzo estuvo presente el jueves a la tarde en la localidad de Bolivar donde el jefe comunal\u2026","rel":"","context":"En \u00abPol\u00edtica\u00bb","block_context":{"text":"Pol\u00edtica","link":"https:\/\/www.hoymercedes.com.ar\/principal\/category\/politica\/"},"img":{"alt_text":"","src":"https:\/\/i0.wp.com\/www.hoymercedes.com.ar\/principal\/wp-content\/uploads\/2017\/06\/perazzo.jpeg?resize=350%2C200&ssl=1","width":350,"height":200,"srcset":"https:\/\/i0.wp.com\/www.hoymercedes.com.ar\/principal\/wp-content\/uploads\/2017\/06\/perazzo.jpeg?resize=350%2C200&ssl=1 1x, https:\/\/i0.wp.com\/www.hoymercedes.com.ar\/principal\/wp-content\/uploads\/2017\/06\/perazzo.jpeg?resize=525%2C300&ssl=1 1.5x"},"classes":[]},{"id":41887,"url":"https:\/\/www.hoymercedes.com.ar\/principal\/2015\/05\/25\/ustarroz-y-sus-equipos-en-otro-paso-del-proyecto-de-planificacion-urbana\/","url_meta":{"origin":41320,"position":1},"title":"Ustarroz y sus equipos, en otro paso del proyecto de planificaci\u00f3n urbana","author":"hoymercedes","date":"25 mayo, 2015","format":false,"excerpt":"El presidente del bloque de concejales del Frente Mercedino para la Victoria, Juan Ignacio Ustarroz, y parte de sus equipos t\u00e9cnicos dieron otro paso en su proyecto de planificaci\u00f3n urbana, al visitar el Instituto Geogr\u00e1fico Nacional -uno de los organismos centrales del programa ACTUAR de gesti\u00f3n p\u00fablica territorial-, junto con\u2026","rel":"","context":"En \u00abPol\u00edtica\u00bb","block_context":{"text":"Pol\u00edtica","link":"https:\/\/www.hoymercedes.com.ar\/principal\/category\/politica\/"},"img":{"alt_text":"","src":"https:\/\/i0.wp.com\/www.hoymercedes.com.ar\/principal\/wp-content\/uploads\/2015\/05\/Ustarroz-Actuar.jpg?resize=350%2C200&ssl=1","width":350,"height":200,"srcset":"https:\/\/i0.wp.com\/www.hoymercedes.com.ar\/principal\/wp-content\/uploads\/2015\/05\/Ustarroz-Actuar.jpg?resize=350%2C200&ssl=1 1x, https:\/\/i0.wp.com\/www.hoymercedes.com.ar\/principal\/wp-content\/uploads\/2015\/05\/Ustarroz-Actuar.jpg?resize=525%2C300&ssl=1 1.5x"},"classes":[]},{"id":75333,"url":"https:\/\/www.hoymercedes.com.ar\/principal\/2018\/05\/03\/carlos-selva-dimos-un-primer-paso-para-encontrar-una-solucion\/","url_meta":{"origin":41320,"position":2},"title":"Carlos Selva: \u201cDimos un primer paso para encontrar una soluci\u00f3n\u201d","author":"hoymercedes","date":"3 mayo, 2018","format":false,"excerpt":"El diputado Carlos Selva, vicepresidente de la Comisi\u00f3n de Asuntos Municipales, valor\u00f3 la reuni\u00f3n mantenida con intendentes bonaerenses. Reclaman por el impacto de las tarifas de servicios p\u00fablicos en sus distritos.\u00a0 Con cr\u00edticas a la gobernadora bonaerense, Mar\u00eda Eugenia Vidal, y al presidente Mauricio Macri, intendentes peronistas, kirchneristas y massistas\u2026","rel":"","context":"En \u00abPol\u00edtica Nacional\u00bb","block_context":{"text":"Pol\u00edtica Nacional","link":"https:\/\/www.hoymercedes.com.ar\/principal\/category\/politica-nacional\/"},"img":{"alt_text":"","src":"https:\/\/i0.wp.com\/www.hoymercedes.com.ar\/principal\/wp-content\/uploads\/2018\/05\/03-Selva-municipios_CVS.jpg?resize=350%2C200&ssl=1","width":350,"height":200,"srcset":"https:\/\/i0.wp.com\/www.hoymercedes.com.ar\/principal\/wp-content\/uploads\/2018\/05\/03-Selva-municipios_CVS.jpg?resize=350%2C200&ssl=1 1x, https:\/\/i0.wp.com\/www.hoymercedes.com.ar\/principal\/wp-content\/uploads\/2018\/05\/03-Selva-municipios_CVS.jpg?resize=525%2C300&ssl=1 1.5x, https:\/\/i0.wp.com\/www.hoymercedes.com.ar\/principal\/wp-content\/uploads\/2018\/05\/03-Selva-municipios_CVS.jpg?resize=700%2C400&ssl=1 2x"},"classes":[]},{"id":64473,"url":"https:\/\/www.hoymercedes.com.ar\/principal\/2017\/07\/02\/mercedinos-acompanaron-a-randazzo\/","url_meta":{"origin":41320,"position":3},"title":"Mercedinos acompa\u00f1aron a Randazzo","author":"hoymercedes","date":"2 julio, 2017","format":false,"excerpt":"Florencio Randazzo concentr\u00f3 a su equipo para una jornada de charlas t\u00e9cnicas y arenga previa a la campa\u00f1a. M\u00e1s de 500 candidatos de los 135 distritos de Buenos Aires se llevaron material de estudio y fotos con su l\u00edder para imprimir la carteler\u00eda. Por nuestra ciudad estuvieron integrantes de la\u2026","rel":"","context":"En \u00abPol\u00edtica\u00bb","block_context":{"text":"Pol\u00edtica","link":"https:\/\/www.hoymercedes.com.ar\/principal\/category\/politica\/"},"img":{"alt_text":"","src":"https:\/\/i0.wp.com\/www.hoymercedes.com.ar\/principal\/wp-content\/uploads\/2017\/07\/perazzo.jpeg?resize=350%2C200&ssl=1","width":350,"height":200,"srcset":"https:\/\/i0.wp.com\/www.hoymercedes.com.ar\/principal\/wp-content\/uploads\/2017\/07\/perazzo.jpeg?resize=350%2C200&ssl=1 1x, https:\/\/i0.wp.com\/www.hoymercedes.com.ar\/principal\/wp-content\/uploads\/2017\/07\/perazzo.jpeg?resize=525%2C300&ssl=1 1.5x, https:\/\/i0.wp.com\/www.hoymercedes.com.ar\/principal\/wp-content\/uploads\/2017\/07\/perazzo.jpeg?resize=700%2C400&ssl=1 2x"},"classes":[]},{"id":80220,"url":"https:\/\/www.hoymercedes.com.ar\/principal\/2018\/08\/23\/diputados-de-asuntos-municipales-reunidos-con-intendentes-ante-la-eliminacion-del-fondo-sojero\/","url_meta":{"origin":41320,"position":4},"title":"Diputados de Asuntos Municipales reunidos con Intendentes ante la eliminaci\u00f3n del Fondo Sojero","author":"hoymercedes","date":"23 agosto, 2018","format":false,"excerpt":"La Comisi\u00f3n que integra el diputado mercedino Carlos Selva invit\u00f3 a jefes comunales de todo el pa\u00eds para plantear el rechazo al DNU. Los Intendentes solicitaron que se retrotraiga el Decreto del Ejecutivo Nacional. Las comisiones de Obras P\u00fablicas y de Asuntos Municipales en la C\u00e1mara de Diputados de la\u2026","rel":"","context":"En \u00abPol\u00edtica Nacional\u00bb","block_context":{"text":"Pol\u00edtica Nacional","link":"https:\/\/www.hoymercedes.com.ar\/principal\/category\/politica-nacional\/"},"img":{"alt_text":"","src":"https:\/\/i0.wp.com\/www.hoymercedes.com.ar\/principal\/wp-content\/uploads\/2018\/08\/23-selva-municipales-3.jpg?resize=350%2C200&ssl=1","width":350,"height":200,"srcset":"https:\/\/i0.wp.com\/www.hoymercedes.com.ar\/principal\/wp-content\/uploads\/2018\/08\/23-selva-municipales-3.jpg?resize=350%2C200&ssl=1 1x, https:\/\/i0.wp.com\/www.hoymercedes.com.ar\/principal\/wp-content\/uploads\/2018\/08\/23-selva-municipales-3.jpg?resize=525%2C300&ssl=1 1.5x, https:\/\/i0.wp.com\/www.hoymercedes.com.ar\/principal\/wp-content\/uploads\/2018\/08\/23-selva-municipales-3.jpg?resize=700%2C400&ssl=1 2x"},"classes":[]},{"id":35998,"url":"https:\/\/www.hoymercedes.com.ar\/principal\/2014\/09\/12\/ustarroz-las-experiencias-exitosas-ante-de-la-basura-se-basan-en-educacion-y-control\/","url_meta":{"origin":41320,"position":5},"title":"Ustarroz: \u00abLas experiencias exitosas ante de la basura se basan en educaci\u00f3n y control\u00bb","author":"hoymercedes","date":"12 septiembre, 2014","format":false,"excerpt":"El presidente del bloque de concejales del Frente Mercedino para la Victoria, Juan Ignacio Ustarroz, asegur\u00f3 que las experiencias exitosas ante el problema de la basura \u201cse basan y se sostienen en la educaci\u00f3n y el control\u201d, luego de visitar -con los equipos t\u00e9cnicos de Medio Ambiente de su agrupaci\u00f3n,\u2026","rel":"","context":"En \u00abPol\u00edtica\u00bb","block_context":{"text":"Pol\u00edtica","link":"https:\/\/www.hoymercedes.com.ar\/principal\/category\/politica\/"},"img":{"alt_text":"ustarroz-berazategui","src":"https:\/\/i0.wp.com\/www.hoymercedes.com.ar\/principal\/wp-content\/uploads\/2014\/09\/ustarroz-berazategui.jpg?resize=350%2C200","width":350,"height":200,"srcset":"https:\/\/i0.wp.com\/www.hoymercedes.com.ar\/principal\/wp-content\/uploads\/2014\/09\/ustarroz-berazategui.jpg?resize=350%2C200 1x, https:\/\/i0.wp.com\/www.hoymercedes.com.ar\/principal\/wp-content\/uploads\/2014\/09\/ustarroz-berazategui.jpg?resize=525%2C300 1.5x"},"classes":[]}],"_links":{"self":[{"href":"https:\/\/www.hoymercedes.com.ar\/principal\/wp-json\/wp\/v2\/posts\/41320","targetHints":{"allow":["GET"]}}],"collection":[{"href":"https:\/\/www.hoymercedes.com.ar\/principal\/wp-json\/wp\/v2\/posts"}],"about":[{"href":"https:\/\/www.hoymercedes.com.ar\/principal\/wp-json\/wp\/v2\/types\/post"}],"author":[{"embeddable":true,"href":"https:\/\/www.hoymercedes.com.ar\/principal\/wp-json\/wp\/v2\/users\/1"}],"replies":[{"embeddable":true,"href":"https:\/\/www.hoymercedes.com.ar\/principal\/wp-json\/wp\/v2\/comments?post=41320"}],"version-history":[{"count":0,"href":"https:\/\/www.hoymercedes.com.ar\/principal\/wp-json\/wp\/v2\/posts\/41320\/revisions"}],"wp:featuredmedia":[{"embeddable":true,"href":"https:\/\/www.hoymercedes.com.ar\/principal\/wp-json\/wp\/v2\/media\/41321"}],"wp:attachment":[{"href":"https:\/\/www.hoymercedes.com.ar\/principal\/wp-json\/wp\/v2\/media?parent=41320"}],"wp:term":[{"taxonomy":"category","embeddable":true,"href":"https:\/\/www.hoymercedes.com.ar\/principal\/wp-json\/wp\/v2\/categories?post=41320"},{"taxonomy":"post_tag","embeddable":true,"href":"https:\/\/www.hoymercedes.com.ar\/principal\/wp-json\/wp\/v2\/tags?post=41320"}],"curies":[{"name":"wp","href":"https:\/\/api.w.org\/{rel}","templated":true}]}}