{"id":41347,"date":"2015-05-03T17:44:59","date_gmt":"2015-05-03T20:44:59","guid":{"rendered":"http:\/\/www.hoymercedes.com.ar\/principal\/?p=41347"},"modified":"2015-05-04T10:47:45","modified_gmt":"2015-05-04T13:47:45","slug":"mauricio-guzzo-me-gustaria-ser-candidato-a-intendente-desde-el-selvismo","status":"publish","type":"post","link":"https:\/\/www.hoymercedes.com.ar\/principal\/2015\/05\/03\/mauricio-guzzo-me-gustaria-ser-candidato-a-intendente-desde-el-selvismo\/","title":{"rendered":"Mauricio Guzzo: \u201cme gustar\u00eda ser candidato a intendente desde el selvismo\u201d"},"content":{"rendered":"<p><a href=\"https:\/\/www.hoymercedes.com.ar\/principal\/wp-content\/uploads\/2015\/05\/Mauricio-Guzzo-2015-II.jpg\"><img loading=\"lazy\" decoding=\"async\" data-attachment-id=\"41348\" data-permalink=\"https:\/\/www.hoymercedes.com.ar\/principal\/2015\/05\/03\/mauricio-guzzo-me-gustaria-ser-candidato-a-intendente-desde-el-selvismo\/mauricio-guzzo-2015-ii\/#main\" data-orig-file=\"https:\/\/www.hoymercedes.com.ar\/principal\/wp-content\/uploads\/2015\/05\/Mauricio-Guzzo-2015-II.jpg\" data-orig-size=\"620,421\" data-comments-opened=\"1\" data-image-meta=\"{&quot;aperture&quot;:&quot;2.8&quot;,&quot;credit&quot;:&quot;&quot;,&quot;camera&quot;:&quot;LG-E451g&quot;,&quot;caption&quot;:&quot;&quot;,&quot;created_timestamp&quot;:&quot;1430397963&quot;,&quot;copyright&quot;:&quot;&quot;,&quot;focal_length&quot;:&quot;3.5&quot;,&quot;iso&quot;:&quot;285&quot;,&quot;shutter_speed&quot;:&quot;0.060007&quot;,&quot;title&quot;:&quot;&quot;,&quot;orientation&quot;:&quot;0&quot;}\" data-image-title=\"Mauricio-Guzzo-2015-II\" data-image-description=\"\" data-image-caption=\"\" data-large-file=\"https:\/\/www.hoymercedes.com.ar\/principal\/wp-content\/uploads\/2015\/05\/Mauricio-Guzzo-2015-II.jpg\" class=\"Img2014 aligncenter wp-image-41348 size-full\" src=\"https:\/\/www.hoymercedes.com.ar\/principal\/wp-content\/uploads\/2015\/05\/Mauricio-Guzzo-2015-II.jpg\" alt=\"Mauricio-Guzzo-2015-II\" width=\"620\" height=\"421\" \/><\/a><\/p>\n<p>&nbsp;<\/p>\n<p>El ex concejal Mauricio Guzzo fue ratificado en un cargo que ven\u00eda desempe\u00f1ando, pero, sin \u201cel t\u00edtulo\u201d, como se suele decir: Secretario Privado del intendente Carlos Selva a la vez que se expres\u00f3, por primera vez en p\u00fablico, como un futuro candidato a suceder al primer mandatario local en caso de que \u00e9ste decida abocarse a alg\u00fan cargo a nivel nacional o provincial de los que tantas veces le han ofrecido. Por primera vez, para Semanario D\u00e9cadas, se anim\u00f3 y cont\u00f3 todo el hombre que estaba en boca de todos. Definiciones y proyectos.<\/p>\n<p><strong>Se puede decir que sos oficialmente el Secretario Privado\u2026<\/strong><\/p>\n<p>Todo surge de una amistad de muchos a\u00f1os donde el intendente me invit\u00f3 a volver a trabajar en pol\u00edtica, que es algo que siempre me gust\u00f3 y he hecho, siendo incluso concejal durante 4 a\u00f1os, desde el 2001 al 2005 cuando se gan\u00f3 por ese hist\u00f3rico voto al gioscismo. Me sum\u00e9 de nuevo al proyecto.<\/p>\n<p><strong>Las versiones corren desde hace tiempo: \u00bfser\u00e1s candidato a intendente?<\/strong><\/p>\n<p>Bueno la verdad que s\u00ed me gustar\u00eda ser candidato a intendente, pero, siempre desde una continuidad desde lo que es el selvismo hasta hoy, en estos doce a\u00f1os, siempre, claro, que el intendente Selva no se presente imaginando inicie \u00e9l una etapa superadora de su carrera. En caso de presentarse sin dudarlo estaremos ah\u00ed trabajando en el terreno que nos lo pida.<\/p>\n<p><strong>Es decir te planteas una continuidad pol\u00edtica, el selvimo \u201cpuro\u201d<\/strong><\/p>\n<p>S\u00ed, hay cosas muy buenas, otras que deben mejorarse, pero siempre en el sentimiento selvista que es un proyecto pol\u00edtico que tiene mucho futuro y siempre que Carlos Selva ascienda en su carrera personal. Esto, claro, surge de conversaciones incluso con \u00e9l, dejando presente e insistiendo \u00a0desde una clave de continuidad. Ser\u00eda el selvismo quien gobierne la ciudad en caso de que sea yo elegido intendente porque el proyecto pol\u00edtico y el liderazgo de Carlos Selva son indudables. Milito en \u201cAgrupaci\u00f3n 17 de Octubre\u201d desde el a\u00f1o 1999, teniendo m\u00ednimo unos diez a\u00f1os antes de que yo participe la Agrupaci\u00f3n. Se luch\u00f3 mucho para llegar al gobierno comunal y para que se nos den cosas importante como se nos han dado en estos a\u00f1os y creo que desde el espacio pol\u00edtico que lidera Sergio Massa que va a resultar ganador en las elecciones presidenciales nos va a venir b\u00e1rbaro a los mercedinos porque si el intendente en estos \u00faltimos 8 a\u00f1os con gobiernos provinciales y nacionales totalmente adversos a \u00e9l logro gestionar y hacer cosas valiosas con m\u00e1s raz\u00f3n con un gobierno nacional af\u00edn que creo es lo que va a pasar. Creo vamos a lograr muchas cosas como mercedinos.<\/p>\n<p><strong>\u00bfEl hecho de que te nombre Secretario Privado, lo tom\u00e1s como un voto de confianza?<\/strong><\/p>\n<p>Si lo tomo como tal. Estuve alojado de la pol\u00edtica un tiempo donde me dediqu\u00e9 a mi trabajo particular, que en parte mantengo, y la idea es ahora caminar y terminar junto a \u00e9l, si es una campa\u00f1a, ser\u00e1 junto a \u00e9l siempre y cuando su carrera pol\u00edtica tenga un avance en otros terrenos pol\u00edticos, sino, tambi\u00e9n caminaremos junto a \u00e9l en la continuidad del selvismo.<\/p>\n<p>Mauricio Guzzo tuvo tambi\u00e9n palabras \u201chacia adentro\u201d, cuando se le pregunt\u00f3 por las recientes declaraciones de Carlos Milohmme que tambi\u00e9n se sent\u00eda capacitado para reemplazar al intendente expres\u00f3: \u201cCarlitos es una persona a la cual le tengo mucho aprecio. Se ha manejado muy bien como presidente de bloque de nuestro espacio y es una persona con caracter\u00edsticas tambi\u00e9n para poder postularse. En mi caso particular no soy amante de las internas, no ir\u00eda a una interna con \u00e9l, como con ning\u00fan compa\u00f1ero del espacio nuestro. Soy un amante del consenso. Aunque digamos que los pol\u00edticos cuando van a internas terminan hiriendo a alguien y alguien queda resentido, es inevitable. Desde toda mi vida en mi carrera pol\u00edtica que tiene muchos a\u00f1os, desde que viv\u00eda en Capital y era el representante de la mutual de los empleados de Anses siempre fui amante de los consensos, creo que as\u00ed terminan rindiendo mejores frutos despu\u00e9s.<\/p>\n<p><strong>Resumiendo: buscar\u00e1n por todos las formas un acuerdo.<\/strong><\/p>\n<p>Si por supuesto, nuestro espacio pol\u00edtico tiene todas las capacidades en las personas que lo componemos para llegar a un consenso y evitar las internas que s\u00f3lo generan grietas\u2026<\/p>\n<p>De \u00e9sta manera Mauricio Guzzo, que oficiaba de Secretario Privado, sin el cargo, ahora lo tiene ratificado y se lanza como pre candidato a intendente dentro del selvismo. Deja en claro que siempre y cuando el intendente eleve su participaci\u00f3n a alg\u00fan cargo a nivel provincial o nacional, algo que suena en la actualidad, pero, de no ser as\u00ed, ya se siente con los \u201cpies en el plato\u201d nuevamente para trabajar por la continuidad del selvismo en la conducci\u00f3n comunal remarcando que no desea internas con quienes tambi\u00e9n puedan tener ese deseo.<\/p>\n<p>Los pasillos lo dec\u00edan y algunos funcionarios que vieron una mejora en el andar de la Secretar\u00eda Privada desde su arribo lo sospechaban, pero, l\u00f3gicamente no lo expresan a viva vos, si en el caf\u00e9 de la esquina.<\/p>\n<p>El selvismo, enmarcado en el Frente Renovador, mantiene latente las esperanzas de la militancia de seguir en el mando de la gesti\u00f3n municipal, no con uno, sino con varios actores.<\/p>\n<p>&nbsp;<\/p>\n<p>&nbsp;<\/p>\n<p>&nbsp;<\/p>\n<p>&nbsp;<\/p>\n<p>&nbsp;<\/p>\n<p>&nbsp;<\/p>\n<p>&nbsp;<\/p>\n<p>&nbsp;<\/p>\n<p>&nbsp;<\/p>\n<p>&nbsp;<\/p>\n<p>&nbsp;<\/p>\n<p>&nbsp;<\/p>\n<p>&nbsp;<\/p>\n<p>&nbsp;<\/p>\n","protected":false},"excerpt":{"rendered":"<p>&nbsp; El ex concejal Mauricio Guzzo fue ratificado en un cargo que ven\u00eda desempe\u00f1ando, pero, sin \u201cel t\u00edtulo\u201d, como se &#8230; <a title=\"Mauricio Guzzo: \u201cme gustar\u00eda ser candidato a intendente desde el selvismo\u201d\" class=\"read-more\" href=\"https:\/\/www.hoymercedes.com.ar\/principal\/2015\/05\/03\/mauricio-guzzo-me-gustaria-ser-candidato-a-intendente-desde-el-selvismo\/\" aria-label=\"Leer m\u00e1s sobre Mauricio Guzzo: \u201cme gustar\u00eda ser candidato a intendente desde el selvismo\u201d\">Leer m\u00e1s<\/a><\/p>\n","protected":false},"author":1,"featured_media":41348,"comment_status":"open","ping_status":"open","sticky":false,"template":"","format":"standard","meta":{"_monsterinsights_skip_tracking":false,"_monsterinsights_sitenote_active":false,"_monsterinsights_sitenote_note":"","_monsterinsights_sitenote_category":0,"jetpack_post_was_ever_published":false,"_jetpack_newsletter_access":"","_jetpack_dont_email_post_to_subs":false,"_jetpack_newsletter_tier_id":0,"_jetpack_memberships_contains_paywalled_content":false,"_jetpack_memberships_contains_paid_content":false,"footnotes":"","jetpack_publicize_message":"","jetpack_publicize_feature_enabled":true,"jetpack_social_post_already_shared":true,"jetpack_social_options":{"image_generator_settings":{"template":"highway","default_image_id":0,"font":"","enabled":false},"version":2},"_wpas_customize_per_network":false},"categories":[5],"tags":[7267,7266,7268],"class_list":["post-41347","post","type-post","status-publish","format-standard","has-post-thumbnail","hentry","category-politica","tag-guzzo-candidato-frente-renovador","tag-mauricio-guzzo","tag-mauricio-guzzo-frente-renovador","generate-columns","tablet-grid-50","mobile-grid-100","grid-parent","grid-50"],"jetpack_publicize_connections":[],"jetpack_featured_media_url":"https:\/\/www.hoymercedes.com.ar\/principal\/wp-content\/uploads\/2015\/05\/Mauricio-Guzzo-2015-II.jpg","wps_subtitle":"Armado 2015","jetpack_sharing_enabled":true,"jetpack-related-posts":[{"id":41884,"url":"https:\/\/www.hoymercedes.com.ar\/principal\/2015\/05\/25\/mauricio-guzzo-la-inaccion-de-la-provincia-es-perjudicial-para-los-vecinos\/","url_meta":{"origin":41347,"position":0},"title":"Mauricio Guzzo: \u201cLa inacci\u00f3n de la provincia es perjudicial para los vecinos\u201d","author":"hoymercedes","date":"25 mayo, 2015","format":false,"excerpt":"El actual secretario Privado del intendente Selva, Mauricio Guzzo, se mostr\u00f3 entre preocupado y sorprendido por la falta de concreci\u00f3n de obras por parte del gobierno de la provincia de Buenos Aires en Mercedes. \u201cEs inadmisible que habiendo anunciado ciertas obras, hayan sido frenadas\u201d. \u00a0 El secretario Privado del intendente\u2026","rel":"","context":"En \u00abOpini\u00f3n\u00bb","block_context":{"text":"Opini\u00f3n","link":"https:\/\/www.hoymercedes.com.ar\/principal\/category\/opinion\/"},"img":{"alt_text":"","src":"https:\/\/i0.wp.com\/www.hoymercedes.com.ar\/principal\/wp-content\/uploads\/2015\/05\/Mauricio-Guzzo-2015-II.jpg?resize=350%2C200&ssl=1","width":350,"height":200,"srcset":"https:\/\/i0.wp.com\/www.hoymercedes.com.ar\/principal\/wp-content\/uploads\/2015\/05\/Mauricio-Guzzo-2015-II.jpg?resize=350%2C200&ssl=1 1x, https:\/\/i0.wp.com\/www.hoymercedes.com.ar\/principal\/wp-content\/uploads\/2015\/05\/Mauricio-Guzzo-2015-II.jpg?resize=525%2C300&ssl=1 1.5x"},"classes":[]},{"id":41342,"url":"https:\/\/www.hoymercedes.com.ar\/principal\/2015\/05\/02\/frente-renovaron-y-que-opinaron-tras-al-acto-de-velez-los-referentes-locales\/","url_meta":{"origin":41347,"position":1},"title":"Frente Renovador: opinaron tras al acto de V\u00e9lez los referentes locales","author":"hoymercedes","date":"2 mayo, 2015","format":false,"excerpt":"\u00a0 Tras participar del multitudinario acto de Sergio Massa en V\u00e9lez el pasado 1 de mayo varios dirigentes del Frente Renovador local expresaron sus sensaciones y reflexi\u00f3n al respecto. El intendente, concejales y pre candidatos dieron su opini\u00f3n.\u00a0 \u00a0 Carlos Selva: \"Fue un acto muy emocionante, multitudinario y colorido. Lo\u2026","rel":"","context":"En \u00abPol\u00edtica\u00bb","block_context":{"text":"Pol\u00edtica","link":"https:\/\/www.hoymercedes.com.ar\/principal\/category\/politica\/"},"img":{"alt_text":"","src":"https:\/\/i0.wp.com\/www.hoymercedes.com.ar\/principal\/wp-content\/uploads\/2015\/05\/Selva-Escenario-Velez.jpg?resize=350%2C200&ssl=1","width":350,"height":200,"srcset":"https:\/\/i0.wp.com\/www.hoymercedes.com.ar\/principal\/wp-content\/uploads\/2015\/05\/Selva-Escenario-Velez.jpg?resize=350%2C200&ssl=1 1x, https:\/\/i0.wp.com\/www.hoymercedes.com.ar\/principal\/wp-content\/uploads\/2015\/05\/Selva-Escenario-Velez.jpg?resize=525%2C300&ssl=1 1.5x"},"classes":[]},{"id":98518,"url":"https:\/\/www.hoymercedes.com.ar\/principal\/2019\/08\/18\/nuevo-premio-a-la-excelencia-y-calidad-para-aca-mercedes\/","url_meta":{"origin":41347,"position":2},"title":"Nuevo premio a la excelencia y calidad para ACA Mercedes","author":"hoymercedes","date":"18 agosto, 2019","format":false,"excerpt":"Por s\u00e9ptimo a\u00f1o consecutivo, la concesionaria SOCAT SRL que tiene a cargo la estaci\u00f3n de servicio YPF-ACA logr\u00f3 el premio dorado \u201cM\u00e1s YPF-Autom\u00f3vil Club\u201d manteniendo su posicionamiento entre las mejores del pa\u00eds. Con el 95,17% de puntaje, la empresa local recibi\u00f3 el primer premio, llev\u00e1ndose una nueva estatuilla dorada con\u2026","rel":"","context":"En \u00abSociedad\u00bb","block_context":{"text":"Sociedad","link":"https:\/\/www.hoymercedes.com.ar\/principal\/category\/sociedad\/"},"img":{"alt_text":"","src":"https:\/\/i0.wp.com\/www.hoymercedes.com.ar\/principal\/wp-content\/uploads\/2019\/08\/18-ACA-2.jpg?resize=350%2C200&ssl=1","width":350,"height":200,"srcset":"https:\/\/i0.wp.com\/www.hoymercedes.com.ar\/principal\/wp-content\/uploads\/2019\/08\/18-ACA-2.jpg?resize=350%2C200&ssl=1 1x, https:\/\/i0.wp.com\/www.hoymercedes.com.ar\/principal\/wp-content\/uploads\/2019\/08\/18-ACA-2.jpg?resize=525%2C300&ssl=1 1.5x, https:\/\/i0.wp.com\/www.hoymercedes.com.ar\/principal\/wp-content\/uploads\/2019\/08\/18-ACA-2.jpg?resize=700%2C400&ssl=1 2x"},"classes":[]},{"id":48650,"url":"https:\/\/www.hoymercedes.com.ar\/principal\/2016\/04\/09\/cuarto-premio-consecutivo-para-la-familia-del-aca-mercedes\/","url_meta":{"origin":41347,"position":3},"title":"Cuarto premio consecutivo para la familia del ACA Mercedes","author":"hoymercedes","date":"9 abril, 2016","format":false,"excerpt":"Hace algunos d\u00edas la feliz noticia lleg\u00f3 una vez m\u00e1s la estaci\u00f3n de servicios local del Autom\u00f3vil Club Argentino: fueron los ganadores del programa \u201cM\u00e1s YPF 2015 - Autom\u00f3vil Club\u201d por sus est\u00e1ndares de calidad y tambi\u00e9n de los premios especiales de cliente inc\u00f3gnito y del objetivo de venta de\u2026","rel":"","context":"En \u00abSociedad\u00bb","block_context":{"text":"Sociedad","link":"https:\/\/www.hoymercedes.com.ar\/principal\/category\/sociedad\/"},"img":{"alt_text":"","src":"https:\/\/i0.wp.com\/www.hoymercedes.com.ar\/principal\/wp-content\/uploads\/2016\/04\/ACA.jpg?resize=350%2C200&ssl=1","width":350,"height":200,"srcset":"https:\/\/i0.wp.com\/www.hoymercedes.com.ar\/principal\/wp-content\/uploads\/2016\/04\/ACA.jpg?resize=350%2C200&ssl=1 1x, https:\/\/i0.wp.com\/www.hoymercedes.com.ar\/principal\/wp-content\/uploads\/2016\/04\/ACA.jpg?resize=525%2C300&ssl=1 1.5x"},"classes":[]},{"id":40459,"url":"https:\/\/www.hoymercedes.com.ar\/principal\/2015\/03\/30\/selva-massa-va-a-ser-el-proximo-presidente\/","url_meta":{"origin":41347,"position":4},"title":"Selva: \u00abMassa va a ser el pr\u00f3ximo presidente\u00bb","author":"hoymercedes","date":"30 marzo, 2015","format":false,"excerpt":"El intendente mercedino particip\u00f3 del plenario del Frente Renovador en San Mart\u00edn. Se mostr\u00f3 con los cinco precandidatos a gobernador en este relanzamiento de la campa\u00f1a del diputado nacional. El intendente Carlos Selva particip\u00f3 este s\u00e1bado de un multitudinario plenario del Frente Renovador donde Sergio Massa relanz\u00f3 su candidatura presidencial\u2026","rel":"","context":"En \u00abPol\u00edtica\u00bb","block_context":{"text":"Pol\u00edtica","link":"https:\/\/www.hoymercedes.com.ar\/principal\/category\/politica\/"},"img":{"alt_text":"Selva-Massa","src":"https:\/\/i0.wp.com\/www.hoymercedes.com.ar\/principal\/wp-content\/uploads\/2015\/03\/Selva-Massa.jpg?resize=350%2C200","width":350,"height":200,"srcset":"https:\/\/i0.wp.com\/www.hoymercedes.com.ar\/principal\/wp-content\/uploads\/2015\/03\/Selva-Massa.jpg?resize=350%2C200 1x, https:\/\/i0.wp.com\/www.hoymercedes.com.ar\/principal\/wp-content\/uploads\/2015\/03\/Selva-Massa.jpg?resize=525%2C300 1.5x"},"classes":[]},{"id":44235,"url":"https:\/\/www.hoymercedes.com.ar\/principal\/2015\/08\/26\/las-paso-y-sus-resultados-que-el-agua-paso-por-arriba\/","url_meta":{"origin":41347,"position":5},"title":"Las PASO y sus resultados que el agua pas\u00f3 por arriba","author":"hoymercedes","date":"26 agosto, 2015","format":false,"excerpt":"\u00a0 Por Claudia Landini A las PASO les pas\u00f3 el agua por arriba. Muchas cuestiones quedaron en el tintero que con el tiempo se pueden ver de otra manera. Ganadores, broncas, espejos de colores y sin sentidos. El agua les salv\u00f3 el pellejo a algunos. Liber\u00f3 a otros. Nos perjudic\u00f3\u2026","rel":"","context":"En \u00abOpini\u00f3n\u00bb","block_context":{"text":"Opini\u00f3n","link":"https:\/\/www.hoymercedes.com.ar\/principal\/category\/opinion\/"},"img":{"alt_text":"","src":"","width":0,"height":0},"classes":[]}],"_links":{"self":[{"href":"https:\/\/www.hoymercedes.com.ar\/principal\/wp-json\/wp\/v2\/posts\/41347","targetHints":{"allow":["GET"]}}],"collection":[{"href":"https:\/\/www.hoymercedes.com.ar\/principal\/wp-json\/wp\/v2\/posts"}],"about":[{"href":"https:\/\/www.hoymercedes.com.ar\/principal\/wp-json\/wp\/v2\/types\/post"}],"author":[{"embeddable":true,"href":"https:\/\/www.hoymercedes.com.ar\/principal\/wp-json\/wp\/v2\/users\/1"}],"replies":[{"embeddable":true,"href":"https:\/\/www.hoymercedes.com.ar\/principal\/wp-json\/wp\/v2\/comments?post=41347"}],"version-history":[{"count":0,"href":"https:\/\/www.hoymercedes.com.ar\/principal\/wp-json\/wp\/v2\/posts\/41347\/revisions"}],"wp:featuredmedia":[{"embeddable":true,"href":"https:\/\/www.hoymercedes.com.ar\/principal\/wp-json\/wp\/v2\/media\/41348"}],"wp:attachment":[{"href":"https:\/\/www.hoymercedes.com.ar\/principal\/wp-json\/wp\/v2\/media?parent=41347"}],"wp:term":[{"taxonomy":"category","embeddable":true,"href":"https:\/\/www.hoymercedes.com.ar\/principal\/wp-json\/wp\/v2\/categories?post=41347"},{"taxonomy":"post_tag","embeddable":true,"href":"https:\/\/www.hoymercedes.com.ar\/principal\/wp-json\/wp\/v2\/tags?post=41347"}],"curies":[{"name":"wp","href":"https:\/\/api.w.org\/{rel}","templated":true}]}}