{"id":41412,"date":"2015-05-04T21:54:45","date_gmt":"2015-05-05T00:54:45","guid":{"rendered":"http:\/\/www.hoymercedes.com.ar\/principal\/?p=41412"},"modified":"2015-05-04T21:54:45","modified_gmt":"2015-05-05T00:54:45","slug":"la-policia-de-mercedes-llevo-a-cabo-diversas-intervenciones","status":"publish","type":"post","link":"https:\/\/www.hoymercedes.com.ar\/principal\/2015\/05\/04\/la-policia-de-mercedes-llevo-a-cabo-diversas-intervenciones\/","title":{"rendered":"La Polic\u00eda de Mercedes llev\u00f3 a cabo diversas intervenciones"},"content":{"rendered":"<p><em><strong>Durante la semana que pas\u00f3 se vivieron varios acontecimientos con intervenci\u00f3n policial. Al ya conocido robo de importancia, por la forma, el contenido y la amenaza existente a la \u00abMaderera Montero\u00bb se suman otros de menor tenor, pero, con la necesaria acci\u00f3n de la fuerza de seguridad local.<\/strong><\/em><\/p>\n<p><strong>Marihuana<\/strong><\/p>\n<p>La patrulla realizaba su tarea de recorrida habitual cuando al pasar frente a una escuela de la ciudad observa un movimiento sospechoso. Al prestar plena atenci\u00f3n descubren se estaba efectuando un intercambio de marihuana. Se lleg\u00f3 as\u00ed a la detenci\u00f3n de un joven menor de edad que pose\u00eda en su haber 3 envoltorios con picadura de la mencionada hierba. La situaci\u00f3n se dio, como se mencion\u00f3, frente a una escuela logrando la femenina que efectuaba la compra escaparse entre alumnos. El sujeto qued\u00f3 detenido y a disposici\u00f3n del a UFI N\u00b08 que se encarga de asuntos de juventud.<\/p>\n<p><strong>Detenido al robar<\/strong><\/p>\n<p>La polic\u00eda desde hac\u00eda un tiempo venia efectuando una investigaci\u00f3n sobre un sujeto que robaba comercios a trav\u00e9s de la amenaza por arma blanca. Contaban en su haber con filmaciones de las c\u00e1maras de la Municipalidad.<\/p>\n<p>D\u00edas atr\u00e1s se anotician de un nuevo robo a una despensa de calle 24 y 11 efectuando r\u00e1pidamente un operativo cerrojo que permite detener al sujeto, de apellido Anselmo y domiciliado en Capital Federal.<\/p>\n<p>Interviene en el hecho la UFI N\u00b03. Se concret\u00f3 un allanamiento logrando recuperar el dinero as\u00ed como otros objetos y el arma blanca utilizada para amedrentar a las v\u00edctimas.<\/p>\n<p><strong>Moto recuperada<\/strong><\/p>\n<p>La polic\u00eda detuvo a dos menores que llevaban una moto de tiro. Al tratar de identificarse \u00e9stos intentan sac\u00e1rsela de encima y no responsabilizarse de la misma, pero, la polic\u00eda logr\u00f3 proceder y demostrar era robada restituy\u00e9ndosela al propietario.<\/p>\n<p>&nbsp;<\/p>\n<p>&nbsp;<\/p>\n<p>&nbsp;<\/p>\n","protected":false},"excerpt":{"rendered":"<p>Durante la semana que pas\u00f3 se vivieron varios acontecimientos con intervenci\u00f3n policial. Al ya conocido robo de importancia, por la &#8230; <a title=\"La Polic\u00eda de Mercedes llev\u00f3 a cabo diversas intervenciones\" class=\"read-more\" href=\"https:\/\/www.hoymercedes.com.ar\/principal\/2015\/05\/04\/la-policia-de-mercedes-llevo-a-cabo-diversas-intervenciones\/\" aria-label=\"Leer m\u00e1s sobre La Polic\u00eda de Mercedes llev\u00f3 a cabo diversas intervenciones\">Leer m\u00e1s<\/a><\/p>\n","protected":false},"author":1,"featured_media":41413,"comment_status":"open","ping_status":"open","sticky":false,"template":"","format":"standard","meta":{"_monsterinsights_skip_tracking":false,"_monsterinsights_sitenote_active":false,"_monsterinsights_sitenote_note":"","_monsterinsights_sitenote_category":0,"jetpack_post_was_ever_published":false,"_jetpack_newsletter_access":"","_jetpack_dont_email_post_to_subs":false,"_jetpack_newsletter_tier_id":0,"_jetpack_memberships_contains_paywalled_content":false,"_jetpack_memberships_contains_paid_content":false,"footnotes":"","jetpack_publicize_message":"","jetpack_publicize_feature_enabled":true,"jetpack_social_post_already_shared":true,"jetpack_social_options":{"image_generator_settings":{"template":"highway","default_image_id":0,"font":"","enabled":false},"version":2},"_wpas_customize_per_network":false},"categories":[85],"tags":[7275,7274],"class_list":["post-41412","post","type-post","status-publish","format-standard","has-post-thumbnail","hentry","category-policial","tag-detenciones-policia-comunal","tag-marihuana-escuela","generate-columns","tablet-grid-50","mobile-grid-100","grid-parent","grid-50"],"jetpack_publicize_connections":[],"jetpack_featured_media_url":"https:\/\/www.hoymercedes.com.ar\/principal\/wp-content\/uploads\/2015\/05\/bonaerense-policia.jpg","wps_subtitle":"Durante la semana pasada","jetpack_sharing_enabled":true,"_links":{"self":[{"href":"https:\/\/www.hoymercedes.com.ar\/principal\/wp-json\/wp\/v2\/posts\/41412","targetHints":{"allow":["GET"]}}],"collection":[{"href":"https:\/\/www.hoymercedes.com.ar\/principal\/wp-json\/wp\/v2\/posts"}],"about":[{"href":"https:\/\/www.hoymercedes.com.ar\/principal\/wp-json\/wp\/v2\/types\/post"}],"author":[{"embeddable":true,"href":"https:\/\/www.hoymercedes.com.ar\/principal\/wp-json\/wp\/v2\/users\/1"}],"replies":[{"embeddable":true,"href":"https:\/\/www.hoymercedes.com.ar\/principal\/wp-json\/wp\/v2\/comments?post=41412"}],"version-history":[{"count":0,"href":"https:\/\/www.hoymercedes.com.ar\/principal\/wp-json\/wp\/v2\/posts\/41412\/revisions"}],"wp:featuredmedia":[{"embeddable":true,"href":"https:\/\/www.hoymercedes.com.ar\/principal\/wp-json\/wp\/v2\/media\/41413"}],"wp:attachment":[{"href":"https:\/\/www.hoymercedes.com.ar\/principal\/wp-json\/wp\/v2\/media?parent=41412"}],"wp:term":[{"taxonomy":"category","embeddable":true,"href":"https:\/\/www.hoymercedes.com.ar\/principal\/wp-json\/wp\/v2\/categories?post=41412"},{"taxonomy":"post_tag","embeddable":true,"href":"https:\/\/www.hoymercedes.com.ar\/principal\/wp-json\/wp\/v2\/tags?post=41412"}],"curies":[{"name":"wp","href":"https:\/\/api.w.org\/{rel}","templated":true}]}}