{"id":4142,"date":"2011-05-10T14:26:00","date_gmt":"2011-05-10T14:26:00","guid":{"rendered":"http:\/\/www.hoymercedes.com.ar\/principal\/?p=4142"},"modified":"2011-05-10T14:26:00","modified_gmt":"2011-05-10T14:26:00","slug":"diferencias-en-el-concejo-deliberante-por-la-rendicion-de-cuentas-del-ejercicio-2010","status":"publish","type":"post","link":"https:\/\/www.hoymercedes.com.ar\/principal\/2011\/05\/10\/diferencias-en-el-concejo-deliberante-por-la-rendicion-de-cuentas-del-ejercicio-2010\/","title":{"rendered":"Diferencias en el Concejo Deliberante por la rendici\u00f3n de cuentas del ejercicio 2010"},"content":{"rendered":"<figure id=\"attachment_4144\" aria-describedby=\"caption-attachment-4144\" style=\"width: 290px\" class=\"wp-caption alignleft\"><a href=\"https:\/\/www.hoymercedes.com.ar\/principal\/wp-content\/uploads\/2011\/05\/concejodelibetantemayo.jpg\"><img loading=\"lazy\" decoding=\"async\" data-attachment-id=\"4144\" data-permalink=\"https:\/\/www.hoymercedes.com.ar\/principal\/2011\/05\/10\/diferencias-en-el-concejo-deliberante-por-la-rendicion-de-cuentas-del-ejercicio-2010\/concejodelibetantemayo\/#main\" data-orig-file=\"https:\/\/www.hoymercedes.com.ar\/principal\/wp-content\/uploads\/2011\/05\/concejodelibetantemayo.jpg\" data-orig-size=\"300,225\" data-comments-opened=\"1\" data-image-meta=\"{&quot;aperture&quot;:&quot;2.8&quot;,&quot;credit&quot;:&quot;&quot;,&quot;camera&quot;:&quot;COOLPIX L10&quot;,&quot;caption&quot;:&quot;&quot;,&quot;created_timestamp&quot;:&quot;1304780547&quot;,&quot;copyright&quot;:&quot;Copyright 2006&quot;,&quot;focal_length&quot;:&quot;6.2&quot;,&quot;iso&quot;:&quot;400&quot;,&quot;shutter_speed&quot;:&quot;0.016666666666667&quot;,&quot;title&quot;:&quot;&quot;}\" data-image-title=\"Concejo Deliberante\" data-image-description=\"&lt;p&gt;Concejo Deliberante&lt;\/p&gt;\n\" data-image-caption=\"&lt;p&gt;Concejo Deliberante&lt;\/p&gt;\n\" data-large-file=\"https:\/\/www.hoymercedes.com.ar\/principal\/wp-content\/uploads\/2011\/05\/concejodelibetantemayo.jpg\" class=\"size-full wp-image-4144\" title=\"Concejo Deliberante\" src=\"https:\/\/www.hoymercedes.com.ar\/principal\/wp-content\/uploads\/2011\/05\/concejodelibetantemayo.jpg\" alt=\"Concejo Deliberante\" width=\"300\" height=\"225\" \/><\/a><figcaption id=\"caption-attachment-4144\" class=\"wp-caption-text\">Concejo Deliberante<\/figcaption><\/figure>\n<p>Cuando todo hac\u00eda suponer quela sesi\u00f3n de este lunes iba a ser tranquila en el C oncejo Deliberante ya que los presidentes delos diferentes bloques hab\u00edan dado su palabra durante una reuni\u00f3n que mantuvieron el viernes ultimo con el intendente Carlos Selva de aprobar la ampliaci\u00f3n del presupuesto permitiendo al municipio pagar una deuda que en realidad la contrajo el gobierno nacional con las empresa que lleva adelante la obra de ensanche del Acceso Manuel Sanmart\u00edn por Un Mill\u00f3n Doscientos Mil pesos, todo se complico debido a que el oficialismo impulso la aprobaci\u00f3n de la rendici\u00f3n de cuentas del ejercicio 2010  cuando se acuerdo a las leyes vigentes hay tiempo para hacerlo hasta el 31 de este mes por lo cual los ediles opositores sostuvieron que no hab\u00eda una urgencia tal como para adelantar las fechas teniendo en cuenta que ellos aun se encontraban analizando dichas cuentas y corroborando  los n\u00fameros con los comprobantes prolijamente clasificados y guardados en los cajones ya tradicionales en los que se deposita la totalidad de la documentaci\u00f3n contable del municipio.<\/p>\n<p>Tanto Juan Carlos Ben\u00edtez como In\u00e9s  Ghione, Jorge Retegui y Jos\u00e9 Luis Ramos sostuvieron que aun se encontraban trabajando en el tema habida cuenta que ten\u00edan tiempo para elevar sus dict\u00e1menes al menos por dos semanas m\u00e1s pero el oficialismo se mostro aprovechando su mayor\u00eda propia sin contemplaciones y termino aprobando con su mayor\u00eda dicha rendici\u00f3n a pesar que la oposici\u00f3n manifest\u00f3 que continuar\u00edan con los controles y si se detectaba alguna anomal\u00eda la har\u00edan conocer p\u00fablicamente.<\/p>\n<p>Este tema hizo que los concejales opositores se negaran a respetar el trato que hab\u00edan hecho con el intendente entendiendo que el oficialismo no jugaba de la misma manera que ellos pero que as\u00ed  era la pol\u00edtica por lo tanto al momento de votar el ingreso a la sesi\u00f3n de proyecto para aumentar el presupuesto de gasto para s\u00ed poder pagar a la empresa que trabaja en el ex Acceso Sur no lo votaran y cuando fue la hora de aprobar el tratamiento sobre tablas no levantaran sus manos por lo cual la propuesta del Ejecutivo debi\u00f3 inexorablemente ser girada a comisi\u00f3n, concretamente a la de Hacienda en la que se deber\u00e1n confeccionar los dict\u00e1menes de los diferentes bloques estim\u00e1ndose que ello ocurrir\u00e1 en el transcurso de esta semana.<\/p>\n<p>En definitiva fue una alternativa no esperada ya que en ning\u00fan momento se hab\u00eda dado a conocer hasta el inicio de la sesi\u00f3n la iniciativa de apurar el tratamiento de la rendici\u00f3n de cuentas.<\/p>\n","protected":false},"excerpt":{"rendered":"<p>Cuando todo hac\u00eda suponer quela sesi\u00f3n de este lunes iba a ser tranquila en el C oncejo Deliberante ya que &#8230; <a title=\"Diferencias en el Concejo Deliberante por la rendici\u00f3n de cuentas del ejercicio 2010\" class=\"read-more\" href=\"https:\/\/www.hoymercedes.com.ar\/principal\/2011\/05\/10\/diferencias-en-el-concejo-deliberante-por-la-rendicion-de-cuentas-del-ejercicio-2010\/\" aria-label=\"Leer m\u00e1s sobre Diferencias en el Concejo Deliberante por la rendici\u00f3n de cuentas del ejercicio 2010\">Leer m\u00e1s<\/a><\/p>\n","protected":false},"author":1,"featured_media":0,"comment_status":"open","ping_status":"open","sticky":false,"template":"","format":"standard","meta":{"_monsterinsights_skip_tracking":false,"_monsterinsights_sitenote_active":false,"_monsterinsights_sitenote_note":"","_monsterinsights_sitenote_category":0,"jetpack_post_was_ever_published":false,"_jetpack_newsletter_access":"","_jetpack_dont_email_post_to_subs":false,"_jetpack_newsletter_tier_id":0,"_jetpack_memberships_contains_paywalled_content":false,"_jetpack_memberships_contains_paid_content":false,"footnotes":"","jetpack_publicize_message":"","jetpack_publicize_feature_enabled":true,"jetpack_social_post_already_shared":false,"jetpack_social_options":{"image_generator_settings":{"template":"highway","default_image_id":0,"font":"","enabled":false},"version":2},"_wpas_customize_per_network":false},"categories":[5],"tags":[45],"class_list":["post-4142","post","type-post","status-publish","format-standard","hentry","category-politica","tag-concejo-deliberante-mercedes","generate-columns","tablet-grid-50","mobile-grid-100","grid-parent","grid-50"],"jetpack_publicize_connections":[],"jetpack_featured_media_url":"","wps_subtitle":"","jetpack_sharing_enabled":true,"_links":{"self":[{"href":"https:\/\/www.hoymercedes.com.ar\/principal\/wp-json\/wp\/v2\/posts\/4142","targetHints":{"allow":["GET"]}}],"collection":[{"href":"https:\/\/www.hoymercedes.com.ar\/principal\/wp-json\/wp\/v2\/posts"}],"about":[{"href":"https:\/\/www.hoymercedes.com.ar\/principal\/wp-json\/wp\/v2\/types\/post"}],"author":[{"embeddable":true,"href":"https:\/\/www.hoymercedes.com.ar\/principal\/wp-json\/wp\/v2\/users\/1"}],"replies":[{"embeddable":true,"href":"https:\/\/www.hoymercedes.com.ar\/principal\/wp-json\/wp\/v2\/comments?post=4142"}],"version-history":[{"count":0,"href":"https:\/\/www.hoymercedes.com.ar\/principal\/wp-json\/wp\/v2\/posts\/4142\/revisions"}],"wp:attachment":[{"href":"https:\/\/www.hoymercedes.com.ar\/principal\/wp-json\/wp\/v2\/media?parent=4142"}],"wp:term":[{"taxonomy":"category","embeddable":true,"href":"https:\/\/www.hoymercedes.com.ar\/principal\/wp-json\/wp\/v2\/categories?post=4142"},{"taxonomy":"post_tag","embeddable":true,"href":"https:\/\/www.hoymercedes.com.ar\/principal\/wp-json\/wp\/v2\/tags?post=4142"}],"curies":[{"name":"wp","href":"https:\/\/api.w.org\/{rel}","templated":true}]}}