{"id":41474,"date":"2015-05-07T21:55:33","date_gmt":"2015-05-08T00:55:33","guid":{"rendered":"http:\/\/www.hoymercedes.com.ar\/principal\/?p=41474"},"modified":"2015-05-08T13:15:12","modified_gmt":"2015-05-08T16:15:12","slug":"eduardo-wado-de-pedro-junto-a-la-presidenta-en-inauguracion-de-hospital-pediatrico","status":"publish","type":"post","link":"https:\/\/www.hoymercedes.com.ar\/principal\/2015\/05\/07\/eduardo-wado-de-pedro-junto-a-la-presidenta-en-inauguracion-de-hospital-pediatrico\/","title":{"rendered":"Eduardo \u00abWado\u00bb De Pedro junto a la presidenta Cristina Fern\u00e1ndez en inauguraci\u00f3n de hospital pedi\u00e1trico"},"content":{"rendered":"<figure id=\"attachment_41475\" aria-describedby=\"caption-attachment-41475\" style=\"width: 610px\" class=\"wp-caption aligncenter\"><a href=\"https:\/\/www.hoymercedes.com.ar\/principal\/wp-content\/uploads\/2015\/05\/DePedro-CristinaFernandez.jpg\"><img loading=\"lazy\" decoding=\"async\" data-attachment-id=\"41475\" data-permalink=\"https:\/\/www.hoymercedes.com.ar\/principal\/2015\/05\/07\/eduardo-wado-de-pedro-junto-a-la-presidenta-en-inauguracion-de-hospital-pediatrico\/depedro-cristinafernandez-2\/#main\" data-orig-file=\"https:\/\/www.hoymercedes.com.ar\/principal\/wp-content\/uploads\/2015\/05\/DePedro-CristinaFernandez.jpg\" data-orig-size=\"620,414\" data-comments-opened=\"1\" data-image-meta=\"{&quot;aperture&quot;:&quot;0&quot;,&quot;credit&quot;:&quot;Germ\\u00e1n Pomar&quot;,&quot;camera&quot;:&quot;&quot;,&quot;caption&quot;:&quot;resistencia, Chaco 07mayo2015La presidenta Cristina Fern\\u00e1ndez encabeza desde las 13.25 en el Chaco el acto de habilitaci\\u00f3n del nuevo edificio del hospital Pedi\\u00e1trico Avelino Castel\\u00e1n, y a trav\\u00e9s de videoconferencias, inaugurar\\u00e1 el stand argentino en la 56ta. Bienal de Arte de Venecia 2015, la llegada al puerto del Buenos Aires de los nuevos coches 0km para l\\u00ednea Roca y se comunicar\\u00e1 con la localidad chaque\\u00f1a de Puerto Tirol, para la instalaci\\u00f3n del primer obrador troncal de Gasoducto del Noreste Argentino (GNEA). foto pomar\/telam\/dsl&quot;,&quot;created_timestamp&quot;:&quot;0&quot;,&quot;copyright&quot;:&quot;2013 \\u00a9 Germ\\u00e1n Pomar\/efi Fotoservicios&quot;,&quot;focal_length&quot;:&quot;0&quot;,&quot;iso&quot;:&quot;0&quot;,&quot;shutter_speed&quot;:&quot;0&quot;,&quot;title&quot;:&quot;&quot;,&quot;orientation&quot;:&quot;0&quot;}\" data-image-title=\"DePedro-CristinaFernandez\" data-image-description=\"\" data-image-caption=\"&lt;p&gt;resistencia, Chaco 07mayo2015La presidenta Cristina Fern\u00e1ndez encabeza desde las 13.25 en el Chaco el acto de habilitaci\u00f3n del nuevo edificio del hospital Pedi\u00e1trico Avelino Castel\u00e1n, y a trav\u00e9s de videoconferencias, inaugurar\u00e1 el stand argentino en la 56ta. Bienal de Arte de Venecia 2015, la llegada al puerto del Buenos Aires de los nuevos coches 0km para l\u00ednea Roca y se comunicar\u00e1 con la localidad chaque\u00f1a de Puerto Tirol, para la instalaci\u00f3n del primer obrador troncal de Gasoducto del Noreste Argentino (GNEA). foto pomar\/telam\/dsl&lt;\/p&gt;\n\" data-large-file=\"https:\/\/www.hoymercedes.com.ar\/principal\/wp-content\/uploads\/2015\/05\/DePedro-CristinaFernandez.jpg\" class=\"Img2014 wp-image-41475 size-full\" title=\"Wado de Pedro, Cristina Fern\u00e1ndez de Kirchner \" src=\"https:\/\/www.hoymercedes.com.ar\/principal\/wp-content\/uploads\/2015\/05\/DePedro-CristinaFernandez.jpg\" alt=\"resistencia, Chaco 07mayo2015La presidenta Cristina Fern\u00e1ndez encabeza desde las 13.25 en el Chaco el acto de habilitaci\u00f3n del nuevo edificio del hospital Pedi\u00e1trico Avelino Castel\u00e1n, y a trav\u00e9s de videoconferencias, inaugurar\u00e1 el stand argentino en la 56ta. Bienal de Arte de Venecia 2015, la llegada al puerto del Buenos Aires de los nuevos coches 0km para l\u00ednea Roca y se comunicar\u00e1 con la localidad chaque\u00f1a de Puerto Tirol, para la instalaci\u00f3n del primer obrador troncal de Gasoducto del Noreste Argentino (GNEA). foto pomar\/telam\/dsl\" width=\"620\" height=\"414\" srcset=\"https:\/\/www.hoymercedes.com.ar\/principal\/wp-content\/uploads\/2015\/05\/DePedro-CristinaFernandez.jpg 620w, https:\/\/www.hoymercedes.com.ar\/principal\/wp-content\/uploads\/2015\/05\/DePedro-CristinaFernandez-150x100.jpg 150w, https:\/\/www.hoymercedes.com.ar\/principal\/wp-content\/uploads\/2015\/05\/DePedro-CristinaFernandez-290x194.jpg 290w, https:\/\/www.hoymercedes.com.ar\/principal\/wp-content\/uploads\/2015\/05\/DePedro-CristinaFernandez-50x33.jpg 50w\" sizes=\"auto, (max-width: 620px) 100vw, 620px\" \/><\/a><figcaption id=\"caption-attachment-41475\" class=\"wp-caption-text\">resistencia, Chaco 07mayo2015La presidenta Cristina Fern\u00e1ndez encabeza desde las 13.25 en el Chaco el acto de habilitaci\u00f3n del nuevo edificio del hospital Pedi\u00e1trico Avelino Castel\u00e1n, y a trav\u00e9s de videoconferencias, inaugurar\u00e1 el stand argentino en la 56ta. Bienal de Arte de Venecia 2015, la llegada al puerto del Buenos Aires de los nuevos coches 0km para l\u00ednea Roca y se comunicar\u00e1 con la localidad chaque\u00f1a de Puerto Tirol, para la instalaci\u00f3n del primer obrador troncal de Gasoducto del Noreste Argentino (GNEA). foto pomar\/telam\/dsl<\/figcaption><\/figure>\n<p><em><strong>El Secretario general de la Presidencia, el mercedino Eduardo Wado de Pedro, acompa\u00f1\u00f3 hoy a la Presidenta Cristina Fern\u00e1ndez Kirchner en la inauguraci\u00f3n un nuevo edificio del hospital Pedi\u00e1trico Avelino Castel\u00e1n, en la ciudad de Resistencia, Chaco. Particip\u00f3 tambi\u00e9n del acto el gobernador de la provincia, Jorge Capitanich.<\/strong><\/em><\/p>\n<p>El hospital, para cuya construcci\u00f3n se invirtieron $220.000.000, posee consultorios externos, laboratorio de alta complejidad, sala de cirug\u00eda con 6 quir\u00f3fanos, y un sector de diagn\u00f3stico por im\u00e1genes con Tomograf\u00eda Axial Computada.<\/p>\n<p>Cristina Fern\u00e1ndez de Kirchner afirm\u00f3 que \u00abes importante que este proyecto nacional, popular y democr\u00e1tico siga adelante con este proceso de inclusi\u00f3n\u00bb.<\/p>\n<p>Por su parte, De Pedro record\u00f3 que desde el 2003 el gobierno nacional \u201clleva inaugurados 90 hospitales y m\u00e1s de 150 obras en centros sanitarios para acercar la salud p\u00fablica a todos los argentinos\u201d.<\/p>\n<p>Durante el acto y a trav\u00e9s de videoconferencias la Presidenta tambi\u00e9n inaugur\u00f3 el stand argentino en la 56ta. Bienal de Arte de Venecia 2015, le dio la bienvenida a los nuevos coches 0km para l\u00ednea Roca de trenes y present\u00f3 la instalaci\u00f3n del primer obrador troncal de Gasoducto del Noreste Argentino (GNEA) en Puerto Tirol.<\/p>\n<p>&nbsp;<\/p>\n<p>&nbsp;<\/p>\n<p>&nbsp;<\/p>\n","protected":false},"excerpt":{"rendered":"<p>El Secretario general de la Presidencia, el mercedino Eduardo Wado de Pedro, acompa\u00f1\u00f3 hoy a la Presidenta Cristina Fern\u00e1ndez Kirchner &#8230; <a title=\"Eduardo \u00abWado\u00bb De Pedro junto a la presidenta Cristina Fern\u00e1ndez en inauguraci\u00f3n de hospital pedi\u00e1trico\" class=\"read-more\" href=\"https:\/\/www.hoymercedes.com.ar\/principal\/2015\/05\/07\/eduardo-wado-de-pedro-junto-a-la-presidenta-en-inauguracion-de-hospital-pediatrico\/\" aria-label=\"Leer m\u00e1s sobre Eduardo \u00abWado\u00bb De Pedro junto a la presidenta Cristina Fern\u00e1ndez en inauguraci\u00f3n de hospital pedi\u00e1trico\">Leer m\u00e1s<\/a><\/p>\n","protected":false},"author":1,"featured_media":41475,"comment_status":"open","ping_status":"open","sticky":false,"template":"","format":"standard","meta":{"_monsterinsights_skip_tracking":false,"_monsterinsights_sitenote_active":false,"_monsterinsights_sitenote_note":"","_monsterinsights_sitenote_category":0,"jetpack_post_was_ever_published":false,"_jetpack_newsletter_access":"","_jetpack_dont_email_post_to_subs":false,"_jetpack_newsletter_tier_id":0,"_jetpack_memberships_contains_paywalled_content":false,"_jetpack_memberships_contains_paid_content":false,"footnotes":"","jetpack_publicize_message":"","jetpack_publicize_feature_enabled":true,"jetpack_social_post_already_shared":true,"jetpack_social_options":{"image_generator_settings":{"template":"highway","default_image_id":0,"font":"","enabled":false},"version":2},"_wpas_customize_per_network":false},"categories":[5],"tags":[7290,281],"class_list":["post-41474","post","type-post","status-publish","format-standard","has-post-thumbnail","hentry","category-politica","tag-cristina-fernandez-de-kircner","tag-wado-de-pedro","generate-columns","tablet-grid-50","mobile-grid-100","grid-parent","grid-50"],"jetpack_publicize_connections":[],"jetpack_featured_media_url":"https:\/\/www.hoymercedes.com.ar\/principal\/wp-content\/uploads\/2015\/05\/DePedro-CristinaFernandez.jpg","wps_subtitle":"En Chaco","jetpack_sharing_enabled":true,"jetpack-related-posts":[{"id":188859,"url":"https:\/\/www.hoymercedes.com.ar\/principal\/2025\/10\/18\/delegacion-mercedina-lealtad-peronista-con-cristina\/","url_meta":{"origin":41474,"position":0},"title":"Delegaci\u00f3n Mercedina: Lealtad peronista con Cristina","author":"hoymercedes","date":"18 octubre, 2025","format":false,"excerpt":"Un importante n\u00famero de militantes viajaron a San Jos\u00e9 1111, donde vive Cristina Fern\u00e1ndez de Kirchner, para conmemorar el D\u00eda de la Lealtad peronista junto a una de las referentes hist\u00f3ricas del movimiento justicialista, nacional y popular, contaron. Fue una amplia movida, especialmente nutrida de j\u00f3venes, con presencia tambi\u00e9n de\u2026","rel":"","context":"En \u00abPolicial\u00bb","block_context":{"text":"Policial","link":"https:\/\/www.hoymercedes.com.ar\/principal\/category\/policial\/"},"img":{"alt_text":"Delegaci\u00f3n Mercedina: Lealtad peronista con Cristina","src":"https:\/\/i0.wp.com\/www.hoymercedes.com.ar\/principal\/wp-content\/uploads\/2025\/10\/G3jLijkXQAAOQAh.jpg?resize=350%2C200&ssl=1","width":350,"height":200,"srcset":"https:\/\/i0.wp.com\/www.hoymercedes.com.ar\/principal\/wp-content\/uploads\/2025\/10\/G3jLijkXQAAOQAh.jpg?resize=350%2C200&ssl=1 1x, https:\/\/i0.wp.com\/www.hoymercedes.com.ar\/principal\/wp-content\/uploads\/2025\/10\/G3jLijkXQAAOQAh.jpg?resize=525%2C300&ssl=1 1.5x, https:\/\/i0.wp.com\/www.hoymercedes.com.ar\/principal\/wp-content\/uploads\/2025\/10\/G3jLijkXQAAOQAh.jpg?resize=700%2C400&ssl=1 2x"},"classes":[]},{"id":40018,"url":"https:\/\/www.hoymercedes.com.ar\/principal\/2015\/03\/09\/wado-de-pedro-es-muy-emocionante-el-carino-de-los-mercedinos\/","url_meta":{"origin":41474,"position":1},"title":"Wado De Pedro: \u00abEs muy emocionante el cari\u00f1o de los mercedinos\u201d","author":"hoymercedes","date":"9 marzo, 2015","format":false,"excerpt":"El flamante Secretario General de la Presidencia, Eduardo \u2018Wado\u2019 de Pedro, se mostr\u00f3 \u201cmuy emocionado por las manifestaciones de cari\u00f1o y apoyo de los mercedinos\u201d tras su designaci\u00f3n en el nuevo cargo y agradeci\u00f3 \u201ca todos\u201d los que le manifestaron felicitaciones y saludos, \u201cdesde el intendente, Carlos Selva, hasta Monse\u00f1or\u2026","rel":"","context":"En \u00abPol\u00edtica\u00bb","block_context":{"text":"Pol\u00edtica","link":"https:\/\/www.hoymercedes.com.ar\/principal\/category\/politica\/"},"img":{"alt_text":"DePedro-CristinaFernandez","src":"https:\/\/i0.wp.com\/www.hoymercedes.com.ar\/principal\/wp-content\/uploads\/2015\/03\/DePedro-CristinaFernandez.jpg?resize=350%2C200","width":350,"height":200,"srcset":"https:\/\/i0.wp.com\/www.hoymercedes.com.ar\/principal\/wp-content\/uploads\/2015\/03\/DePedro-CristinaFernandez.jpg?resize=350%2C200 1x, https:\/\/i0.wp.com\/www.hoymercedes.com.ar\/principal\/wp-content\/uploads\/2015\/03\/DePedro-CristinaFernandez.jpg?resize=525%2C300 1.5x"},"classes":[]},{"id":194764,"url":"https:\/\/www.hoymercedes.com.ar\/principal\/2026\/04\/18\/wado-de-pedro-en-la-cpm-2026-barcelona-suman-apoyos-a-la-campana-por-la-libertad-de-cristina\/","url_meta":{"origin":41474,"position":2},"title":"Wado De Pedro en la CPM 2026 Barcelona: suman apoyos a la campa\u00f1a por la libertad de Cristina","author":"hoymercedes","date":"18 abril, 2026","format":false,"excerpt":"En el marco de la CPM 2026 (Cumbre\/encuentro progresista internacional) en Barcelona, distintos sectores del peronismo contin\u00faan impulsando la campa\u00f1a por la libertad de Cristina Fern\u00e1ndez de Kirchner, sumando adhesiones y respaldo pol\u00edtico en el \u00e1mbito internacional. Durante las actividades desarrolladas en la ciudad espa\u00f1ola, dirigentes y referentes del espacio\u2026","rel":"","context":"En \u00abPol\u00edtica\u00bb","block_context":{"text":"Pol\u00edtica","link":"https:\/\/www.hoymercedes.com.ar\/principal\/category\/politica\/"},"img":{"alt_text":"","src":"https:\/\/i0.wp.com\/www.hoymercedes.com.ar\/principal\/wp-content\/uploads\/2026\/04\/image-36.png?resize=350%2C200&ssl=1","width":350,"height":200,"srcset":"https:\/\/i0.wp.com\/www.hoymercedes.com.ar\/principal\/wp-content\/uploads\/2026\/04\/image-36.png?resize=350%2C200&ssl=1 1x, https:\/\/i0.wp.com\/www.hoymercedes.com.ar\/principal\/wp-content\/uploads\/2026\/04\/image-36.png?resize=525%2C300&ssl=1 1.5x, https:\/\/i0.wp.com\/www.hoymercedes.com.ar\/principal\/wp-content\/uploads\/2026\/04\/image-36.png?resize=700%2C400&ssl=1 2x, https:\/\/i0.wp.com\/www.hoymercedes.com.ar\/principal\/wp-content\/uploads\/2026\/04\/image-36.png?resize=1050%2C600&ssl=1 3x, https:\/\/i0.wp.com\/www.hoymercedes.com.ar\/principal\/wp-content\/uploads\/2026\/04\/image-36.png?resize=1400%2C800&ssl=1 4x"},"classes":[]},{"id":48422,"url":"https:\/\/www.hoymercedes.com.ar\/principal\/2016\/04\/01\/de-pedro-recordo-a-alfonsin-mi-recuerdo-a-un-hombre-coherente-y-valiente\/","url_meta":{"origin":41474,"position":3},"title":"De Pedro record\u00f3 a Alfonsin: \u00abMi recuerdo a un hombre coherente y valiente\u00bb","author":"hoymercedes","date":"1 abril, 2016","format":false,"excerpt":"\u00a0 El diputado nacional del Frente para la Victoria, el mercedino Eduardo Wado de Pedro, record\u00f3 ayer al ex presidente de la Naci\u00f3n Ra\u00fal Alfons\u00edn, al cumplirse siete a\u00f1os de su fallecimiento. M\u00e1s all\u00e1 de pertenecer a otro espacio pol\u00edtico, De Pedro public\u00f3 un mensaje en sus redes sociales que\u2026","rel":"","context":"En \u00abCiudad\u00bb","block_context":{"text":"Ciudad","link":"https:\/\/www.hoymercedes.com.ar\/principal\/category\/ciudad\/"},"img":{"alt_text":"","src":"https:\/\/i0.wp.com\/www.hoymercedes.com.ar\/principal\/wp-content\/uploads\/2016\/04\/alfonsincristina.jpg?resize=350%2C200&ssl=1","width":350,"height":200,"srcset":"https:\/\/i0.wp.com\/www.hoymercedes.com.ar\/principal\/wp-content\/uploads\/2016\/04\/alfonsincristina.jpg?resize=350%2C200&ssl=1 1x, https:\/\/i0.wp.com\/www.hoymercedes.com.ar\/principal\/wp-content\/uploads\/2016\/04\/alfonsincristina.jpg?resize=525%2C300&ssl=1 1.5x, https:\/\/i0.wp.com\/www.hoymercedes.com.ar\/principal\/wp-content\/uploads\/2016\/04\/alfonsincristina.jpg?resize=700%2C400&ssl=1 2x"},"classes":[]},{"id":146717,"url":"https:\/\/www.hoymercedes.com.ar\/principal\/2022\/04\/13\/ministro-wado-de-pedro-fue-recibido-por-el-papa-en-santa-marta\/","url_meta":{"origin":41474,"position":4},"title":"Ministro \u00abWado\u00bb de Pedro fue recibido por el Papa en Santa Marta","author":"hoymercedes","date":"13 abril, 2022","format":false,"excerpt":"El ministro del Interior, Wado de Pedro, se reuni\u00f3 recientemente con el Papa Francisco durante la gira que realiz\u00f3 por Italia entre el 5 y el 8 de abril, durante la cual mantuvo una extensa audiencia privada con el sumo pont\u00edfice, que se dio a conocer d\u00edas despu\u00e9s de regresar\u2026","rel":"","context":"En \u00abPol\u00edtica\u00bb","block_context":{"text":"Pol\u00edtica","link":"https:\/\/www.hoymercedes.com.ar\/principal\/category\/politica\/"},"img":{"alt_text":"","src":"https:\/\/i0.wp.com\/www.hoymercedes.com.ar\/principal\/wp-content\/uploads\/2022\/04\/DSC_82771.jpg?resize=350%2C200&ssl=1","width":350,"height":200,"srcset":"https:\/\/i0.wp.com\/www.hoymercedes.com.ar\/principal\/wp-content\/uploads\/2022\/04\/DSC_82771.jpg?resize=350%2C200&ssl=1 1x, https:\/\/i0.wp.com\/www.hoymercedes.com.ar\/principal\/wp-content\/uploads\/2022\/04\/DSC_82771.jpg?resize=525%2C300&ssl=1 1.5x, https:\/\/i0.wp.com\/www.hoymercedes.com.ar\/principal\/wp-content\/uploads\/2022\/04\/DSC_82771.jpg?resize=700%2C400&ssl=1 2x, https:\/\/i0.wp.com\/www.hoymercedes.com.ar\/principal\/wp-content\/uploads\/2022\/04\/DSC_82771.jpg?resize=1050%2C600&ssl=1 3x, https:\/\/i0.wp.com\/www.hoymercedes.com.ar\/principal\/wp-content\/uploads\/2022\/04\/DSC_82771.jpg?resize=1400%2C800&ssl=1 4x"},"classes":[]},{"id":184249,"url":"https:\/\/www.hoymercedes.com.ar\/principal\/2025\/04\/28\/wado-un-mercedino-cercano-al-papa\/","url_meta":{"origin":41474,"position":5},"title":"Wado, un mercedino cercano al Papa","author":"hoymercedes","date":"28 abril, 2025","format":false,"excerpt":"As\u00ed, dentro de la comitiva que acompa\u00f1\u00f3 a la entonces presidenta Cristina Fern\u00e1ndez de Kirchner al Vaticano, se present\u00f3 Eduardo \u201cWado\u201d de Pedro ante el Papa Francisco. Era, en septiembre de 2014, el primer encuentro entre Jorge Bergoglio desde que se hab\u00eda convertido en el Papa Francisco con Cristina. En\u2026","rel":"","context":"En \u00abSociedad\u00bb","block_context":{"text":"Sociedad","link":"https:\/\/www.hoymercedes.com.ar\/principal\/category\/sociedad\/"},"img":{"alt_text":"Wado de Pedro, papa francisco","src":"https:\/\/i0.wp.com\/www.hoymercedes.com.ar\/principal\/wp-content\/uploads\/2025\/04\/Wado-Papa.jpg?resize=350%2C200&ssl=1","width":350,"height":200,"srcset":"https:\/\/i0.wp.com\/www.hoymercedes.com.ar\/principal\/wp-content\/uploads\/2025\/04\/Wado-Papa.jpg?resize=350%2C200&ssl=1 1x, https:\/\/i0.wp.com\/www.hoymercedes.com.ar\/principal\/wp-content\/uploads\/2025\/04\/Wado-Papa.jpg?resize=525%2C300&ssl=1 1.5x, https:\/\/i0.wp.com\/www.hoymercedes.com.ar\/principal\/wp-content\/uploads\/2025\/04\/Wado-Papa.jpg?resize=700%2C400&ssl=1 2x"},"classes":[]}],"_links":{"self":[{"href":"https:\/\/www.hoymercedes.com.ar\/principal\/wp-json\/wp\/v2\/posts\/41474","targetHints":{"allow":["GET"]}}],"collection":[{"href":"https:\/\/www.hoymercedes.com.ar\/principal\/wp-json\/wp\/v2\/posts"}],"about":[{"href":"https:\/\/www.hoymercedes.com.ar\/principal\/wp-json\/wp\/v2\/types\/post"}],"author":[{"embeddable":true,"href":"https:\/\/www.hoymercedes.com.ar\/principal\/wp-json\/wp\/v2\/users\/1"}],"replies":[{"embeddable":true,"href":"https:\/\/www.hoymercedes.com.ar\/principal\/wp-json\/wp\/v2\/comments?post=41474"}],"version-history":[{"count":0,"href":"https:\/\/www.hoymercedes.com.ar\/principal\/wp-json\/wp\/v2\/posts\/41474\/revisions"}],"wp:featuredmedia":[{"embeddable":true,"href":"https:\/\/www.hoymercedes.com.ar\/principal\/wp-json\/wp\/v2\/media\/41475"}],"wp:attachment":[{"href":"https:\/\/www.hoymercedes.com.ar\/principal\/wp-json\/wp\/v2\/media?parent=41474"}],"wp:term":[{"taxonomy":"category","embeddable":true,"href":"https:\/\/www.hoymercedes.com.ar\/principal\/wp-json\/wp\/v2\/categories?post=41474"},{"taxonomy":"post_tag","embeddable":true,"href":"https:\/\/www.hoymercedes.com.ar\/principal\/wp-json\/wp\/v2\/tags?post=41474"}],"curies":[{"name":"wp","href":"https:\/\/api.w.org\/{rel}","templated":true}]}}