{"id":41491,"date":"2015-05-07T23:45:25","date_gmt":"2015-05-08T02:45:25","guid":{"rendered":"http:\/\/www.hoymercedes.com.ar\/principal\/?p=41491"},"modified":"2015-05-07T23:45:25","modified_gmt":"2015-05-08T02:45:25","slug":"sentido-homenaje-a-eva-peron-en-un-nuevo-aniversario-de-su-natalicio","status":"publish","type":"post","link":"https:\/\/www.hoymercedes.com.ar\/principal\/2015\/05\/07\/sentido-homenaje-a-eva-peron-en-un-nuevo-aniversario-de-su-natalicio\/","title":{"rendered":"Sentido homenaje a Eva Per\u00f3n en un nuevo aniversario de su natalicio"},"content":{"rendered":"<p><a href=\"https:\/\/www.hoymercedes.com.ar\/principal\/wp-content\/uploads\/2015\/05\/selva-actoeva-07.05.2015-1.jpg\"><img loading=\"lazy\" decoding=\"async\" data-attachment-id=\"41492\" data-permalink=\"https:\/\/www.hoymercedes.com.ar\/principal\/2015\/05\/07\/sentido-homenaje-a-eva-peron-en-un-nuevo-aniversario-de-su-natalicio\/selva-actoeva-07-05-2015-1\/#main\" data-orig-file=\"https:\/\/www.hoymercedes.com.ar\/principal\/wp-content\/uploads\/2015\/05\/selva-actoeva-07.05.2015-1.jpg\" data-orig-size=\"620,349\" data-comments-opened=\"1\" data-image-meta=\"{&quot;aperture&quot;:&quot;0&quot;,&quot;credit&quot;:&quot;&quot;,&quot;camera&quot;:&quot;&quot;,&quot;caption&quot;:&quot;&quot;,&quot;created_timestamp&quot;:&quot;0&quot;,&quot;copyright&quot;:&quot;&quot;,&quot;focal_length&quot;:&quot;0&quot;,&quot;iso&quot;:&quot;0&quot;,&quot;shutter_speed&quot;:&quot;0&quot;,&quot;title&quot;:&quot;&quot;,&quot;orientation&quot;:&quot;0&quot;}\" data-image-title=\"selva-actoeva-07.05.2015-1\" data-image-description=\"\" data-image-caption=\"\" data-large-file=\"https:\/\/www.hoymercedes.com.ar\/principal\/wp-content\/uploads\/2015\/05\/selva-actoeva-07.05.2015-1.jpg\" class=\"Img2014 aligncenter wp-image-41492 size-full\" title=\"Carlos Selva, Frente Renovador Mercedes, Acto Eva Per\u00f3n\" src=\"https:\/\/www.hoymercedes.com.ar\/principal\/wp-content\/uploads\/2015\/05\/selva-actoeva-07.05.2015-1.jpg\" alt=\"selva-actoeva-07.05.2015-1\" width=\"620\" height=\"349\" srcset=\"https:\/\/www.hoymercedes.com.ar\/principal\/wp-content\/uploads\/2015\/05\/selva-actoeva-07.05.2015-1.jpg 620w, https:\/\/www.hoymercedes.com.ar\/principal\/wp-content\/uploads\/2015\/05\/selva-actoeva-07.05.2015-1-150x84.jpg 150w, https:\/\/www.hoymercedes.com.ar\/principal\/wp-content\/uploads\/2015\/05\/selva-actoeva-07.05.2015-1-290x163.jpg 290w, https:\/\/www.hoymercedes.com.ar\/principal\/wp-content\/uploads\/2015\/05\/selva-actoeva-07.05.2015-1-50x28.jpg 50w\" sizes=\"auto, (max-width: 620px) 100vw, 620px\" \/><\/a><\/p>\n<p><em><strong>Durante la tarde de \u00e9ste jueves se llev\u00f3 a cabo un acto conmemorativo ante un nuevo aniversario del natalicio de Eva Duarte de Per\u00f3n, abanderada del espacio peronista en t\u00e9rminos de luchas sociales y mundialmente reconocida por su sensibilidad y acci\u00f3n concreta en beneficio de los m\u00e1s necesitados.\u00a0<\/strong><\/em><\/p>\n<p>Desde el \u201cFrente Renovador Mercedes\u201d se colocaron ofrendas florales en el busto que se encuentra en la esquina de avenida 30 y 23 en nuestra ciudad.<\/p>\n<p>La actividad estuvo encabezada por el intendente Carlos Selva que por las bajas temperaturas invit\u00f3 a los presentes, militantes y vecinos, a o\u00edr unas palabras alusivas bajo el reparo del local partidario ubicado a escasos metros del lugar para luego trasladarse si hacia el busto donde expuso algunas palabras alusivas sobre la vida y obras de Eva Per\u00f3n, su v\u00ednculo con los m\u00e1s necesitados y las dimensiones que tom\u00f3 su figura para todos los luchadores, remarcando que el peronismo es el \u00fanico partido que cuenta con una figura de tama\u00f1as dimensiones que escapa las fronteras partidarias convirti\u00e9ndose en una referente nacional. Tambi\u00e9n expuso unas palabras Liliana Gutierrez, referente del Sindicato de Trabajadores Municipales.<\/p>\n<p>Las ofrendas florales fueron colocadas por la Agrupaci\u00f3n \u201c17 de Octubre\u201d y el \u201cPartido Justicialista\u201d cuyo presidente es Carlos Selva y su vice, tambi\u00e9n presente, Carlos Palleros.<\/p>\n<p><a href=\"https:\/\/www.hoymercedes.com.ar\/principal\/wp-content\/uploads\/2015\/05\/gutierrez-selva-actoEvaPeron.jpg\"><img loading=\"lazy\" decoding=\"async\" data-attachment-id=\"41493\" data-permalink=\"https:\/\/www.hoymercedes.com.ar\/principal\/2015\/05\/07\/sentido-homenaje-a-eva-peron-en-un-nuevo-aniversario-de-su-natalicio\/gutierrez-selva-actoevaperon\/#main\" data-orig-file=\"https:\/\/www.hoymercedes.com.ar\/principal\/wp-content\/uploads\/2015\/05\/gutierrez-selva-actoEvaPeron.jpg\" data-orig-size=\"620,404\" data-comments-opened=\"1\" data-image-meta=\"{&quot;aperture&quot;:&quot;0&quot;,&quot;credit&quot;:&quot;&quot;,&quot;camera&quot;:&quot;&quot;,&quot;caption&quot;:&quot;&quot;,&quot;created_timestamp&quot;:&quot;0&quot;,&quot;copyright&quot;:&quot;&quot;,&quot;focal_length&quot;:&quot;0&quot;,&quot;iso&quot;:&quot;0&quot;,&quot;shutter_speed&quot;:&quot;0&quot;,&quot;title&quot;:&quot;&quot;,&quot;orientation&quot;:&quot;0&quot;}\" data-image-title=\"gutierrez-selva-actoEvaPeron\" data-image-description=\"\" data-image-caption=\"\" data-large-file=\"https:\/\/www.hoymercedes.com.ar\/principal\/wp-content\/uploads\/2015\/05\/gutierrez-selva-actoEvaPeron.jpg\" class=\"Img2014 aligncenter wp-image-41493 size-full\" src=\"https:\/\/www.hoymercedes.com.ar\/principal\/wp-content\/uploads\/2015\/05\/gutierrez-selva-actoEvaPeron.jpg\" alt=\"gutierrez-selva-actoEvaPeron\" width=\"620\" height=\"404\" srcset=\"https:\/\/www.hoymercedes.com.ar\/principal\/wp-content\/uploads\/2015\/05\/gutierrez-selva-actoEvaPeron.jpg 620w, https:\/\/www.hoymercedes.com.ar\/principal\/wp-content\/uploads\/2015\/05\/gutierrez-selva-actoEvaPeron-150x98.jpg 150w, https:\/\/www.hoymercedes.com.ar\/principal\/wp-content\/uploads\/2015\/05\/gutierrez-selva-actoEvaPeron-290x189.jpg 290w, https:\/\/www.hoymercedes.com.ar\/principal\/wp-content\/uploads\/2015\/05\/gutierrez-selva-actoEvaPeron-50x33.jpg 50w\" sizes=\"auto, (max-width: 620px) 100vw, 620px\" \/><\/a><\/p>\n<p>El intendente Selva tambi\u00e9n tuvo un momento, dentro del espacio partidario, para agradecer a los mercedinos que partieron desde ese mismo lugar a V\u00e9lez S\u00e1rfield el pasado viernes reconociendo que a muchos les cost\u00f3 entrar con comodidad dado que la cantidad de asistentes de las diversas localidades los desbord\u00f3, afirm\u00f3 con satisfacci\u00f3n.<\/p>\n<p>Recordemos que Eva Duarte de Per\u00f3n naci\u00f3 en Los Toldos el 7 de mayo de 1929 y muri\u00f3 tras una larga agon\u00eda el 26 de julio de 1952, no sin antes meterse en los corazones de todo el pueblo, bregando por los m\u00e1s necesitados, llevando el Estado en un rol de Benefactor a todos los rincones del pa\u00eds. Ya antes de ser Eva Per\u00f3n expon\u00eda una singular sensibilidad por los m\u00e1s necesitados, tal como narra el momento en que se conoce con Juan Domingo Per\u00f3n cuando en enero de 1944 lo conoce al ser ella, entre otras actrices, condecorada por su participaci\u00f3n en la recolecci\u00f3n de fondos para las v\u00edctimas del terremoto en San Juan. Eva, pronto, se convertir\u00eda en \u201cEvita\u201d, la abanderada internacional de los humildes.<\/p>\n<p>&nbsp;<\/p>\n<p>&nbsp;<\/p>\n<p>&nbsp;<\/p>\n<p>&nbsp;<\/p>\n","protected":false},"excerpt":{"rendered":"<p>Durante la tarde de \u00e9ste jueves se llev\u00f3 a cabo un acto conmemorativo ante un nuevo aniversario del natalicio de &#8230; <a title=\"Sentido homenaje a Eva Per\u00f3n en un nuevo aniversario de su natalicio\" class=\"read-more\" href=\"https:\/\/www.hoymercedes.com.ar\/principal\/2015\/05\/07\/sentido-homenaje-a-eva-peron-en-un-nuevo-aniversario-de-su-natalicio\/\" aria-label=\"Leer m\u00e1s sobre Sentido homenaje a Eva Per\u00f3n en un nuevo aniversario de su natalicio\">Leer m\u00e1s<\/a><\/p>\n","protected":false},"author":1,"featured_media":41492,"comment_status":"open","ping_status":"open","sticky":false,"template":"","format":"standard","meta":{"_monsterinsights_skip_tracking":false,"_monsterinsights_sitenote_active":false,"_monsterinsights_sitenote_note":"","_monsterinsights_sitenote_category":0,"jetpack_post_was_ever_published":false,"_jetpack_newsletter_access":"","_jetpack_dont_email_post_to_subs":false,"_jetpack_newsletter_tier_id":0,"_jetpack_memberships_contains_paywalled_content":false,"_jetpack_memberships_contains_paid_content":false,"footnotes":"","jetpack_publicize_message":"","jetpack_publicize_feature_enabled":true,"jetpack_social_post_already_shared":true,"jetpack_social_options":{"image_generator_settings":{"template":"highway","default_image_id":0,"font":"","enabled":false},"version":2},"_wpas_customize_per_network":false},"categories":[5],"tags":[2158,39,3647],"class_list":["post-41491","post","type-post","status-publish","format-standard","has-post-thumbnail","hentry","category-politica","tag-acto-eva-peron","tag-carlos-selva","tag-frente-renovador-mercedes","generate-columns","tablet-grid-50","mobile-grid-100","grid-parent","grid-50"],"jetpack_publicize_connections":[],"jetpack_featured_media_url":"https:\/\/www.hoymercedes.com.ar\/principal\/wp-content\/uploads\/2015\/05\/selva-actoeva-07.05.2015-1.jpg","wps_subtitle":"Desde Frente Renovador","jetpack_sharing_enabled":true,"jetpack-related-posts":[{"id":62449,"url":"https:\/\/www.hoymercedes.com.ar\/principal\/2017\/05\/07\/sentido-homenaje-del-frente-mercedino-a-eva-peron-en-aniversario-de-su-natalicio\/","url_meta":{"origin":41491,"position":0},"title":"Sentido homenaje del Frente Mercedino a Eva Per\u00f3n en aniversario de su natalicio","author":"hoymercedes","date":"7 mayo, 2017","format":false,"excerpt":"En calle 30 y 23, frente al busto que la recuerda, se llev\u00f3 a cabo un \u00a0encuentro y sentido homenaje a Eva Duarte de Per\u00f3n en un el 98\u00b0 aniversario de su natalicio. La colocaci\u00f3n de ofrenda floral por parte del Frente Mercedino estuvo encabezada por Juan Ustarroz, Eduardo de\u2026","rel":"","context":"En \u00abPol\u00edtica\u00bb","block_context":{"text":"Pol\u00edtica","link":"https:\/\/www.hoymercedes.com.ar\/principal\/category\/politica\/"},"img":{"alt_text":"","src":"https:\/\/i0.wp.com\/www.hoymercedes.com.ar\/principal\/wp-content\/uploads\/2017\/05\/Acto-Eva-2-1.jpeg?resize=350%2C200&ssl=1","width":350,"height":200,"srcset":"https:\/\/i0.wp.com\/www.hoymercedes.com.ar\/principal\/wp-content\/uploads\/2017\/05\/Acto-Eva-2-1.jpeg?resize=350%2C200&ssl=1 1x, https:\/\/i0.wp.com\/www.hoymercedes.com.ar\/principal\/wp-content\/uploads\/2017\/05\/Acto-Eva-2-1.jpeg?resize=525%2C300&ssl=1 1.5x"},"classes":[]},{"id":24195,"url":"https:\/\/www.hoymercedes.com.ar\/principal\/2013\/07\/28\/en-emotivo-acto-el-selvismo-recordo-a-eva-peron\/","url_meta":{"origin":41491,"position":1},"title":"En emotivo acto el selvismo record\u00f3 a Eva Per\u00f3n","author":"hoymercedes","date":"28 julio, 2013","format":false,"excerpt":"El acto se produjo durante la noche de este viernes con tres actividades que incluyeron una misa, una marcha de antorchas y un acto central frente al busto de Eva Per\u00f3n en calles 30 y 23. \"Este 26 de julio es una fecha emblem\u00e1tica para el movimiento peronista, ya que\u2026","rel":"","context":"En \u00abCultura\u00bb","block_context":{"text":"Cultura","link":"https:\/\/www.hoymercedes.com.ar\/principal\/category\/cultura\/"},"img":{"alt_text":"actoeva2","src":"https:\/\/i0.wp.com\/www.hoymercedes.com.ar\/principal\/wp-content\/uploads\/2013\/07\/actoeva2.jpg?resize=350%2C200","width":350,"height":200,"srcset":"https:\/\/i0.wp.com\/www.hoymercedes.com.ar\/principal\/wp-content\/uploads\/2013\/07\/actoeva2.jpg?resize=350%2C200 1x, https:\/\/i0.wp.com\/www.hoymercedes.com.ar\/principal\/wp-content\/uploads\/2013\/07\/actoeva2.jpg?resize=525%2C300 1.5x"},"classes":[]},{"id":78901,"url":"https:\/\/www.hoymercedes.com.ar\/principal\/2018\/07\/21\/el-partido-justicialista-mercedino-recuerda-a-eva-peron\/","url_meta":{"origin":41491,"position":2},"title":"El Partido Justicialista mercedino recuerda a Eva Per\u00f3n","author":"hoymercedes","date":"21 julio, 2018","format":false,"excerpt":"Desde el Partido Justicialista (PJ) de la ciudad de Mercedes, invitan a participar de las actividades que se llevar\u00e1n a cabo para conmemorar un nuevo aniversario del fallecimiento de Eva Duarte, \u201cEvita, la abanderada de los humildes\u201d. Ser\u00e1n el d\u00eda 26 de julio, a partir de la hora 19. En\u2026","rel":"","context":"En \u00abPol\u00edtica\u00bb","block_context":{"text":"Pol\u00edtica","link":"https:\/\/www.hoymercedes.com.ar\/principal\/category\/politica\/"},"img":{"alt_text":"","src":"https:\/\/i0.wp.com\/www.hoymercedes.com.ar\/principal\/wp-content\/uploads\/2017\/07\/25-eva-acto.jpg?resize=350%2C200&ssl=1","width":350,"height":200,"srcset":"https:\/\/i0.wp.com\/www.hoymercedes.com.ar\/principal\/wp-content\/uploads\/2017\/07\/25-eva-acto.jpg?resize=350%2C200&ssl=1 1x, https:\/\/i0.wp.com\/www.hoymercedes.com.ar\/principal\/wp-content\/uploads\/2017\/07\/25-eva-acto.jpg?resize=525%2C300&ssl=1 1.5x"},"classes":[]},{"id":34670,"url":"https:\/\/www.hoymercedes.com.ar\/principal\/2014\/07\/27\/el-pj-mercedes-homenajeo-a-eva-peron\/","url_meta":{"origin":41491,"position":3},"title":"El PJ Mercedes homenaje\u00f3 a Eva Per\u00f3n","author":"HoyMercedes","date":"27 julio, 2014","format":false,"excerpt":"El Partido Justicialista de Mercedes homenaje\u00f3 este s\u00e1bado la figura de Eva Duarte de Per\u00f3n al conmemorarse un nuevo aniversario de su paso a la inmortalidad. El presidente del partido e intendente de la ciudad Carlos Selva encabez\u00f3 los actos de conmemoraci\u00f3n de Eva Per\u00f3n. Estuvo acompa\u00f1ado por la plana\u2026","rel":"","context":"En \u00abPol\u00edtica\u00bb","block_context":{"text":"Pol\u00edtica","link":"https:\/\/www.hoymercedes.com.ar\/principal\/category\/politica\/"},"img":{"alt_text":"Acto-EvaPer\u00f3n-2014","src":"https:\/\/i0.wp.com\/www.hoymercedes.com.ar\/principal\/wp-content\/uploads\/2014\/07\/Acto-EvaPer%C3%B3n-2014.jpg?resize=350%2C200","width":350,"height":200,"srcset":"https:\/\/i0.wp.com\/www.hoymercedes.com.ar\/principal\/wp-content\/uploads\/2014\/07\/Acto-EvaPer%C3%B3n-2014.jpg?resize=350%2C200 1x, https:\/\/i0.wp.com\/www.hoymercedes.com.ar\/principal\/wp-content\/uploads\/2014\/07\/Acto-EvaPer%C3%B3n-2014.jpg?resize=525%2C300 1.5x"},"classes":[]},{"id":34668,"url":"https:\/\/www.hoymercedes.com.ar\/principal\/2014\/07\/27\/sala-del-concejo-deliberante-se-denomina-desde-ahora-sala-eva-peron\/","url_meta":{"origin":41491,"position":4},"title":"Sala del Concejo Deliberante se denomina desde ahora &quot;Sala Eva Per\u00f3n&quot;","author":"HoyMercedes","date":"27 julio, 2014","format":false,"excerpt":"(FR) Este s\u00e1bado por la tarde se llev\u00f3 adelante un acto en conmemoraci\u00f3n de un nuevo aniversario del paso a la inmortalidad de Eva Per\u00f3n y se descubri\u00f3 una placa con su nombre en el ingreso al recinto del Concejo Deliberante. El intendente Carlos Selva, en consonancia con el presidente\u2026","rel":"","context":"En \u00abPol\u00edtica\u00bb","block_context":{"text":"Pol\u00edtica","link":"https:\/\/www.hoymercedes.com.ar\/principal\/category\/politica\/"},"img":{"alt_text":"Denapole_Selva-H.C.D-SalaEvaPer\u00f3n","src":"https:\/\/i0.wp.com\/www.hoymercedes.com.ar\/principal\/wp-content\/uploads\/2014\/07\/Denapole_Selva-H.C.D-SalaEvaPer%C3%B3n.jpg?resize=350%2C200","width":350,"height":200,"srcset":"https:\/\/i0.wp.com\/www.hoymercedes.com.ar\/principal\/wp-content\/uploads\/2014\/07\/Denapole_Selva-H.C.D-SalaEvaPer%C3%B3n.jpg?resize=350%2C200 1x, https:\/\/i0.wp.com\/www.hoymercedes.com.ar\/principal\/wp-content\/uploads\/2014\/07\/Denapole_Selva-H.C.D-SalaEvaPer%C3%B3n.jpg?resize=525%2C300 1.5x"},"classes":[]},{"id":97255,"url":"https:\/\/www.hoymercedes.com.ar\/principal\/2019\/07\/28\/el-pj-mercedes-homenajeo-a-eva-peron-2\/","url_meta":{"origin":41491,"position":5},"title":"El PJ Mercedes homenaje\u00f3 a Eva Per\u00f3n","author":"hoymercedes","date":"28 julio, 2019","format":false,"excerpt":"Ante m\u00e1s de un centenar de militantes, el peronismo mercedino record\u00f3 a Eva Per\u00f3n al cumplirse un nuevo aniversario de su fallecimiento. En ese sentido, distintas agrupaciones Justicialistas se congregaron el pasado viernes, al pi\u00e9 del busto emplazado en la intersecci\u00f3n de las calles 30 y 23, para conmemorar el\u2026","rel":"","context":"En \u00abPol\u00edtica\u00bb","block_context":{"text":"Pol\u00edtica","link":"https:\/\/www.hoymercedes.com.ar\/principal\/category\/politica\/"},"img":{"alt_text":"","src":"https:\/\/i0.wp.com\/www.hoymercedes.com.ar\/principal\/wp-content\/uploads\/2019\/07\/28-pj-evita.jpg?resize=350%2C200&ssl=1","width":350,"height":200,"srcset":"https:\/\/i0.wp.com\/www.hoymercedes.com.ar\/principal\/wp-content\/uploads\/2019\/07\/28-pj-evita.jpg?resize=350%2C200&ssl=1 1x, https:\/\/i0.wp.com\/www.hoymercedes.com.ar\/principal\/wp-content\/uploads\/2019\/07\/28-pj-evita.jpg?resize=525%2C300&ssl=1 1.5x, https:\/\/i0.wp.com\/www.hoymercedes.com.ar\/principal\/wp-content\/uploads\/2019\/07\/28-pj-evita.jpg?resize=700%2C400&ssl=1 2x"},"classes":[]}],"_links":{"self":[{"href":"https:\/\/www.hoymercedes.com.ar\/principal\/wp-json\/wp\/v2\/posts\/41491","targetHints":{"allow":["GET"]}}],"collection":[{"href":"https:\/\/www.hoymercedes.com.ar\/principal\/wp-json\/wp\/v2\/posts"}],"about":[{"href":"https:\/\/www.hoymercedes.com.ar\/principal\/wp-json\/wp\/v2\/types\/post"}],"author":[{"embeddable":true,"href":"https:\/\/www.hoymercedes.com.ar\/principal\/wp-json\/wp\/v2\/users\/1"}],"replies":[{"embeddable":true,"href":"https:\/\/www.hoymercedes.com.ar\/principal\/wp-json\/wp\/v2\/comments?post=41491"}],"version-history":[{"count":0,"href":"https:\/\/www.hoymercedes.com.ar\/principal\/wp-json\/wp\/v2\/posts\/41491\/revisions"}],"wp:featuredmedia":[{"embeddable":true,"href":"https:\/\/www.hoymercedes.com.ar\/principal\/wp-json\/wp\/v2\/media\/41492"}],"wp:attachment":[{"href":"https:\/\/www.hoymercedes.com.ar\/principal\/wp-json\/wp\/v2\/media?parent=41491"}],"wp:term":[{"taxonomy":"category","embeddable":true,"href":"https:\/\/www.hoymercedes.com.ar\/principal\/wp-json\/wp\/v2\/categories?post=41491"},{"taxonomy":"post_tag","embeddable":true,"href":"https:\/\/www.hoymercedes.com.ar\/principal\/wp-json\/wp\/v2\/tags?post=41491"}],"curies":[{"name":"wp","href":"https:\/\/api.w.org\/{rel}","templated":true}]}}