{"id":41518,"date":"2015-05-09T20:33:39","date_gmt":"2015-05-09T23:33:39","guid":{"rendered":"http:\/\/www.hoymercedes.com.ar\/principal\/?p=41518"},"modified":"2015-05-11T09:32:38","modified_gmt":"2015-05-11T12:32:38","slug":"ustarroz-gestiona-subsidio-de-la-fundacion-banco-nacion-para-el-isfdyt-7-en-un-nuevo-apoyo-a-la-educacion","status":"publish","type":"post","link":"https:\/\/www.hoymercedes.com.ar\/principal\/2015\/05\/09\/ustarroz-gestiona-subsidio-de-la-fundacion-banco-nacion-para-el-isfdyt-7-en-un-nuevo-apoyo-a-la-educacion\/","title":{"rendered":"Ustarroz gestiona subsidio de la Fundaci\u00f3n Banco Naci\u00f3n para el ISFDYT 7 en un nuevo apoyo a la educaci\u00f3n"},"content":{"rendered":"<p><a href=\"https:\/\/www.hoymercedes.com.ar\/principal\/wp-content\/uploads\/2015\/05\/ustsrroz-educacion.jpg\"><img loading=\"lazy\" decoding=\"async\" data-attachment-id=\"41519\" data-permalink=\"https:\/\/www.hoymercedes.com.ar\/principal\/2015\/05\/09\/ustarroz-gestiona-subsidio-de-la-fundacion-banco-nacion-para-el-isfdyt-7-en-un-nuevo-apoyo-a-la-educacion\/ustsrroz-educacion\/#main\" data-orig-file=\"https:\/\/www.hoymercedes.com.ar\/principal\/wp-content\/uploads\/2015\/05\/ustsrroz-educacion.jpg\" data-orig-size=\"620,465\" data-comments-opened=\"1\" data-image-meta=\"{&quot;aperture&quot;:&quot;0&quot;,&quot;credit&quot;:&quot;&quot;,&quot;camera&quot;:&quot;&quot;,&quot;caption&quot;:&quot;&quot;,&quot;created_timestamp&quot;:&quot;0&quot;,&quot;copyright&quot;:&quot;&quot;,&quot;focal_length&quot;:&quot;0&quot;,&quot;iso&quot;:&quot;0&quot;,&quot;shutter_speed&quot;:&quot;0&quot;,&quot;title&quot;:&quot;&quot;,&quot;orientation&quot;:&quot;0&quot;}\" data-image-title=\"ustsrroz-educacion\" data-image-description=\"\" data-image-caption=\"\" data-large-file=\"https:\/\/www.hoymercedes.com.ar\/principal\/wp-content\/uploads\/2015\/05\/ustsrroz-educacion.jpg\" class=\"Img2014 aligncenter wp-image-41519 size-full\" src=\"https:\/\/www.hoymercedes.com.ar\/principal\/wp-content\/uploads\/2015\/05\/ustsrroz-educacion.jpg\" alt=\"ustsrroz-educacion\" width=\"620\" height=\"465\" srcset=\"https:\/\/www.hoymercedes.com.ar\/principal\/wp-content\/uploads\/2015\/05\/ustsrroz-educacion.jpg 620w, https:\/\/www.hoymercedes.com.ar\/principal\/wp-content\/uploads\/2015\/05\/ustsrroz-educacion-150x113.jpg 150w, https:\/\/www.hoymercedes.com.ar\/principal\/wp-content\/uploads\/2015\/05\/ustsrroz-educacion-290x218.jpg 290w, https:\/\/www.hoymercedes.com.ar\/principal\/wp-content\/uploads\/2015\/05\/ustsrroz-educacion-50x38.jpg 50w\" sizes=\"auto, (max-width: 620px) 100vw, 620px\" \/><\/a><\/p>\n<p><em><strong>El presidente del bloque de concejales del Frente Mercedino para la Victoria, Juan Ignacio Ustarroz, resalt\u00f3 \u201cla necesidad de sostener la educaci\u00f3n como camino de construcci\u00f3n de un futuro cada vez mejor\u201d, tras gestionar un subsidio de 20 mil pesos de la Fundaci\u00f3n Banco Naci\u00f3n para el Instituto Superior de Formaci\u00f3n Docente y T\u00e9cnica n\u00b0 7 (ISFDyT 7).<\/strong><\/em><\/p>\n<p>\u201cLa educaci\u00f3n es una de las columnas para el crecimiento de una sociedad cada d\u00eda mejor y tanto desde nuestro espacio como desde la Fundaci\u00f3n Banco Naci\u00f3n, con la que tenemos una relaci\u00f3n excelente y de reciprocidad, tratamos de apoyar a la comunidad educativa de Mercedes en todo lo que est\u00e9 a nuestro alcance\u201d; explic\u00f3 Ustarroz.<\/p>\n<p>En la firma del convenio del subsidio, realizada este mi\u00e9rcoles y adem\u00e1s de Juani, estuvo la regente del Instituto, Martha Noem\u00ed Barbella.<\/p>\n<p>El convenio suscripto establece, adem\u00e1s de la entrega de un aporte de 20 mil pesos a la cooperadora del ISFDyT 7 (que se har\u00e1 efectivo dentro de los pr\u00f3ximos 30 d\u00edas, y la instituci\u00f3n deber\u00e1 usar en los 15 d\u00edas posteriores a la llegada de la transferencia del dinero), la asistencia y cooperaci\u00f3n rec\u00edproca entre el Frente Mercedino para la Victoria y la Fundaci\u00f3n Banco Naci\u00f3n para futuras gestiones en nuestra ciudad.<\/p>\n<p>\u201cCon nuestros equipos recorremos permanentemente las instituciones educativas de nuestra ciudad, escuchando las preocupaciones de autoridades, padres, docentes y los mismos alumnos y tratando de dar las respuestas que nos resultan posibles. En Mercedes contamos con un recurso humano excepcional y la educaci\u00f3n debe ocupar un lugar central en un proyecto de pa\u00eds y en un proyecto de ciudad\u201d, asegur\u00f3 Juani.<\/p>\n<p>Las autoridades del Instituto manifestaron su agradecimiento y adelantaron que el dinero ser\u00e1 destinado, muy probablemente, a la compra de un ca\u00f1\u00f3n proyector y mobiliario.<\/p>\n<p>Desde el Frente Mercedino para la Victoria se viene haciendo un trabajo incansable y sostenido con las escuelas del Partido, con el ejemplo saliente de lo que fue la renovaci\u00f3n total de los talleres del colegio Industrial tras gestiones de Ustarroz; del hoy Secretario General de la Presidencia, Eduardo de Pedro; y del diputado provincial Alberto Espa\u00f1a.<\/p>\n<p>Un aporte de una empresa al mismo Industrial; elementos para la pr\u00e1ctica deportiva a escuelas; entrega de 11 aulas digitales; la incorporaci\u00f3n de las escuelas p\u00fablicas al programa nacional de renovaci\u00f3n edilicia (por el que reciben 80 mil pesos cada una); la organizaci\u00f3n de una cena solidaria a beneficio de dos colegios y otra para hacer un aporte ecn\u00f3mico al Normal; charlas de orientaci\u00f3n vocacional cient\u00edfica con especialistas del CONICET; y la articulaci\u00f3n con otras fuerzas pol\u00edticas locales del programa La Juventud Pinta Bien, son otros de los ejemplos concretos del esfuerzo realizado por el espacio que conduce Juani Ustarroz a favor de la educaci\u00f3n.<\/p>\n<p>\u201cTambi\u00e9n pudimos hacer entrega de cientos de becas a estudiantes de todos los niveles y desde la ANSES llevamos adelante y con mucho \u00e9xito programas como el PROGRESAR o Conectar Igualdad, que son parte de una pol\u00edtica p\u00fablica que se impulsa desde el gobierno nacional con un \u00fanico objetivo: tener cada d\u00eda un pa\u00eds m\u00e1s justo, un futuro mejor\u201d, concluy\u00f3 el presidente del bloque de concejales del Frente Mercedino para la Victoria.<\/p>\n<p>&nbsp;<\/p>\n<p>&nbsp;<\/p>\n<p>&nbsp;<\/p>\n","protected":false},"excerpt":{"rendered":"<p>El presidente del bloque de concejales del Frente Mercedino para la Victoria, Juan Ignacio Ustarroz, resalt\u00f3 \u201cla necesidad de sostener &#8230; <a title=\"Ustarroz gestiona subsidio de la Fundaci\u00f3n Banco Naci\u00f3n para el ISFDYT 7 en un nuevo apoyo a la educaci\u00f3n\" class=\"read-more\" href=\"https:\/\/www.hoymercedes.com.ar\/principal\/2015\/05\/09\/ustarroz-gestiona-subsidio-de-la-fundacion-banco-nacion-para-el-isfdyt-7-en-un-nuevo-apoyo-a-la-educacion\/\" aria-label=\"Leer m\u00e1s sobre Ustarroz gestiona subsidio de la Fundaci\u00f3n Banco Naci\u00f3n para el ISFDYT 7 en un nuevo apoyo a la educaci\u00f3n\">Leer m\u00e1s<\/a><\/p>\n","protected":false},"author":1,"featured_media":41519,"comment_status":"open","ping_status":"open","sticky":false,"template":"","format":"standard","meta":{"_monsterinsights_skip_tracking":false,"_monsterinsights_sitenote_active":false,"_monsterinsights_sitenote_note":"","_monsterinsights_sitenote_category":0,"jetpack_post_was_ever_published":false,"_jetpack_newsletter_access":"","_jetpack_dont_email_post_to_subs":false,"_jetpack_newsletter_tier_id":0,"_jetpack_memberships_contains_paywalled_content":false,"_jetpack_memberships_contains_paid_content":false,"footnotes":"","jetpack_publicize_message":"","jetpack_publicize_feature_enabled":true,"jetpack_social_post_already_shared":true,"jetpack_social_options":{"image_generator_settings":{"template":"highway","default_image_id":0,"font":"","enabled":false},"version":2},"_wpas_customize_per_network":false},"categories":[23],"tags":[7299,585],"class_list":["post-41518","post","type-post","status-publish","format-standard","has-post-thumbnail","hentry","category-educacion","tag-isfdyt-7","tag-juan-ustarroz","generate-columns","tablet-grid-50","mobile-grid-100","grid-parent","grid-50"],"jetpack_publicize_connections":[],"jetpack_featured_media_url":"https:\/\/www.hoymercedes.com.ar\/principal\/wp-content\/uploads\/2015\/05\/ustsrroz-educacion.jpg","wps_subtitle":"Beneficio social","jetpack_sharing_enabled":true,"_links":{"self":[{"href":"https:\/\/www.hoymercedes.com.ar\/principal\/wp-json\/wp\/v2\/posts\/41518","targetHints":{"allow":["GET"]}}],"collection":[{"href":"https:\/\/www.hoymercedes.com.ar\/principal\/wp-json\/wp\/v2\/posts"}],"about":[{"href":"https:\/\/www.hoymercedes.com.ar\/principal\/wp-json\/wp\/v2\/types\/post"}],"author":[{"embeddable":true,"href":"https:\/\/www.hoymercedes.com.ar\/principal\/wp-json\/wp\/v2\/users\/1"}],"replies":[{"embeddable":true,"href":"https:\/\/www.hoymercedes.com.ar\/principal\/wp-json\/wp\/v2\/comments?post=41518"}],"version-history":[{"count":0,"href":"https:\/\/www.hoymercedes.com.ar\/principal\/wp-json\/wp\/v2\/posts\/41518\/revisions"}],"wp:featuredmedia":[{"embeddable":true,"href":"https:\/\/www.hoymercedes.com.ar\/principal\/wp-json\/wp\/v2\/media\/41519"}],"wp:attachment":[{"href":"https:\/\/www.hoymercedes.com.ar\/principal\/wp-json\/wp\/v2\/media?parent=41518"}],"wp:term":[{"taxonomy":"category","embeddable":true,"href":"https:\/\/www.hoymercedes.com.ar\/principal\/wp-json\/wp\/v2\/categories?post=41518"},{"taxonomy":"post_tag","embeddable":true,"href":"https:\/\/www.hoymercedes.com.ar\/principal\/wp-json\/wp\/v2\/tags?post=41518"}],"curies":[{"name":"wp","href":"https:\/\/api.w.org\/{rel}","templated":true}]}}