{"id":41532,"date":"2015-05-10T18:00:07","date_gmt":"2015-05-10T21:00:07","guid":{"rendered":"http:\/\/www.hoymercedes.com.ar\/principal\/?p=41532"},"modified":"2015-05-11T23:03:46","modified_gmt":"2015-05-12T02:03:46","slug":"cinematografico-camionero-armado-persecucion-en-un-corsa-y-detencion-en-oiivera","status":"publish","type":"post","link":"https:\/\/www.hoymercedes.com.ar\/principal\/2015\/05\/10\/cinematografico-camionero-armado-persecucion-en-un-corsa-y-detencion-en-oiivera\/","title":{"rendered":"Cinematogr\u00e1fico: Camionero armado, persecuci\u00f3n en un Corsa y detenci\u00f3n en OIivera"},"content":{"rendered":"<p><em><strong>Una situaci\u00f3n con todos los condimentos cinematogr\u00e1ficos se vivi\u00f3 en nuestra ciudad entre un camionero, un veh\u00edculo particular y un polic\u00eda que no se dej\u00f3 amedrentar. Persecuci\u00f3n por ruta N\u00b05, disparos y aprensi\u00f3n.<\/strong><\/em><\/p>\n<p>Todo se inici\u00f3 cuando el pasado s\u00e1bado personal policial toma conocimiento de que un conductor de un cami\u00f3n Mercedes Benz con su respectiva jaula ingresa a la Ruta Nacional N\u00b05, a la altura del km 107 sin prestar atenci\u00f3n del paso de un Chevrolet Corsa, conducido por un hombre de apellido Campos oriundo de La Plata quien viajaba con dos acompa\u00f1antes. El conductor del cami\u00f3n se lo encima al autom\u00f3vil al momento en que \u00e9ste intenta sobrepasarlo quedando detr\u00e1s del chasis siendo en ese momento cuando en el Corsa oyen detonaciones\u00a0 similares a las de un arma de fuego y observan fogonazos generando inmediatamente el pedido de auxilio y alerta a la polic\u00eda.<\/p>\n<p>La marcha de ambos protagonistas contin\u00faa hasta las cabinas del peaje de Olivera donde expresan la situaci\u00f3n al efectivo policial que all\u00ed se encontraba.<\/p>\n<p>El polic\u00eda, cumpliendo con su deber, se acerca al cami\u00f3n que permanec\u00eda en el lugar justo cuando retoma su marcha. Ante tal situaci\u00f3n el polic\u00eda regresa y solicita a los ocupantes del Corsa que lo lleven hasta alcanzar el cami\u00f3n que deja la ruta tomando el camino de colectora para subir al puente Olivera.<\/p>\n<p>En ese momento solicitan apoyo a los m\u00f3viles que se encontraban en la zona dada la actitud observada.<\/p>\n<p>Mientras tanto el cami\u00f3n sub\u00eda por el puente en cuesti\u00f3n, el efectivo policial en el veh\u00edculo de los damnificados, retoman hacia Mercedes, adelant\u00e1ndose al cami\u00f3n para hacerlo detener. Es as\u00ed que desciende del auto el efectivo, el cual se encontraba uniformado, y queda s\u00f3lo haciendo se\u00f1as para hacer detener al cami\u00f3n. El conductor del cami\u00f3n hace caso omiso al polic\u00eda y efect\u00faa un disparo de arma de fuego, siendo repelida la agresi\u00f3n por parte del uniformado.<\/p>\n<p>Nuevamente el polic\u00eda es auxiliado por los damnificados y trasladados hasta la estaci\u00f3n de Peaje de Olivera. Al arribar constatan que el conductor del cami\u00f3n gritaba que lo quer\u00edan asaltar.<\/p>\n<p>De inmediato se procede a la aprehensi\u00f3n de esta persona, identificada como un vecino de la ciudad de Luj\u00e1n. La polic\u00eda procedi\u00f3 a incautar un arma de fuego, resultando ser una pistola marca Bersa Thunder calibre 40 mm. Con 8 cartuchos intactos, y una vaina servida.<\/p>\n<p>El personal policial result\u00f3 ileso, al igual que los ocupantes del rodado en el cual iban los damnificados.<\/p>\n<p>Interviene UFI 6 Mercedes.<\/p>\n<p>&nbsp;<\/p>\n<p>&nbsp;<\/p>\n<p>&nbsp;<\/p>\n<p>&nbsp;<\/p>\n<p>&nbsp;<\/p>\n","protected":false},"excerpt":{"rendered":"<p>Una situaci\u00f3n con todos los condimentos cinematogr\u00e1ficos se vivi\u00f3 en nuestra ciudad entre un camionero, un veh\u00edculo particular y un &#8230; <a title=\"Cinematogr\u00e1fico: Camionero armado, persecuci\u00f3n en un Corsa y detenci\u00f3n en OIivera\" class=\"read-more\" href=\"https:\/\/www.hoymercedes.com.ar\/principal\/2015\/05\/10\/cinematografico-camionero-armado-persecucion-en-un-corsa-y-detencion-en-oiivera\/\" aria-label=\"Leer m\u00e1s sobre Cinematogr\u00e1fico: Camionero armado, persecuci\u00f3n en un Corsa y detenci\u00f3n en OIivera\">Leer m\u00e1s<\/a><\/p>\n","protected":false},"author":1,"featured_media":41413,"comment_status":"open","ping_status":"open","sticky":false,"template":"","format":"standard","meta":{"_monsterinsights_skip_tracking":false,"_monsterinsights_sitenote_active":false,"_monsterinsights_sitenote_note":"","_monsterinsights_sitenote_category":0,"jetpack_post_was_ever_published":false,"_jetpack_newsletter_access":"","_jetpack_dont_email_post_to_subs":false,"_jetpack_newsletter_tier_id":0,"_jetpack_memberships_contains_paywalled_content":false,"_jetpack_memberships_contains_paid_content":false,"footnotes":"","jetpack_publicize_message":"","jetpack_publicize_feature_enabled":true,"jetpack_social_post_already_shared":true,"jetpack_social_options":{"image_generator_settings":{"template":"highway","default_image_id":0,"font":"","enabled":false},"version":2},"_wpas_customize_per_network":false},"categories":[85],"tags":[7303],"class_list":["post-41532","post","type-post","status-publish","format-standard","has-post-thumbnail","hentry","category-policial","tag-persecucion-policial","generate-columns","tablet-grid-50","mobile-grid-100","grid-parent","grid-50"],"jetpack_publicize_connections":[],"jetpack_featured_media_url":"https:\/\/www.hoymercedes.com.ar\/principal\/wp-content\/uploads\/2015\/05\/bonaerense-policia.jpg","wps_subtitle":"Decidida actuaci\u00f3n policial","jetpack_sharing_enabled":true,"_links":{"self":[{"href":"https:\/\/www.hoymercedes.com.ar\/principal\/wp-json\/wp\/v2\/posts\/41532","targetHints":{"allow":["GET"]}}],"collection":[{"href":"https:\/\/www.hoymercedes.com.ar\/principal\/wp-json\/wp\/v2\/posts"}],"about":[{"href":"https:\/\/www.hoymercedes.com.ar\/principal\/wp-json\/wp\/v2\/types\/post"}],"author":[{"embeddable":true,"href":"https:\/\/www.hoymercedes.com.ar\/principal\/wp-json\/wp\/v2\/users\/1"}],"replies":[{"embeddable":true,"href":"https:\/\/www.hoymercedes.com.ar\/principal\/wp-json\/wp\/v2\/comments?post=41532"}],"version-history":[{"count":0,"href":"https:\/\/www.hoymercedes.com.ar\/principal\/wp-json\/wp\/v2\/posts\/41532\/revisions"}],"wp:featuredmedia":[{"embeddable":true,"href":"https:\/\/www.hoymercedes.com.ar\/principal\/wp-json\/wp\/v2\/media\/41413"}],"wp:attachment":[{"href":"https:\/\/www.hoymercedes.com.ar\/principal\/wp-json\/wp\/v2\/media?parent=41532"}],"wp:term":[{"taxonomy":"category","embeddable":true,"href":"https:\/\/www.hoymercedes.com.ar\/principal\/wp-json\/wp\/v2\/categories?post=41532"},{"taxonomy":"post_tag","embeddable":true,"href":"https:\/\/www.hoymercedes.com.ar\/principal\/wp-json\/wp\/v2\/tags?post=41532"}],"curies":[{"name":"wp","href":"https:\/\/api.w.org\/{rel}","templated":true}]}}