{"id":4154,"date":"2011-05-10T23:23:12","date_gmt":"2011-05-10T23:23:12","guid":{"rendered":"http:\/\/www.hoymercedes.com.ar\/principal\/?p=4154"},"modified":"2011-05-10T23:23:12","modified_gmt":"2011-05-10T23:23:12","slug":"la-noche-de-los-museos-mercedes-2011","status":"publish","type":"post","link":"https:\/\/www.hoymercedes.com.ar\/principal\/2011\/05\/10\/la-noche-de-los-museos-mercedes-2011\/","title":{"rendered":"La noche de los Museos Mercedes 2011"},"content":{"rendered":"<p>La Direcci\u00f3n de Cultura y Educaci\u00f3n de la Municipalidad de Mercedes informa el cronograma de actividades para el pr\u00f3ximo 18 de mayo en el marco de<\/p>\n<p>\u201cLa Noche de los Museos\u201d<\/p>\n<p>\u00b7        Inauguraci\u00f3n oficial: Mi\u00e9rcoles 18 de mayo en el Complejo Cultural Ameghino-Mar\u00edn a las 19hs con \u00abdenuevoestoydevuelta\u00bb, un proyecto que naci\u00f3 de la mano de  Javier Guerra y Julieta Umezawa a comienzos del 2008, momento en el que ambos m\u00fasicos se unieron para trabajar sobre canciones con ra\u00edces folkl\u00f3ricas y latinoamericanas de diferentes compositores incluyendo las propias compuestas por Javier.<\/p>\n<p>Enriqueciendo la sonoridad del d\u00fao guitarra-voz, se suma Dami\u00e1n Tessore en percusi\u00f3n y coros. Surgi\u00f3 as\u00ed, un repertorio de temas que incluyen zambas y chacareras del Cuchi Leguizam\u00f3n, composiciones de Ra\u00fal Carnota, del Duende Guernica, Ram\u00f3n Ayala, Juan Quintero, Jaime Roos, Homero y Virgilio Exp\u00f3sito,  Fito P\u00e1ez, Le\u00f3n Gieco, Sergio M\u00e9ndez, Tom Jobim, Vinicius de Moraes, entre otros.<\/p>\n<p>Realizaron presentaciones  en diferentes lugares de Buenos Aires y en contrataciones para eventos privados. A fines del 2008, el d\u00fao fue contratado para ofrecer shows en cadenas hoteleras internacionales en Shanghai, China.<\/p>\n<p>\u00b7        Complejo Cultural Ameghino-Mar\u00edn, 19hs: Inauguraci\u00f3n de la muestra \u201cLos dominios del Jaguar\u201d, directamente llegada desde Catamarca, donde, por ejemplo, se observa una clara interacci\u00f3n entre elementos naturales y sociales que llev\u00f3, entre otras cosas, a cierta uni\u00f3n de ideas y pr\u00e1cticas, especialmente ligadas al poder y a la religi\u00f3n. De este modo comienza un per\u00edodo que se caracteriza por la expansi\u00f3n de la denominada cultura La Aguada. Las investigaciones arqueol\u00f3gicas m\u00e1s recientes nos indican que en realidad no se trata de una sola cultura que se expandi\u00f3 y ocup\u00f3 un amplio territorio, sino de varias sociedades que adquirieron un nivel de organizaci\u00f3n socio-pol\u00edtica semejante y compartieron, en gran medida, una misma ideolog\u00eda religiosa, centralizada en la imagen o s\u00edmbolo del felino o jaguar.<\/p>\n<p>\u00b7        Museo Hist\u00f3rico V\u00edctor M\u00edguez, 19hs: Muestra evocativa sobre la educaci\u00f3n en Mercedes. Han pasado los a\u00f1os y al mirar aquellas im\u00e1genes pareciera que no las reconocemos. Las costumbres han cambiado y nos quedan estos recuerdos de la infancia, del pasado por la escuela, de cuando la vida escolar se iniciaba en el 1\u00ba grado, con el trazado de palotes para ablandar la mano y llegar al pr\u00f3ximo paso, que era hacer letras y dibujar llegando al delicado momento de escribir con tinta, donde nuestro amigo inseparable era el secante.<\/p>\n<p>21hs: Representaci\u00f3n dram\u00e1tica de \u201cBouquet de ausencias\u201d. La Nena M\u00edguez vive. La Nena M\u00edguez recuerda. La Nena M\u00edguez nos permite espiar en su universo intimo y nos hace c\u00f3mplices de su soledad. En un recorrido entre presente y pasado y utilizando la intertextualidad con Federico Garc\u00eda Lorca, la autora nos introduce en el mundo personal de Sof\u00eda M\u00edguez. Ese mundo desconocido por tantos y fabulados  por muchos. Direcci\u00f3n: Gabriela Lorusso.<\/p>\n<p>Hasta las 00hs y durante toda la velada habr\u00e1 visitas guiadas por el Museo.<\/p>\n<p>\u00b7        Centro Cultural Teatro Argentino Dr. Julio C. Gioscio, 19hs: Exposici\u00f3n de Artes pl\u00e1sticas de la Escuela de Arte N\u00ba 2<\/p>\n<p>Show de Lobo con Swing, un alegre rejunte de gitanos que las calles mercedinas unieron en una esquina. Una banda de pibes devenidos en se\u00f1ores gitanos de certero trajinar, de buena madera, de buen bar, firmes de temprana edad, tangueros, fiesteros, bluseros de campo y ciudad. A ese cuerpo lo revolotean un clarinete jud\u00edo  y una voz de Gibraltar. Paloma de Berl\u00edn y Valeria Cini, a quienes deben conocer. El cuerpo del lobo son: Valeria Cini \u2013 Voz, Adri\u00e1n \u201cPato\u201d Literas \u2013 Arm\u00f3nica y  Guitarra R\u00edtmica, Paloma Schachmann \u2013 Clarinete, Joaqu\u00edn Romero \u2013 Guitarra Voladora, Esteban Fauri \u2013 Bajo, Andr\u00e9s Santarsiero  \u2013 Contrabajo y Maunel Mi\u00f1o \u2013 Percusi\u00f3n<\/p>\n<p>En todos los casos, los espect\u00e1culos son gratuitos y\/o a la gorra. Los esperamos a todos.<\/p>\n<p><span style=\"color: #888888;\">Fuente: Municipio<\/span><\/p>\n<p>&nbsp;<\/p>\n","protected":false},"excerpt":{"rendered":"<p>La Direcci\u00f3n de Cultura y Educaci\u00f3n de la Municipalidad de Mercedes informa el cronograma de actividades para el pr\u00f3ximo 18 &#8230; <a title=\"La noche de los Museos Mercedes 2011\" class=\"read-more\" href=\"https:\/\/www.hoymercedes.com.ar\/principal\/2011\/05\/10\/la-noche-de-los-museos-mercedes-2011\/\" aria-label=\"Leer m\u00e1s sobre La noche de los Museos Mercedes 2011\">Leer m\u00e1s<\/a><\/p>\n","protected":false},"author":1,"featured_media":0,"comment_status":"open","ping_status":"open","sticky":false,"template":"","format":"standard","meta":{"_monsterinsights_skip_tracking":false,"_monsterinsights_sitenote_active":false,"_monsterinsights_sitenote_note":"","_monsterinsights_sitenote_category":0,"jetpack_post_was_ever_published":false,"_jetpack_newsletter_access":"","_jetpack_dont_email_post_to_subs":false,"_jetpack_newsletter_tier_id":0,"_jetpack_memberships_contains_paywalled_content":false,"_jetpack_memberships_contains_paid_content":false,"footnotes":"","jetpack_publicize_message":"","jetpack_publicize_feature_enabled":true,"jetpack_social_post_already_shared":false,"jetpack_social_options":{"image_generator_settings":{"template":"highway","default_image_id":0,"font":"","enabled":false},"version":2},"_wpas_customize_per_network":false},"categories":[104,30],"tags":[787],"class_list":["post-4154","post","type-post","status-publish","format-standard","hentry","category-cultura","category-municipio","tag-noche-de-los-museos-mercedes","generate-columns","tablet-grid-50","mobile-grid-100","grid-parent","grid-50"],"jetpack_publicize_connections":[],"jetpack_featured_media_url":"","wps_subtitle":"","jetpack_sharing_enabled":true,"_links":{"self":[{"href":"https:\/\/www.hoymercedes.com.ar\/principal\/wp-json\/wp\/v2\/posts\/4154","targetHints":{"allow":["GET"]}}],"collection":[{"href":"https:\/\/www.hoymercedes.com.ar\/principal\/wp-json\/wp\/v2\/posts"}],"about":[{"href":"https:\/\/www.hoymercedes.com.ar\/principal\/wp-json\/wp\/v2\/types\/post"}],"author":[{"embeddable":true,"href":"https:\/\/www.hoymercedes.com.ar\/principal\/wp-json\/wp\/v2\/users\/1"}],"replies":[{"embeddable":true,"href":"https:\/\/www.hoymercedes.com.ar\/principal\/wp-json\/wp\/v2\/comments?post=4154"}],"version-history":[{"count":0,"href":"https:\/\/www.hoymercedes.com.ar\/principal\/wp-json\/wp\/v2\/posts\/4154\/revisions"}],"wp:attachment":[{"href":"https:\/\/www.hoymercedes.com.ar\/principal\/wp-json\/wp\/v2\/media?parent=4154"}],"wp:term":[{"taxonomy":"category","embeddable":true,"href":"https:\/\/www.hoymercedes.com.ar\/principal\/wp-json\/wp\/v2\/categories?post=4154"},{"taxonomy":"post_tag","embeddable":true,"href":"https:\/\/www.hoymercedes.com.ar\/principal\/wp-json\/wp\/v2\/tags?post=4154"}],"curies":[{"name":"wp","href":"https:\/\/api.w.org\/{rel}","templated":true}]}}