{"id":41560,"date":"2015-05-11T21:18:01","date_gmt":"2015-05-12T00:18:01","guid":{"rendered":"http:\/\/www.hoymercedes.com.ar\/principal\/?p=41560"},"modified":"2015-05-12T22:33:09","modified_gmt":"2015-05-13T01:33:09","slug":"perazzo-propone-crear-la-agencia-de-empleo-y-desarrollo-productivo-municipal","status":"publish","type":"post","link":"https:\/\/www.hoymercedes.com.ar\/principal\/2015\/05\/11\/perazzo-propone-crear-la-agencia-de-empleo-y-desarrollo-productivo-municipal\/","title":{"rendered":"Perazzo propone crear la Agencia de Empleo y Desarrollo Productivo municipal"},"content":{"rendered":"<p><a href=\"https:\/\/www.hoymercedes.com.ar\/principal\/wp-content\/uploads\/2015\/05\/pabloperazzo.jpg\"><img loading=\"lazy\" decoding=\"async\" data-attachment-id=\"41561\" data-permalink=\"https:\/\/www.hoymercedes.com.ar\/principal\/2015\/05\/11\/perazzo-propone-crear-la-agencia-de-empleo-y-desarrollo-productivo-municipal\/pabloperazzo\/#main\" data-orig-file=\"https:\/\/www.hoymercedes.com.ar\/principal\/wp-content\/uploads\/2015\/05\/pabloperazzo.jpg\" data-orig-size=\"620,620\" data-comments-opened=\"1\" data-image-meta=\"{&quot;aperture&quot;:&quot;0&quot;,&quot;credit&quot;:&quot;&quot;,&quot;camera&quot;:&quot;&quot;,&quot;caption&quot;:&quot;&quot;,&quot;created_timestamp&quot;:&quot;0&quot;,&quot;copyright&quot;:&quot;&quot;,&quot;focal_length&quot;:&quot;0&quot;,&quot;iso&quot;:&quot;0&quot;,&quot;shutter_speed&quot;:&quot;0&quot;,&quot;title&quot;:&quot;&quot;,&quot;orientation&quot;:&quot;0&quot;}\" data-image-title=\"pabloperazzo\" data-image-description=\"\" data-image-caption=\"\" data-large-file=\"https:\/\/www.hoymercedes.com.ar\/principal\/wp-content\/uploads\/2015\/05\/pabloperazzo.jpg\" class=\"Img2014 aligncenter wp-image-41561 size-full\" title=\"Pablo Perazzo, Scioli y Perazzo Mercedes, Pablo Perazzo Mercedes\" src=\"https:\/\/www.hoymercedes.com.ar\/principal\/wp-content\/uploads\/2015\/05\/pabloperazzo.jpg\" alt=\"pabloperazzo\" width=\"620\" height=\"620\" srcset=\"https:\/\/www.hoymercedes.com.ar\/principal\/wp-content\/uploads\/2015\/05\/pabloperazzo.jpg 620w, https:\/\/www.hoymercedes.com.ar\/principal\/wp-content\/uploads\/2015\/05\/pabloperazzo-150x150.jpg 150w, https:\/\/www.hoymercedes.com.ar\/principal\/wp-content\/uploads\/2015\/05\/pabloperazzo-290x290.jpg 290w, https:\/\/www.hoymercedes.com.ar\/principal\/wp-content\/uploads\/2015\/05\/pabloperazzo-50x50.jpg 50w\" sizes=\"auto, (max-width: 620px) 100vw, 620px\" \/><\/a><\/p>\n<p><em><span style=\"font-family: arial, helvetica, sans-serif;\"><strong>Preocupado por la falta de oportunidades de empleo y la necesidad de un desarrollo\u00a0productivo en la ciudad, Pablo Perazzo propone la creaci\u00f3n de una Agencia descentralizada municipal que fomente el desarrollo econ\u00f3mico, favorezca\u00a0la actividad productiva y la creaci\u00f3n de fuentes laborales. \u00a0<\/strong><\/span><\/em><\/p>\n<p><span style=\"font-family: arial, helvetica, sans-serif;\">El s\u00e1bado pasado en el Local partidario de la Agrupaci\u00f3n Leales a Per\u00f3n, el Contador<span lang=\"ES\">\u00a0<b>Pablo Perazzo<\/b>\u00a0anunci\u00f3, junto a un grupo de profesionales de esa agrupaci\u00f3n, que\u00a0presentar\u00e1 la pr\u00f3xima semana ante el Honorable Concejo Deliberante, un proyecto de ordenanza en el cual propone la creaci\u00f3n de la\u00a0<\/span>Agencia de Empleo y\u00a0Desarrollo Productivo en nuestra ciudad. Dicha entidad ser\u00eda un organismo descentralizado del municipio para la\u00a0formulaci\u00f3n, ejecuci\u00f3n y supervisi\u00f3n de pol\u00edticas, planes y proyectos que favorezcan el desarrollo econ\u00f3mico y productivo del Partido de Mercedes. Al mismo tiempo mencion\u00f3, que esta propuesta ser\u00eda la primera de una serie de proyectos que semanalmente se ir\u00edan dando a conocer desde ese espacio pol\u00edtico.<\/span><\/p>\n<div class=\"citando\">Perazzo: \u00abel principal problema de nuestra ciudad es la falta de empleo\u00bb<\/div>\n<p><span style=\"font-family: arial, helvetica, sans-serif;\"><b><span lang=\"ES\">Pablo Perazzo<\/span><\/b><span lang=\"ES\">, cuenta con una amplia experiencia en pol\u00edticas de creaci\u00f3n de empleo y desarrollo productivo, ya que desde Joven particip\u00f3 ad honorem en entidades que fomentan estas herramientas tales como la Uni\u00f3n Industrial de la Provincia de Buenos Aires, la Uni\u00f3n Argentina de J\u00f3venes Emprendedores y la C\u00e1mara\u00a0Econ\u00f3mica\u00a0Mercedina donde es Vicepresidente, adem\u00e1s de estar a cargo, en la actualidad, de la Gerencia General del Fondo de Garant\u00edas de la Provincia de Buenos Aires entidad que depende del Ministerio de Producci\u00f3n.<\/span><\/span><\/p>\n<p><span style=\"font-family: arial, helvetica, sans-serif;\">Los principales objetivos de esta Agencia ser\u00edan\u00a0<span lang=\"ES\">impulsar el desarrollo econ\u00f3mico local, apoyar a los agentes econ\u00f3micos\u00a0para lograr la expansi\u00f3n de sus actividades productivas o de comercializaci\u00f3n, la generaci\u00f3n de nuevos puestos de trabajo, la asistencia a los productores locales en el aprovechamiento de\u00a0\u00a0las\u00a0\u00a0oportunidades de financiamiento, entre otras. Para ello, la Agencia de Empleo y Desarrollo Productivo, implementar\u00e1 pol\u00edticas de promoci\u00f3n de la producci\u00f3n industrial, comercial, agropecuaria y el turismo y la creaci\u00f3n de una marca e imagen asociada a la ciudad, que certifique la exce\u00adlencia de los productos locales, con el fin de desarrollar factores de diferenciaci\u00f3n que favorezcan la actividad productiva. Adem\u00e1s, la ordenanza\u00a0plantea un sistema de trabajo coordinado con entidades locales como la C\u00e1mara Econ\u00f3mica, el Sector Industrial Planificado, la Sociedad Rural, los Colegios y Consejos profesionales, los Sindicatos y las Instituciones Educativas.<\/span><\/span><\/p>\n<p><span style=\"font-family: arial, helvetica, sans-serif;\"><span lang=\"ES\"><span style=\"color: #000000;\">Respecto a esta propuesta,\u00a0<\/span><b>Perazzo<\/b><span style=\"color: #000000;\">\u00a0se\u00f1al\u00f3:\u00a0<\/span><em><span style=\"color: #000000;\">\u201c<wbr \/>Hace tiempo que venimos expresando que, contrariamente a lo que ocurre en el\u00a0\u00e1mbito\u00a0nacional y\u00a0provincial, el principal problema de nuestra ciudad\u00a0<\/span><\/em><\/span><em>es la falta de empleo. Esto, provoca que en muchas familias haya mercedino que no tenga trabajo o que si bien han conseguido alguno de manera informal, tengan salarios muy bajos o que otros deban desplazarse hacia localidades vecinas para conseguir\u00a0un empleo digno.\u00a0Por ello, tras un exhaustivo trabajo de investigaci\u00f3n en localidades vecinas, desarrollamos una propuesta, obtenida de casos exitosos dentro de la provincia de Buenos Aires, donde ciudades que no tienen la suerte de la nuestra\u00a0de tener un gran n\u00famero de empleos p\u00fablicos, igualmente han podido crear las condiciones para que sus habitantes pudieran desarrollarse. Considerando la ventaja comparativa que esto significa,\u00a0sumado a las posibilidades\u00a0de nuestra ciudad en t\u00e9rminos geogr\u00e1ficos por la cercan\u00eda a la Capital Federal y el Conurbano Bonaerense, adem\u00e1s de lo que significa contar con la posibilidad\u00a0que tiene Mercedes\u00a0en t\u00e9rminos de\u00a0log\u00edstica y de transporte \u00a0ferroviario<\/em><em>\u00a0y la ubicaci\u00f3n central\u00a0hacia los\u00a0puertos m\u00e1s importantes del pa\u00eds, condiciones necesarias y vitales que se observan cuando existen casos de desarrollo superlativo de las\u00a0<\/em><em>econom\u00edas locales, creemos que la agencia ser\u00eda la instituci\u00f3n que dar\u00eda la impronta para que desde un municipio moderno y presente, se genere una sinergia entre lo p\u00fablico y lo privado para fortalecer la producci\u00f3n y el empleo\u00bb.<\/em><\/span><\/p>\n<p><span style=\"font-family: arial, helvetica, sans-serif;\">Asimismo el nieto del ex intendente Gioscio manifest\u00f3<em>, \u00abesta propuesta ser\u00e1 presentada en el Concejo Deliberante,\u00a0a disposici\u00f3n para que otras fuerzas la estudien, \u00a0para que sea tratada por los ediles, se convoque a entidades de la producci\u00f3n y desde un trabajo\u00a0plural podamos lograr el objetivo de conseguir mayor cantidad de fuentes de trabajo para los Mercedinos\u00bb,\u00a0<\/em>sostuvo. \u00a0\u00a0<\/span><\/p>\n<p>&nbsp;<\/p>\n<p>&nbsp;<\/p>\n<p>&nbsp;<\/p>\n<p>&nbsp;<\/p>\n<p>&nbsp;<\/p>\n","protected":false},"excerpt":{"rendered":"<p>Preocupado por la falta de oportunidades de empleo y la necesidad de un desarrollo\u00a0productivo en la ciudad, Pablo Perazzo propone &#8230; <a title=\"Perazzo propone crear la Agencia de Empleo y Desarrollo Productivo municipal\" class=\"read-more\" href=\"https:\/\/www.hoymercedes.com.ar\/principal\/2015\/05\/11\/perazzo-propone-crear-la-agencia-de-empleo-y-desarrollo-productivo-municipal\/\" aria-label=\"Leer m\u00e1s sobre Perazzo propone crear la Agencia de Empleo y Desarrollo Productivo municipal\">Leer m\u00e1s<\/a><\/p>\n","protected":false},"author":1,"featured_media":41561,"comment_status":"open","ping_status":"open","sticky":false,"template":"","format":"standard","meta":{"_monsterinsights_skip_tracking":false,"_monsterinsights_sitenote_active":false,"_monsterinsights_sitenote_note":"","_monsterinsights_sitenote_category":0,"jetpack_post_was_ever_published":false,"_jetpack_newsletter_access":"","_jetpack_dont_email_post_to_subs":false,"_jetpack_newsletter_tier_id":0,"_jetpack_memberships_contains_paywalled_content":false,"_jetpack_memberships_contains_paid_content":false,"footnotes":"","jetpack_publicize_message":"","jetpack_publicize_feature_enabled":true,"jetpack_social_post_already_shared":true,"jetpack_social_options":{"image_generator_settings":{"template":"highway","default_image_id":0,"font":"","enabled":false},"version":2},"_wpas_customize_per_network":false},"categories":[5],"tags":[1504,1505,7310,7309],"class_list":["post-41560","post","type-post","status-publish","format-standard","has-post-thumbnail","hentry","category-politica","tag-leales-a-peron","tag-pablo-perazzo","tag-pablo-perazzo-mercedes","tag-scioli-y-perazzo-mercedes","generate-columns","tablet-grid-50","mobile-grid-100","grid-parent","grid-50"],"jetpack_publicize_connections":[],"jetpack_featured_media_url":"https:\/\/www.hoymercedes.com.ar\/principal\/wp-content\/uploads\/2015\/05\/pabloperazzo.jpg","wps_subtitle":"Leales a Per\u00f3n","jetpack_sharing_enabled":true,"jetpack-related-posts":[{"id":69744,"url":"https:\/\/www.hoymercedes.com.ar\/principal\/2017\/11\/17\/saludan-al-militante-peronista-en-su-dia\/","url_meta":{"origin":41560,"position":0},"title":"Saludan al militante peronista en su dia","author":"hoymercedes","date":"17 noviembre, 2017","format":false,"excerpt":"El diputado nacional Carlos Selva desde la Agrupaci\u00f3n 17 de octubre y Pablo Perazzo desde \"Leales a Per\u00f3n\" saludan a los militantes en su d\u00eda.","rel":"","context":"En \u00abPol\u00edtica\u00bb","block_context":{"text":"Pol\u00edtica","link":"https:\/\/www.hoymercedes.com.ar\/principal\/category\/politica\/"},"img":{"alt_text":"","src":"https:\/\/i0.wp.com\/www.hoymercedes.com.ar\/principal\/wp-content\/uploads\/2017\/11\/dia-del-militante.jpg?resize=350%2C200&ssl=1","width":350,"height":200,"srcset":"https:\/\/i0.wp.com\/www.hoymercedes.com.ar\/principal\/wp-content\/uploads\/2017\/11\/dia-del-militante.jpg?resize=350%2C200&ssl=1 1x, https:\/\/i0.wp.com\/www.hoymercedes.com.ar\/principal\/wp-content\/uploads\/2017\/11\/dia-del-militante.jpg?resize=525%2C300&ssl=1 1.5x"},"classes":[]},{"id":3350,"url":"https:\/\/www.hoymercedes.com.ar\/principal\/2011\/04\/10\/%e2%80%9cleales-a-peron%e2%80%9d-volvio-a-manifestar-su-apoyo-a-juani-ustarroz\/","url_meta":{"origin":41560,"position":1},"title":"\u201cLeales a Per\u00f3n\u201d volvi\u00f3 a manifestar su apoyo a Juani Ustarroz","author":"hoymercedes","date":"10 abril, 2011","format":false,"excerpt":"La agrupaci\u00f3n Leales a Per\u00f3n, liderada por Pablo Perazzo y Eduardo Cerulli, que desde el nacimiento del Frente Mercedino Para la Victoria, apoya a Ustarroz, realiz\u00f3 una cena renovando la adhesi\u00f3n al precandidato a Intendente Desde el nacimiento del Frente Mercedino Para la Victoria, la agrupaci\u00f3n Leales a Per\u00f3n, liderada\u2026","rel":"","context":"En \u00abOpini\u00f3n\u00bb","block_context":{"text":"Opini\u00f3n","link":"https:\/\/www.hoymercedes.com.ar\/principal\/category\/opinion\/"},"img":{"alt_text":"","src":"https:\/\/i0.wp.com\/www.hoymercedes.com.ar\/principal\/wp-content\/uploads\/2011\/04\/ustarroz.jpg?resize=350%2C200","width":350,"height":200},"classes":[]},{"id":2302,"url":"https:\/\/www.hoymercedes.com.ar\/principal\/2011\/02\/19\/la-agrupacion-leales-a-peron-paso-a-integrar-el-movimiento-mercedino-para-la-victoria\/","url_meta":{"origin":41560,"position":2},"title":"La Agrupaci\u00f3n Leales a Per\u00f3n paso a integrar el Movimiento Mercedino para la Victoria","author":"hoymercedes","date":"19 febrero, 2011","format":false,"excerpt":"Tal vez la noticia pol\u00edtica m\u00e1s importante de la semana haya sido para algunos la\u00a0 decisi\u00f3n de\u00a0 los responsables de la Agrupaci\u00f3n Justicialista Leales a Peron que comandaban el nieto del ex Intendente Julio C\u00e9sar Gioscio junto al legendario pero aun actiovo Eduardo Cerulli de conocida trayectoria sobre todo en\u2026","rel":"","context":"En \u00abOpini\u00f3n\u00bb","block_context":{"text":"Opini\u00f3n","link":"https:\/\/www.hoymercedes.com.ar\/principal\/category\/opinion\/"},"img":{"alt_text":"","src":"","width":0,"height":0},"classes":[]},{"id":64161,"url":"https:\/\/www.hoymercedes.com.ar\/principal\/2017\/06\/25\/pablo-perazzo-candidato-a-concejal-dentro-de-cumplir\/","url_meta":{"origin":41560,"position":3},"title":"Pablo Perazzo pre candidato a concejal dentro de CUMPLIR","author":"hoymercedes","date":"25 junio, 2017","format":false,"excerpt":"La Agrupaci\u00f3n \"Leales a Per\u00f3n\" que lidera Pablo Perazzo confirm\u00f3 su lista de pre candidatos locales para las Primarias Abiertas Simult\u00e1neas Obligatorias para el mes de agosto. Dentro del frente que lleva a Florencio Randazzo como candidato a Senador de la provincia de Buenos Aires, CUMPLIR. \u00a0Desde\u00a0Cumplir Mercedes expresaron \"orgullosos\u2026","rel":"","context":"En \u00abPol\u00edtica\u00bb","block_context":{"text":"Pol\u00edtica","link":"https:\/\/www.hoymercedes.com.ar\/principal\/category\/politica\/"},"img":{"alt_text":"","src":"https:\/\/i0.wp.com\/www.hoymercedes.com.ar\/principal\/wp-content\/uploads\/2017\/06\/25-Pablo-Perazzo.jpg?resize=350%2C200&ssl=1","width":350,"height":200,"srcset":"https:\/\/i0.wp.com\/www.hoymercedes.com.ar\/principal\/wp-content\/uploads\/2017\/06\/25-Pablo-Perazzo.jpg?resize=350%2C200&ssl=1 1x, https:\/\/i0.wp.com\/www.hoymercedes.com.ar\/principal\/wp-content\/uploads\/2017\/06\/25-Pablo-Perazzo.jpg?resize=525%2C300&ssl=1 1.5x"},"classes":[]},{"id":41929,"url":"https:\/\/www.hoymercedes.com.ar\/principal\/2015\/05\/26\/pablo-perazzo-quiere-implementar-mercedes-en-tus-manos\/","url_meta":{"origin":41560,"position":4},"title":"Pablo Perazzo quiere implementar \u00abMercedes en tus manos\u00bb","author":"hoymercedes","date":"26 mayo, 2015","format":false,"excerpt":"Present\u00f3 una aplicaci\u00f3n donde el vecino, a trav\u00e9s de su celular, tendr\u00e1 incidencia y participaci\u00f3n sobre los diferentes servicios que brinda el municipio. Pablo Perazzo hizo p\u00fablica una nueva propuesta esta vez direccionada a la utilizaci\u00f3n de las nuevas tecnolog\u00edas. Esta iniciativa, se suma a las presentadas en semanas anteriores\u2026","rel":"","context":"En \u00abPol\u00edtica\u00bb","block_context":{"text":"Pol\u00edtica","link":"https:\/\/www.hoymercedes.com.ar\/principal\/category\/politica\/"},"img":{"alt_text":"","src":"https:\/\/i0.wp.com\/www.hoymercedes.com.ar\/principal\/wp-content\/uploads\/2015\/05\/pabloperazzo.jpg?resize=350%2C200&ssl=1","width":350,"height":200,"srcset":"https:\/\/i0.wp.com\/www.hoymercedes.com.ar\/principal\/wp-content\/uploads\/2015\/05\/pabloperazzo.jpg?resize=350%2C200&ssl=1 1x, https:\/\/i0.wp.com\/www.hoymercedes.com.ar\/principal\/wp-content\/uploads\/2015\/05\/pabloperazzo.jpg?resize=525%2C300&ssl=1 1.5x"},"classes":[]},{"id":96134,"url":"https:\/\/www.hoymercedes.com.ar\/principal\/2019\/07\/03\/pablo-perazzo-sera-candidato-a-diputado-nacional\/","url_meta":{"origin":41560,"position":5},"title":"Pablo Perazzo precandidato a Diputado Nacional","author":"hoymercedes","date":"3 julio, 2019","format":false,"excerpt":"El referente de la Agrupaci\u00f3n Leales a Peron, nieto mayor del ex Intendente Julio C. Gioscio, Pablo Perazzo, fue confirmado en la n\u00f3mina de candidatos a diputados nacionales en el octavo lugar de Consenso Federal que encabeza Roberto Lavagna como candidato a Presidente. \"Es una gran responsabilidad y un gran\u2026","rel":"","context":"En \u00abPol\u00edtica\u00bb","block_context":{"text":"Pol\u00edtica","link":"https:\/\/www.hoymercedes.com.ar\/principal\/category\/politica\/"},"img":{"alt_text":"","src":"https:\/\/i0.wp.com\/www.hoymercedes.com.ar\/principal\/wp-content\/uploads\/2017\/06\/25-Pablo-Perazzo.jpg?resize=350%2C200&ssl=1","width":350,"height":200,"srcset":"https:\/\/i0.wp.com\/www.hoymercedes.com.ar\/principal\/wp-content\/uploads\/2017\/06\/25-Pablo-Perazzo.jpg?resize=350%2C200&ssl=1 1x, https:\/\/i0.wp.com\/www.hoymercedes.com.ar\/principal\/wp-content\/uploads\/2017\/06\/25-Pablo-Perazzo.jpg?resize=525%2C300&ssl=1 1.5x"},"classes":[]}],"_links":{"self":[{"href":"https:\/\/www.hoymercedes.com.ar\/principal\/wp-json\/wp\/v2\/posts\/41560","targetHints":{"allow":["GET"]}}],"collection":[{"href":"https:\/\/www.hoymercedes.com.ar\/principal\/wp-json\/wp\/v2\/posts"}],"about":[{"href":"https:\/\/www.hoymercedes.com.ar\/principal\/wp-json\/wp\/v2\/types\/post"}],"author":[{"embeddable":true,"href":"https:\/\/www.hoymercedes.com.ar\/principal\/wp-json\/wp\/v2\/users\/1"}],"replies":[{"embeddable":true,"href":"https:\/\/www.hoymercedes.com.ar\/principal\/wp-json\/wp\/v2\/comments?post=41560"}],"version-history":[{"count":0,"href":"https:\/\/www.hoymercedes.com.ar\/principal\/wp-json\/wp\/v2\/posts\/41560\/revisions"}],"wp:featuredmedia":[{"embeddable":true,"href":"https:\/\/www.hoymercedes.com.ar\/principal\/wp-json\/wp\/v2\/media\/41561"}],"wp:attachment":[{"href":"https:\/\/www.hoymercedes.com.ar\/principal\/wp-json\/wp\/v2\/media?parent=41560"}],"wp:term":[{"taxonomy":"category","embeddable":true,"href":"https:\/\/www.hoymercedes.com.ar\/principal\/wp-json\/wp\/v2\/categories?post=41560"},{"taxonomy":"post_tag","embeddable":true,"href":"https:\/\/www.hoymercedes.com.ar\/principal\/wp-json\/wp\/v2\/tags?post=41560"}],"curies":[{"name":"wp","href":"https:\/\/api.w.org\/{rel}","templated":true}]}}