{"id":41570,"date":"2015-05-12T00:05:29","date_gmt":"2015-05-12T03:05:29","guid":{"rendered":"http:\/\/www.hoymercedes.com.ar\/principal\/?p=41570"},"modified":"2015-05-20T13:42:55","modified_gmt":"2015-05-20T16:42:55","slug":"selva-lamento-el-alejamiento-de-giustozzi-pero-critico-la-postura-que-tomo","status":"publish","type":"post","link":"https:\/\/www.hoymercedes.com.ar\/principal\/2015\/05\/12\/selva-lamento-el-alejamiento-de-giustozzi-pero-critico-la-postura-que-tomo\/","title":{"rendered":"Selva lament\u00f3 el alejamiento de Giustozzi, pero, critic\u00f3 la postura que tom\u00f3 por que \u00abno bajamos otro candidato\u00bb"},"content":{"rendered":"<p><em><strong>El intendente Carlos Selva lament\u00f3 el alejamiento de Dar\u00edo Giustozzi, sin embargo, aclarando que no le parece \u201cacertada la decisi\u00f3n que tom\u00f3 y menos por el motivo por el cual lo hizo y es que no bajemos otro candidato a gobernador\u201d, afirm\u00f3.<\/strong><\/em><\/p>\n<p>El primer mandatario local siempre acompa\u00f1\u00f3 a <strong>Dar\u00edo Giustozzi,<\/strong> pero, tambi\u00e9n a otras expresiones internas del <strong>Frente Renovador<\/strong>, como lo es <strong>Francisco De Narv\u00e1ez<\/strong> quien recordemos visit\u00f3 dos veces Mercedes en el \u00faltimo tiempo, siendo una de ellas en los Carnavales.<\/p>\n<p>\u201cEvidentemente ten\u00eda la decisi\u00f3n masticada\u201d afirm\u00f3 Selva sobre el alejamiento que se dio \u201cal no poder terminar de cerrar algo que personalmente no compart\u00eda y es la idea que hubiese un s\u00f3lo candidato del Frente Renovador\u201d para la gobernaci\u00f3n bonaerense.<\/p>\n<div class=\"citando\">Carlos Selva tambi\u00e9n fue duro con Dar\u00edo Giustozzi tras alejarse del Frente Renovador. Sostuvo que prim\u00f3 su posici\u00f3n personal&#8230;<\/div>\n<p>Selva desde siempre sostuvo que deber\u00edan darse m\u00e1s de un opci\u00f3n y esa idea parece haber marcado una discrepancia con el Diputado Nacional y ex intendente de Almirante Brown. Desde las visitas de <strong>De Narvaez<\/strong> el tema se puso en el debate pol\u00edtico local como posible y ahora se concret\u00f3.<\/p>\n<p>Selva tambi\u00e9n dej\u00f3 de lado su afinidad con <strong>Giustozzi,<\/strong> sin negar la relaci\u00f3n que los une, pero critic\u00e1ndolo: \u201clamentablemente Dar\u00edo lo vio de otra forma, crey\u00f3 que <strong>Sergio Massa<\/strong> ten\u00eda que bajar a Francisco De Narv\u00e1ez de su candidatura\u00a0 y su aspiraci\u00f3n a gobernador y esto fue tensando la soga\u201d, remarc\u00f3.<\/p>\n<p>&nbsp;<\/p>\n<p>&nbsp;<\/p>\n","protected":false},"excerpt":{"rendered":"<p>El intendente Carlos Selva lament\u00f3 el alejamiento de Dar\u00edo Giustozzi, sin embargo, aclarando que no le parece \u201cacertada la decisi\u00f3n &#8230; <a title=\"Selva lament\u00f3 el alejamiento de Giustozzi, pero, critic\u00f3 la postura que tom\u00f3 por que \u00abno bajamos otro candidato\u00bb\" class=\"read-more\" href=\"https:\/\/www.hoymercedes.com.ar\/principal\/2015\/05\/12\/selva-lamento-el-alejamiento-de-giustozzi-pero-critico-la-postura-que-tomo\/\" aria-label=\"Leer m\u00e1s sobre Selva lament\u00f3 el alejamiento de Giustozzi, pero, critic\u00f3 la postura que tom\u00f3 por que \u00abno bajamos otro candidato\u00bb\">Leer m\u00e1s<\/a><\/p>\n","protected":false},"author":1,"featured_media":30272,"comment_status":"open","ping_status":"open","sticky":false,"template":"","format":"standard","meta":{"_monsterinsights_skip_tracking":false,"_monsterinsights_sitenote_active":false,"_monsterinsights_sitenote_note":"","_monsterinsights_sitenote_category":0,"jetpack_post_was_ever_published":false,"_jetpack_newsletter_access":"","_jetpack_dont_email_post_to_subs":false,"_jetpack_newsletter_tier_id":0,"_jetpack_memberships_contains_paywalled_content":false,"_jetpack_memberships_contains_paid_content":false,"footnotes":"","jetpack_publicize_message":"","jetpack_publicize_feature_enabled":true,"jetpack_social_post_already_shared":true,"jetpack_social_options":{"image_generator_settings":{"template":"highway","default_image_id":0,"font":"","enabled":false},"version":2},"_wpas_customize_per_network":false},"categories":[5],"tags":[7312,3537,7313],"class_list":["post-41570","post","type-post","status-publish","format-standard","has-post-thumbnail","hentry","category-politica","tag-adios-giustozzi","tag-frente-renovador","tag-selva-critico-a-giustozzi","generate-columns","tablet-grid-50","mobile-grid-100","grid-parent","grid-50"],"jetpack_publicize_connections":[],"jetpack_featured_media_url":"https:\/\/www.hoymercedes.com.ar\/principal\/wp-content\/uploads\/2014\/02\/selva-messa-giustozzi.jpg","wps_subtitle":"Adi\u00f3s al Frente Renovador","jetpack_sharing_enabled":true,"jetpack-related-posts":[{"id":38369,"url":"https:\/\/www.hoymercedes.com.ar\/principal\/2014\/12\/11\/selva-fue-orador-en-lanzamiento-de-dario-giustozzi-en-parque-norte\/","url_meta":{"origin":41570,"position":0},"title":"Selva fue orador en lanzamiento de Dario Giustozzi en Parque Norte","author":"hoymercedes","date":"11 diciembre, 2014","format":false,"excerpt":"\u00a0 Carlos Selva y un importante grupo de mercedinos fueron parte del acto realizado en Parque Norte donde Dario Giustozzi se lanz\u00f3 oficialmente como candidato a gobernador de la provincia de Buenos Aires por el Frente Renovador. En el acto el intendente de Mercedes fue orador. Estuvo Sergio Massa presente.\u2026","rel":"","context":"En \u00abPol\u00edtica\u00bb","block_context":{"text":"Pol\u00edtica","link":"https:\/\/www.hoymercedes.com.ar\/principal\/category\/politica\/"},"img":{"alt_text":"Carlos Selva -  Dario Giustozzi - Frente Renovador","src":"https:\/\/i0.wp.com\/www.hoymercedes.com.ar\/principal\/wp-content\/uploads\/2014\/12\/selva-giustozzi-massa-parquenorte.jpg?resize=350%2C200","width":350,"height":200,"srcset":"https:\/\/i0.wp.com\/www.hoymercedes.com.ar\/principal\/wp-content\/uploads\/2014\/12\/selva-giustozzi-massa-parquenorte.jpg?resize=350%2C200 1x, https:\/\/i0.wp.com\/www.hoymercedes.com.ar\/principal\/wp-content\/uploads\/2014\/12\/selva-giustozzi-massa-parquenorte.jpg?resize=525%2C300 1.5x"},"classes":[]},{"id":29646,"url":"https:\/\/www.hoymercedes.com.ar\/principal\/2014\/02\/05\/selva-se-habria-definido-por-giustozzi-como-candidato-a-la-gobernacion\/","url_meta":{"origin":41570,"position":1},"title":"Selva acompa\u00f1\u00f3 a Giustozzi en acto en Tres de Febrero","author":"hoymercedes","date":"5 febrero, 2014","format":false,"excerpt":"El intendente Carlos Selva estuvo presente en el lanzamiento que hizo el referente comunal de Almirante Brown, \u00a0Dario Giustozzi en la localidad de Tres de Febrero, dentro de la l\u00ednea pol\u00edtica peronista \"Per\u00f3n vive\" en donde se postul\u00f3 como referente del Frente Renovador para la gobernaci\u00f3n de la provincia de\u2026","rel":"","context":"En \u00abPol\u00edtica\u00bb","block_context":{"text":"Pol\u00edtica","link":"https:\/\/www.hoymercedes.com.ar\/principal\/category\/politica\/"},"img":{"alt_text":"Foto: LaPoliticaOnline.com","src":"https:\/\/i0.wp.com\/www.hoymercedes.com.ar\/principal\/wp-content\/uploads\/2014\/02\/Selva-Guistozzi-LanzamientoGobernadorjpg.jpg?resize=350%2C200","width":350,"height":200,"srcset":"https:\/\/i0.wp.com\/www.hoymercedes.com.ar\/principal\/wp-content\/uploads\/2014\/02\/Selva-Guistozzi-LanzamientoGobernadorjpg.jpg?resize=350%2C200 1x, https:\/\/i0.wp.com\/www.hoymercedes.com.ar\/principal\/wp-content\/uploads\/2014\/02\/Selva-Guistozzi-LanzamientoGobernadorjpg.jpg?resize=525%2C300 1.5x"},"classes":[]},{"id":29590,"url":"https:\/\/www.hoymercedes.com.ar\/principal\/2014\/02\/02\/guistozzi-visito-a-carlos-selva\/","url_meta":{"origin":41570,"position":2},"title":"Guistozzi visit\u00f3 a Carlos Selva","author":"hoymercedes","date":"2 febrero, 2014","format":false,"excerpt":"El diputado nacional del Frente Renovador Dar\u00edo Giustozzi visit\u00f3 este s\u00e1bado por la tarde al intendente municipal Carlos Selva y conversaron largamente sobre temas de la actualidad pol\u00edtica nacional. El actual presidente del bloque de diputados nacionales del Frente Renovador Dar\u00edo Giustozzi visit\u00f3 en las \u00faltimas horas de la tarde\u2026","rel":"","context":"En \u00abPol\u00edtica\u00bb","block_context":{"text":"Pol\u00edtica","link":"https:\/\/www.hoymercedes.com.ar\/principal\/category\/politica\/"},"img":{"alt_text":"","src":"https:\/\/i0.wp.com\/www.hoymercedes.com.ar\/principal\/wp-content\/uploads\/2014\/02\/selvagiustozzi.jpg?resize=350%2C200","width":350,"height":200,"srcset":"https:\/\/i0.wp.com\/www.hoymercedes.com.ar\/principal\/wp-content\/uploads\/2014\/02\/selvagiustozzi.jpg?resize=350%2C200 1x, https:\/\/i0.wp.com\/www.hoymercedes.com.ar\/principal\/wp-content\/uploads\/2014\/02\/selvagiustozzi.jpg?resize=525%2C300 1.5x"},"classes":[]},{"id":38314,"url":"https:\/\/www.hoymercedes.com.ar\/principal\/2014\/12\/10\/giustozzi-se-lanza-y-mercedes-estara-presente\/","url_meta":{"origin":41570,"position":3},"title":"Giustozzi se lanza y Mercedes estar\u00e1 presente","author":"hoymercedes","date":"10 diciembre, 2014","format":false,"excerpt":"Este mi\u00e9rcoles Dario Giustozzi realiza el acto lanzamiento de su postulaci\u00f3n a gobernador por el Frente Renovador. Lo har\u00e1 en Parque Norte. Se espera importante participaci\u00f3n de p\u00fablico y un buen n\u00famero de mercedinos. Seg\u00fan informan en www.buenosairesnoticias.com \u201cEl jefe de la bancada de diputados del Frente Renovador, Dar\u00edo Giustozzi,\u00a0\u2026","rel":"","context":"En \u00abPol\u00edtica\u00bb","block_context":{"text":"Pol\u00edtica","link":"https:\/\/www.hoymercedes.com.ar\/principal\/category\/politica\/"},"img":{"alt_text":"selva-guistozzi","src":"https:\/\/i0.wp.com\/www.hoymercedes.com.ar\/principal\/wp-content\/uploads\/2014\/12\/selva-guistozzi.jpg?resize=350%2C200","width":350,"height":200,"srcset":"https:\/\/i0.wp.com\/www.hoymercedes.com.ar\/principal\/wp-content\/uploads\/2014\/12\/selva-guistozzi.jpg?resize=350%2C200 1x, https:\/\/i0.wp.com\/www.hoymercedes.com.ar\/principal\/wp-content\/uploads\/2014\/12\/selva-guistozzi.jpg?resize=525%2C300 1.5x"},"classes":[]},{"id":30270,"url":"https:\/\/www.hoymercedes.com.ar\/principal\/2014\/02\/25\/selva-encabezo-acto-junto-a-giustozzi-y-massa-y-fue-orador\/","url_meta":{"origin":41570,"position":4},"title":"Selva encabez\u00f3 acto junto a Giustozzi y Massa y fue orador","author":"hoymercedes","date":"25 febrero, 2014","format":false,"excerpt":"El intendente Carlos Selva encabez\u00f3 este lunes por la tarde un acto en conmemoraci\u00f3n del triunfo de Per\u00f3n en el a\u00f1o 1946 junto a los diputados nacionales Sergio Massa y Dar\u00edo Giustozzi en Parque Norte. El primer mandatario mercedino fue parte de un importante evento que forma parte de la\u2026","rel":"","context":"En \u00abPol\u00edtica\u00bb","block_context":{"text":"Pol\u00edtica","link":"https:\/\/www.hoymercedes.com.ar\/principal\/category\/politica\/"},"img":{"alt_text":"selva-messa-giustozzi","src":"https:\/\/i0.wp.com\/www.hoymercedes.com.ar\/principal\/wp-content\/uploads\/2014\/02\/selva-messa-giustozzi.jpg?resize=350%2C200","width":350,"height":200,"srcset":"https:\/\/i0.wp.com\/www.hoymercedes.com.ar\/principal\/wp-content\/uploads\/2014\/02\/selva-messa-giustozzi.jpg?resize=350%2C200 1x, https:\/\/i0.wp.com\/www.hoymercedes.com.ar\/principal\/wp-content\/uploads\/2014\/02\/selva-messa-giustozzi.jpg?resize=525%2C300 1.5x"},"classes":[]},{"id":32488,"url":"https:\/\/www.hoymercedes.com.ar\/principal\/2014\/05\/01\/selva-y-lasala-con-giustozzi-en-lanzamiento-de-frente-universitario-renovador\/","url_meta":{"origin":41570,"position":5},"title":"Selva y Lasala con Giustozzi en lanzamiento de Frente Universitario Renovador","author":"hoymercedes","date":"1 mayo, 2014","format":false,"excerpt":"En un encuentro en la Universidad Tecnol\u00f3gica Nacional la Concejal Sabrina Selva y el Coordinados de Pol\u00edticas Juveniles de la Municipalidad de Mercedes, Agust\u00edn Lasala, estuvieron un encuentro con j\u00f3venes de diversos puntos de la provincia as\u00ed como el Diputado Nacional Dario Giustozzi del Frente Renovador que todos los mencionados\u2026","rel":"","context":"En \u00abPol\u00edtica\u00bb","block_context":{"text":"Pol\u00edtica","link":"https:\/\/www.hoymercedes.com.ar\/principal\/category\/politica\/"},"img":{"alt_text":"selva-lasala-guistossi","src":"https:\/\/i0.wp.com\/www.hoymercedes.com.ar\/principal\/wp-content\/uploads\/2014\/05\/selva-lasala-guistossi.jpg?resize=350%2C200","width":350,"height":200,"srcset":"https:\/\/i0.wp.com\/www.hoymercedes.com.ar\/principal\/wp-content\/uploads\/2014\/05\/selva-lasala-guistossi.jpg?resize=350%2C200 1x, https:\/\/i0.wp.com\/www.hoymercedes.com.ar\/principal\/wp-content\/uploads\/2014\/05\/selva-lasala-guistossi.jpg?resize=525%2C300 1.5x"},"classes":[]}],"_links":{"self":[{"href":"https:\/\/www.hoymercedes.com.ar\/principal\/wp-json\/wp\/v2\/posts\/41570","targetHints":{"allow":["GET"]}}],"collection":[{"href":"https:\/\/www.hoymercedes.com.ar\/principal\/wp-json\/wp\/v2\/posts"}],"about":[{"href":"https:\/\/www.hoymercedes.com.ar\/principal\/wp-json\/wp\/v2\/types\/post"}],"author":[{"embeddable":true,"href":"https:\/\/www.hoymercedes.com.ar\/principal\/wp-json\/wp\/v2\/users\/1"}],"replies":[{"embeddable":true,"href":"https:\/\/www.hoymercedes.com.ar\/principal\/wp-json\/wp\/v2\/comments?post=41570"}],"version-history":[{"count":0,"href":"https:\/\/www.hoymercedes.com.ar\/principal\/wp-json\/wp\/v2\/posts\/41570\/revisions"}],"wp:featuredmedia":[{"embeddable":true,"href":"https:\/\/www.hoymercedes.com.ar\/principal\/wp-json\/wp\/v2\/media\/30272"}],"wp:attachment":[{"href":"https:\/\/www.hoymercedes.com.ar\/principal\/wp-json\/wp\/v2\/media?parent=41570"}],"wp:term":[{"taxonomy":"category","embeddable":true,"href":"https:\/\/www.hoymercedes.com.ar\/principal\/wp-json\/wp\/v2\/categories?post=41570"},{"taxonomy":"post_tag","embeddable":true,"href":"https:\/\/www.hoymercedes.com.ar\/principal\/wp-json\/wp\/v2\/tags?post=41570"}],"curies":[{"name":"wp","href":"https:\/\/api.w.org\/{rel}","templated":true}]}}