{"id":41581,"date":"2015-05-12T21:27:09","date_gmt":"2015-05-13T00:27:09","guid":{"rendered":"http:\/\/www.hoymercedes.com.ar\/principal\/?p=41581"},"modified":"2015-05-12T21:27:09","modified_gmt":"2015-05-13T00:27:09","slug":"carlos-selva-giustozzi-no-compartia-que-teniamos-que-ir-a-las-paso","status":"publish","type":"post","link":"https:\/\/www.hoymercedes.com.ar\/principal\/2015\/05\/12\/carlos-selva-giustozzi-no-compartia-que-teniamos-que-ir-a-las-paso\/","title":{"rendered":"Carlos Selva: \u201cGiustozzi no compart\u00eda que ten\u00edamos que ir a las PASO\u201d"},"content":{"rendered":"<p><strong><em>El intendente de Mercedes, Carlos Selva, se refiri\u00f3 a los recientes pases de dirigentes del Frente Renovador y en particular dialog\u00f3 con BA noticias acerca del distanciamiento de Dar\u00edo Giustozzi. \u201cLamentablemente \u00e9l no interpret\u00f3 que ten\u00edamos que ir a las PASO, no compart\u00eda ese criterio y pensaba que por derecho ten\u00eda que ir solo\u201d, asegur\u00f3.<\/em><\/strong><\/p>\n<p>\u201cEl Frente Renovador hab\u00eda puesto l\u00edmite a algunas situaciones y en la Provincia siempre habl\u00e1bamos de llegar a una PASO para Gobernador con no m\u00e1s de 2 f\u00f3rmulas, eso estuvo claro desde un principio\u201d, detall\u00f3 Selva y explic\u00f3 que \u201cGiustozzi deb\u00eda ser integrante de una de esas f\u00f3rmulas pero no quiso y no podemos condicionar a otro compa\u00f1ero no d\u00e1ndole la oportunidad porque creamos este espacio para que no exista m\u00e1s el dedo y la decisi\u00f3n de uno solo\u201d.<\/p>\n<p>En tanto, aclar\u00f3 que \u201cantes del acto que realiz\u00f3 Sergio Massa en el estadio de V\u00e9lez (el pasado 1\u00ba de mayo), acordamos que si el acto era malo ten\u00edamos que tomar una decisi\u00f3n y si el acto y el respaldo de la gente era bueno, nos obligaba a no andar titubeando a donde est\u00e1bamos parados\u201d, mientras que manifest\u00f3 que todav\u00eda no entiende el accionar de algunos dirigentes, \u201cpero son decisiones personales\u201d.<\/p>\n<p>Por otra parte, consultado por las obras de infraestructura que se est\u00e1n llevando adelante en Mercedes, el jefe comunal detall\u00f3 que \u201cempezamos con un programa de accesos a barrios con pavimentaci\u00f3n que reci\u00e9n se han licitado con fondos municipales, hay una gran expectativa porque la urbanizaci\u00f3n ha ido m\u00e1s r\u00e1pido que la infraestructura y queremos que los barrios queden bien consolidados y con mejores v\u00edas de accesibilidad\u201d.<\/p>\n<p>\u201cEstamos tambi\u00e9n en la etapa final de la construcci\u00f3n de un Museo de Artes que queremos inaugurarlo para la fecha de conmemoraci\u00f3n de nuestro aniversario municipal que es el 25 de junio, as\u00ed que s\u00f3lo faltan detalles para finalizarlo\u201d, remarc\u00f3 Selva.<\/p>\n<p>Fuente: <a href=\"http:\/\/www.banoticias.com\/notas\/municipios\/10731-carlos-selva-giustozzi-no-compartia-que-teniamos-que-ir-a-las-paso\" target=\"_blank\" rel=\"noopener\">BAnoticias.com<\/a><\/p>\n<p>&nbsp;<\/p>\n<p>&nbsp;<\/p>\n<p>&nbsp;<\/p>\n","protected":false},"excerpt":{"rendered":"<p>El intendente de Mercedes, Carlos Selva, se refiri\u00f3 a los recientes pases de dirigentes del Frente Renovador y en particular &#8230; <a title=\"Carlos Selva: \u201cGiustozzi no compart\u00eda que ten\u00edamos que ir a las PASO\u201d\" class=\"read-more\" href=\"https:\/\/www.hoymercedes.com.ar\/principal\/2015\/05\/12\/carlos-selva-giustozzi-no-compartia-que-teniamos-que-ir-a-las-paso\/\" aria-label=\"Leer m\u00e1s sobre Carlos Selva: \u201cGiustozzi no compart\u00eda que ten\u00edamos que ir a las PASO\u201d\">Leer m\u00e1s<\/a><\/p>\n","protected":false},"author":1,"featured_media":37933,"comment_status":"open","ping_status":"open","sticky":false,"template":"","format":"standard","meta":{"_monsterinsights_skip_tracking":false,"_monsterinsights_sitenote_active":false,"_monsterinsights_sitenote_note":"","_monsterinsights_sitenote_category":0,"jetpack_post_was_ever_published":false,"_jetpack_newsletter_access":"","_jetpack_dont_email_post_to_subs":false,"_jetpack_newsletter_tier_id":0,"_jetpack_memberships_contains_paywalled_content":false,"_jetpack_memberships_contains_paid_content":false,"footnotes":"","jetpack_publicize_message":"","jetpack_publicize_feature_enabled":true,"jetpack_social_post_already_shared":true,"jetpack_social_options":{"image_generator_settings":{"template":"highway","default_image_id":0,"font":"","enabled":false},"version":2},"_wpas_customize_per_network":false},"categories":[5],"tags":[7317],"class_list":["post-41581","post","type-post","status-publish","format-standard","has-post-thumbnail","hentry","category-politica","tag-carlos-selva-contra-giustozzi","generate-columns","tablet-grid-50","mobile-grid-100","grid-parent","grid-50"],"jetpack_publicize_connections":[],"jetpack_featured_media_url":"https:\/\/www.hoymercedes.com.ar\/principal\/wp-content\/uploads\/2014\/11\/DarioGiustozzi-Selva-23.11.2014DSCN9474.jpg","wps_subtitle":"Cr\u00edtico del ex aliado","jetpack_sharing_enabled":true,"jetpack-related-posts":[{"id":41570,"url":"https:\/\/www.hoymercedes.com.ar\/principal\/2015\/05\/12\/selva-lamento-el-alejamiento-de-giustozzi-pero-critico-la-postura-que-tomo\/","url_meta":{"origin":41581,"position":0},"title":"Selva lament\u00f3 el alejamiento de Giustozzi, pero, critic\u00f3 la postura que tom\u00f3 por que \u00abno bajamos otro candidato\u00bb","author":"hoymercedes","date":"12 mayo, 2015","format":false,"excerpt":"El intendente Carlos Selva lament\u00f3 el alejamiento de Dar\u00edo Giustozzi, sin embargo, aclarando que no le parece \u201cacertada la decisi\u00f3n que tom\u00f3 y menos por el motivo por el cual lo hizo y es que no bajemos otro candidato a gobernador\u201d, afirm\u00f3. El primer mandatario local siempre acompa\u00f1\u00f3 a Dar\u00edo\u2026","rel":"","context":"En \u00abPol\u00edtica\u00bb","block_context":{"text":"Pol\u00edtica","link":"https:\/\/www.hoymercedes.com.ar\/principal\/category\/politica\/"},"img":{"alt_text":"","src":"https:\/\/i0.wp.com\/www.hoymercedes.com.ar\/principal\/wp-content\/uploads\/2014\/02\/selva-messa-giustozzi.jpg?resize=350%2C200&ssl=1","width":350,"height":200,"srcset":"https:\/\/i0.wp.com\/www.hoymercedes.com.ar\/principal\/wp-content\/uploads\/2014\/02\/selva-messa-giustozzi.jpg?resize=350%2C200&ssl=1 1x, https:\/\/i0.wp.com\/www.hoymercedes.com.ar\/principal\/wp-content\/uploads\/2014\/02\/selva-messa-giustozzi.jpg?resize=525%2C300&ssl=1 1.5x"},"classes":[]},{"id":38369,"url":"https:\/\/www.hoymercedes.com.ar\/principal\/2014\/12\/11\/selva-fue-orador-en-lanzamiento-de-dario-giustozzi-en-parque-norte\/","url_meta":{"origin":41581,"position":1},"title":"Selva fue orador en lanzamiento de Dario Giustozzi en Parque Norte","author":"hoymercedes","date":"11 diciembre, 2014","format":false,"excerpt":"\u00a0 Carlos Selva y un importante grupo de mercedinos fueron parte del acto realizado en Parque Norte donde Dario Giustozzi se lanz\u00f3 oficialmente como candidato a gobernador de la provincia de Buenos Aires por el Frente Renovador. En el acto el intendente de Mercedes fue orador. Estuvo Sergio Massa presente.\u2026","rel":"","context":"En \u00abPol\u00edtica\u00bb","block_context":{"text":"Pol\u00edtica","link":"https:\/\/www.hoymercedes.com.ar\/principal\/category\/politica\/"},"img":{"alt_text":"Carlos Selva -  Dario Giustozzi - Frente Renovador","src":"https:\/\/i0.wp.com\/www.hoymercedes.com.ar\/principal\/wp-content\/uploads\/2014\/12\/selva-giustozzi-massa-parquenorte.jpg?resize=350%2C200","width":350,"height":200,"srcset":"https:\/\/i0.wp.com\/www.hoymercedes.com.ar\/principal\/wp-content\/uploads\/2014\/12\/selva-giustozzi-massa-parquenorte.jpg?resize=350%2C200 1x, https:\/\/i0.wp.com\/www.hoymercedes.com.ar\/principal\/wp-content\/uploads\/2014\/12\/selva-giustozzi-massa-parquenorte.jpg?resize=525%2C300 1.5x"},"classes":[]},{"id":29590,"url":"https:\/\/www.hoymercedes.com.ar\/principal\/2014\/02\/02\/guistozzi-visito-a-carlos-selva\/","url_meta":{"origin":41581,"position":2},"title":"Guistozzi visit\u00f3 a Carlos Selva","author":"hoymercedes","date":"2 febrero, 2014","format":false,"excerpt":"El diputado nacional del Frente Renovador Dar\u00edo Giustozzi visit\u00f3 este s\u00e1bado por la tarde al intendente municipal Carlos Selva y conversaron largamente sobre temas de la actualidad pol\u00edtica nacional. El actual presidente del bloque de diputados nacionales del Frente Renovador Dar\u00edo Giustozzi visit\u00f3 en las \u00faltimas horas de la tarde\u2026","rel":"","context":"En \u00abPol\u00edtica\u00bb","block_context":{"text":"Pol\u00edtica","link":"https:\/\/www.hoymercedes.com.ar\/principal\/category\/politica\/"},"img":{"alt_text":"","src":"https:\/\/i0.wp.com\/www.hoymercedes.com.ar\/principal\/wp-content\/uploads\/2014\/02\/selvagiustozzi.jpg?resize=350%2C200","width":350,"height":200,"srcset":"https:\/\/i0.wp.com\/www.hoymercedes.com.ar\/principal\/wp-content\/uploads\/2014\/02\/selvagiustozzi.jpg?resize=350%2C200 1x, https:\/\/i0.wp.com\/www.hoymercedes.com.ar\/principal\/wp-content\/uploads\/2014\/02\/selvagiustozzi.jpg?resize=525%2C300 1.5x"},"classes":[]},{"id":38314,"url":"https:\/\/www.hoymercedes.com.ar\/principal\/2014\/12\/10\/giustozzi-se-lanza-y-mercedes-estara-presente\/","url_meta":{"origin":41581,"position":3},"title":"Giustozzi se lanza y Mercedes estar\u00e1 presente","author":"hoymercedes","date":"10 diciembre, 2014","format":false,"excerpt":"Este mi\u00e9rcoles Dario Giustozzi realiza el acto lanzamiento de su postulaci\u00f3n a gobernador por el Frente Renovador. Lo har\u00e1 en Parque Norte. Se espera importante participaci\u00f3n de p\u00fablico y un buen n\u00famero de mercedinos. Seg\u00fan informan en www.buenosairesnoticias.com \u201cEl jefe de la bancada de diputados del Frente Renovador, Dar\u00edo Giustozzi,\u00a0\u2026","rel":"","context":"En \u00abPol\u00edtica\u00bb","block_context":{"text":"Pol\u00edtica","link":"https:\/\/www.hoymercedes.com.ar\/principal\/category\/politica\/"},"img":{"alt_text":"selva-guistozzi","src":"https:\/\/i0.wp.com\/www.hoymercedes.com.ar\/principal\/wp-content\/uploads\/2014\/12\/selva-guistozzi.jpg?resize=350%2C200","width":350,"height":200,"srcset":"https:\/\/i0.wp.com\/www.hoymercedes.com.ar\/principal\/wp-content\/uploads\/2014\/12\/selva-guistozzi.jpg?resize=350%2C200 1x, https:\/\/i0.wp.com\/www.hoymercedes.com.ar\/principal\/wp-content\/uploads\/2014\/12\/selva-guistozzi.jpg?resize=525%2C300 1.5x"},"classes":[]},{"id":29646,"url":"https:\/\/www.hoymercedes.com.ar\/principal\/2014\/02\/05\/selva-se-habria-definido-por-giustozzi-como-candidato-a-la-gobernacion\/","url_meta":{"origin":41581,"position":4},"title":"Selva acompa\u00f1\u00f3 a Giustozzi en acto en Tres de Febrero","author":"hoymercedes","date":"5 febrero, 2014","format":false,"excerpt":"El intendente Carlos Selva estuvo presente en el lanzamiento que hizo el referente comunal de Almirante Brown, \u00a0Dario Giustozzi en la localidad de Tres de Febrero, dentro de la l\u00ednea pol\u00edtica peronista \"Per\u00f3n vive\" en donde se postul\u00f3 como referente del Frente Renovador para la gobernaci\u00f3n de la provincia de\u2026","rel":"","context":"En \u00abPol\u00edtica\u00bb","block_context":{"text":"Pol\u00edtica","link":"https:\/\/www.hoymercedes.com.ar\/principal\/category\/politica\/"},"img":{"alt_text":"Foto: LaPoliticaOnline.com","src":"https:\/\/i0.wp.com\/www.hoymercedes.com.ar\/principal\/wp-content\/uploads\/2014\/02\/Selva-Guistozzi-LanzamientoGobernadorjpg.jpg?resize=350%2C200","width":350,"height":200,"srcset":"https:\/\/i0.wp.com\/www.hoymercedes.com.ar\/principal\/wp-content\/uploads\/2014\/02\/Selva-Guistozzi-LanzamientoGobernadorjpg.jpg?resize=350%2C200 1x, https:\/\/i0.wp.com\/www.hoymercedes.com.ar\/principal\/wp-content\/uploads\/2014\/02\/Selva-Guistozzi-LanzamientoGobernadorjpg.jpg?resize=525%2C300 1.5x"},"classes":[]},{"id":29742,"url":"https:\/\/www.hoymercedes.com.ar\/principal\/2014\/02\/08\/selva-giustozzi-es-un-dirigente-de-trayectoria-que-dice-las-cosas-como-son-con-firmeza-y-claridad\/","url_meta":{"origin":41581,"position":5},"title":"Selva: \u201cGiustozzi es un dirigente de trayectoria que dice las cosas como son, con firmeza y claridad\u201d","author":"hoymercedes","date":"8 febrero, 2014","format":false,"excerpt":"El intendente de Mercedes, Carlos Selva, apoy\u00f3 los dichos del diputado nacional del Frente Renovador Dar\u00edo Giustozzi, quien destac\u00f3: \u201cScioli se hace el bol\u00fa con Boudou\u201d. Luego de que la Justicia argentina citar\u00e1 a declarar al vicepresidente Boudou por estar sospechado de realizar negociaciones incompatibles con su funci\u00f3n p\u00fablica en\u2026","rel":"","context":"En \u00abPol\u00edtica\u00bb","block_context":{"text":"Pol\u00edtica","link":"https:\/\/www.hoymercedes.com.ar\/principal\/category\/politica\/"},"img":{"alt_text":"","src":"https:\/\/i0.wp.com\/www.hoymercedes.com.ar\/principal\/wp-content\/uploads\/2014\/02\/selvagiustozzi1.jpg?resize=350%2C200","width":350,"height":200,"srcset":"https:\/\/i0.wp.com\/www.hoymercedes.com.ar\/principal\/wp-content\/uploads\/2014\/02\/selvagiustozzi1.jpg?resize=350%2C200 1x, https:\/\/i0.wp.com\/www.hoymercedes.com.ar\/principal\/wp-content\/uploads\/2014\/02\/selvagiustozzi1.jpg?resize=525%2C300 1.5x"},"classes":[]}],"_links":{"self":[{"href":"https:\/\/www.hoymercedes.com.ar\/principal\/wp-json\/wp\/v2\/posts\/41581","targetHints":{"allow":["GET"]}}],"collection":[{"href":"https:\/\/www.hoymercedes.com.ar\/principal\/wp-json\/wp\/v2\/posts"}],"about":[{"href":"https:\/\/www.hoymercedes.com.ar\/principal\/wp-json\/wp\/v2\/types\/post"}],"author":[{"embeddable":true,"href":"https:\/\/www.hoymercedes.com.ar\/principal\/wp-json\/wp\/v2\/users\/1"}],"replies":[{"embeddable":true,"href":"https:\/\/www.hoymercedes.com.ar\/principal\/wp-json\/wp\/v2\/comments?post=41581"}],"version-history":[{"count":0,"href":"https:\/\/www.hoymercedes.com.ar\/principal\/wp-json\/wp\/v2\/posts\/41581\/revisions"}],"wp:featuredmedia":[{"embeddable":true,"href":"https:\/\/www.hoymercedes.com.ar\/principal\/wp-json\/wp\/v2\/media\/37933"}],"wp:attachment":[{"href":"https:\/\/www.hoymercedes.com.ar\/principal\/wp-json\/wp\/v2\/media?parent=41581"}],"wp:term":[{"taxonomy":"category","embeddable":true,"href":"https:\/\/www.hoymercedes.com.ar\/principal\/wp-json\/wp\/v2\/categories?post=41581"},{"taxonomy":"post_tag","embeddable":true,"href":"https:\/\/www.hoymercedes.com.ar\/principal\/wp-json\/wp\/v2\/tags?post=41581"}],"curies":[{"name":"wp","href":"https:\/\/api.w.org\/{rel}","templated":true}]}}