{"id":41583,"date":"2015-05-12T22:06:30","date_gmt":"2015-05-13T01:06:30","guid":{"rendered":"http:\/\/www.hoymercedes.com.ar\/principal\/?p=41583"},"modified":"2015-05-14T00:32:26","modified_gmt":"2015-05-14T03:32:26","slug":"castelucci-y-su-equipo-continua-cuestionando-el-manejo-de-los-informes-sobre-fondos-educativos","status":"publish","type":"post","link":"https:\/\/www.hoymercedes.com.ar\/principal\/2015\/05\/12\/castelucci-y-su-equipo-continua-cuestionando-el-manejo-de-los-informes-sobre-fondos-educativos\/","title":{"rendered":"Castelucci y su equipo contin\u00faa cuestionando el manejo de los informes sobre fondos educativos"},"content":{"rendered":"<p><a href=\"https:\/\/www.hoymercedes.com.ar\/principal\/wp-content\/uploads\/2015\/05\/castelucci-brown.jpg\"><img loading=\"lazy\" decoding=\"async\" data-attachment-id=\"41584\" data-permalink=\"https:\/\/www.hoymercedes.com.ar\/principal\/2015\/05\/12\/castelucci-y-su-equipo-continua-cuestionando-el-manejo-de-los-informes-sobre-fondos-educativos\/castelucci-brown\/#main\" data-orig-file=\"https:\/\/www.hoymercedes.com.ar\/principal\/wp-content\/uploads\/2015\/05\/castelucci-brown.jpg\" data-orig-size=\"620,399\" data-comments-opened=\"1\" data-image-meta=\"{&quot;aperture&quot;:&quot;0&quot;,&quot;credit&quot;:&quot;&quot;,&quot;camera&quot;:&quot;&quot;,&quot;caption&quot;:&quot;&quot;,&quot;created_timestamp&quot;:&quot;0&quot;,&quot;copyright&quot;:&quot;&quot;,&quot;focal_length&quot;:&quot;0&quot;,&quot;iso&quot;:&quot;0&quot;,&quot;shutter_speed&quot;:&quot;0&quot;,&quot;title&quot;:&quot;&quot;,&quot;orientation&quot;:&quot;0&quot;}\" data-image-title=\"castelucci-brown\" data-image-description=\"\" data-image-caption=\"\" data-large-file=\"https:\/\/www.hoymercedes.com.ar\/principal\/wp-content\/uploads\/2015\/05\/castelucci-brown.jpg\" class=\"Img2014 aligncenter wp-image-41584 size-full\" title=\"Castelucci cuestiona al selvismo\" src=\"https:\/\/www.hoymercedes.com.ar\/principal\/wp-content\/uploads\/2015\/05\/castelucci-brown.jpg\" alt=\"castelucci-brown\" width=\"620\" height=\"399\" srcset=\"https:\/\/www.hoymercedes.com.ar\/principal\/wp-content\/uploads\/2015\/05\/castelucci-brown.jpg 620w, https:\/\/www.hoymercedes.com.ar\/principal\/wp-content\/uploads\/2015\/05\/castelucci-brown-150x97.jpg 150w, https:\/\/www.hoymercedes.com.ar\/principal\/wp-content\/uploads\/2015\/05\/castelucci-brown-290x187.jpg 290w, https:\/\/www.hoymercedes.com.ar\/principal\/wp-content\/uploads\/2015\/05\/castelucci-brown-50x32.jpg 50w\" sizes=\"auto, (max-width: 620px) 100vw, 620px\" \/><\/a><\/p>\n<p><em><strong>En las \u00faltimas semanas se generaron expresiones poco democr\u00e1ticas -por parte de miembros del Concejo Deliberante- y hasta de falta de respeto y ofensivas, por parte del Ejecutivo Municipal, hacia una integrante de la Agrupaci\u00f3n Jauretche, como lo es la Prof. M\u00f3nica Brown, conocida en nuestra ciudad no s\u00f3lo como docente sino como Consejera Escolar 2009-2013.<\/strong><\/em><\/p>\n<div class=\"citando\">A lo largo del 2014 lleg\u00f3 a sumar $ 8.554.606 y en lo que va de este 2015 suma $ 5.069.108<\/div>\n<p>A trav\u00e9s de su gesti\u00f3n escolar la Prof. Brown tom\u00f3 conocimiento de la Ley de Financiamiento Educativo N\u00ba 26.075 y de su llegada mensual a la Intendencia proveniente del Estado Nacional a trav\u00e9s de los fondos coparticipables que el gobierno provincial env\u00eda a cada Municipio de nuestra provincia. Por lo tanto desde el 2013, y a\u00fan en funciones en el Consejo Escolar, se halla interesada en saber en qu\u00e9 lo invierte el Municipio. En aquel momento los consejeros selvistas fueron reticentes a pedirle al Intendente informaci\u00f3n sobre su uso. Y ya formando parte de la Agrupaci\u00f3n Jauretche, que lidera Mariano Castelucci, encontr\u00f3 en \u00e9l y en los dem\u00e1s compa\u00f1eros gran inter\u00e9s en conocer los destinos de un dinero que bien invertido mejorar\u00eda en forma notable la calidad educativa mercedina.<\/p>\n<p>La Agrupaci\u00f3n Jauretche, entonces, realiz\u00f3 desde el a\u00f1o pasado tres instancias administrativas intentado conocer la inversi\u00f3n del Fondo Educativo. La primera fue presentar \u2013la Comisi\u00f3n de Educaci\u00f3n de la agrupaci\u00f3n- el 17 de septiembre de 2014, ante el Concejo Deliberante, un proyecto de pedido de informe al Departamento Ejecutivo sobre los destinos de este dinero que a lo largo del 2014 lleg\u00f3 a sumar $ 8.554.606 y en lo que va de este 2015 suma $ 5.069.108.<\/p>\n<p>Transcurre el tiempo y esta nota no entraba en el orden del d\u00eda del HCD, es as\u00ed que, como segundo paso, el 26 de noviembre de 2014, se presenta una nota al presidente del HCD, Marcelo Den\u00e1pole, solicit\u00e1ndole el estado del tratamiento de la anterior. La firman Castelucci, Tilli y las tres coordinadoras de la Comisi\u00f3n de Educaci\u00f3n, entre ellas, Brown. No hubo respuesta por parte de Den\u00e1pole.<\/p>\n<p>Y como este a\u00f1o tampoco ha sido tratada,\u00a0 la Agrupaci\u00f3n realiz\u00f3 el tercer paso: solicitarle directamente al Intendente Selva informes sobre la inversi\u00f3n de este dinero que llega a sus manos mensualmente destinado a \u201ceducaci\u00f3n, ciencia y tecnolog\u00eda\u201d. La nota fue presentada el 24 de abril pasado (Expediente N\u00ba 1699\/2015) siendo avalada por una quincena de firmas, entre ellas, obviamente la de Brown.<\/p>\n<p>Hemos querido contar los pasos leg\u00edtimos dados por la Agrupaci\u00f3n en pos de transparencia informativa\u00a0 sobre la inversi\u00f3n estos millones para que la ciudadan\u00eda entienda el asombro y consternaci\u00f3n de todos sus integrantes por los dichos del Intendente Selva en una FM local sobre la profesora olvid\u00e1ndose que ella no es la \u00fanica que firma las tres notas. Existe toda una Agrupaci\u00f3n que avala y comparte el inter\u00e9s por el mejoramiento de la educaci\u00f3n.<\/p>\n<p>Nos preguntamos: \u00bfes que el Intendente no ley\u00f3 nuestra nota y quienes la firman? Creemos que s\u00ed porque el lunes 27 ya estaba en su secretar\u00eda privada. \u00bfEs que los concejales no saben de qu\u00e9 estamos hablando? Suponemos que saben perfectamente porque a nuestros pedidos se suma el realizado por el gremio docente SUTEBA en septiembre de 2013, el cual fue mandado a archivo por ellos mismos en la sesi\u00f3n del 15 mayo de 2014. \u00bfEl HCD sabe con certeza si est\u00e1 bien invertido? Deber\u00eda. La Ley 26.075 es clar\u00edsima en su art\u00edculo 2; adem\u00e1s el Tribunal de Cuentas provincial en su Resoluci\u00f3n 10\/14 lo especifica: construcci\u00f3n y\/o mantenimiento de infraestructura escolar de gesti\u00f3n estatal en todos sus niveles, programas de capacitaci\u00f3n y apoyo pedag\u00f3gico, equipamiento escolar, y \u201ccualquiera otra finalidad estrictamente educativa\u201d.<\/p>\n<p>Por ello seguimos indagando, \u00bfen qu\u00e9 se ha usado? El ciudadano \u00bfno tiene derecho a saberlo? Los funcionarios \u00bfno tienen la obligaci\u00f3n de decirlo? El art\u00edculo 16 de la Ley 26.075 establece que deben informar. Hacerlo muestra actitudes democr\u00e1ticas que no dejan margen para la duda. Sin embargo, ninguno de los funcionarios que ha hablado en estos \u00faltimos d\u00edas ha dicho \u201cs\u00ed, es verdad, el mercedino tiene derecho a saber\u201d.<\/p>\n<p>Finalmente, \u00bfpor qu\u00e9 no nombrar la \u201cAgrupaci\u00f3n Jauretche\u201d y s\u00f3lo hablar mal sobre una mercedina? Pensamos que ocultando y desdibujando nuestra agrupaci\u00f3n ellos creen que desaparecemos. Pues no es as\u00ed. Estamos muy presentes en la ciudad desde hace casi dos a\u00f1os, y seguiremos est\u00e1ndolo porque nos interesa la transparencia, el respeto a los vecinos m\u00e1s all\u00e1 de su color pol\u00edtico y la defensa de los mecanismos democr\u00e1ticos.<\/p>\n<p>(Prensa Agrupaci\u00f3n Jauretche)<\/p>\n","protected":false},"excerpt":{"rendered":"<p>En las \u00faltimas semanas se generaron expresiones poco democr\u00e1ticas -por parte de miembros del Concejo Deliberante- y hasta de falta &#8230; <a title=\"Castelucci y su equipo contin\u00faa cuestionando el manejo de los informes sobre fondos educativos\" class=\"read-more\" href=\"https:\/\/www.hoymercedes.com.ar\/principal\/2015\/05\/12\/castelucci-y-su-equipo-continua-cuestionando-el-manejo-de-los-informes-sobre-fondos-educativos\/\" aria-label=\"Leer m\u00e1s sobre Castelucci y su equipo contin\u00faa cuestionando el manejo de los informes sobre fondos educativos\">Leer m\u00e1s<\/a><\/p>\n","protected":false},"author":1,"featured_media":41584,"comment_status":"open","ping_status":"open","sticky":false,"template":"","format":"standard","meta":{"_monsterinsights_skip_tracking":false,"_monsterinsights_sitenote_active":false,"_monsterinsights_sitenote_note":"","_monsterinsights_sitenote_category":0,"jetpack_post_was_ever_published":false,"_jetpack_newsletter_access":"","_jetpack_dont_email_post_to_subs":false,"_jetpack_newsletter_tier_id":0,"_jetpack_memberships_contains_paywalled_content":false,"_jetpack_memberships_contains_paid_content":false,"footnotes":"","jetpack_publicize_message":"","jetpack_publicize_feature_enabled":true,"jetpack_social_post_already_shared":true,"jetpack_social_options":{"image_generator_settings":{"template":"highway","default_image_id":0,"font":"","enabled":false},"version":2},"_wpas_customize_per_network":false},"categories":[5],"tags":[7318,7319],"class_list":["post-41583","post","type-post","status-publish","format-standard","has-post-thumbnail","hentry","category-politica","tag-castelucci-cuestiona-al-selvismo","tag-castelucci-cuestiona-fondo-educativo","generate-columns","tablet-grid-50","mobile-grid-100","grid-parent","grid-50"],"jetpack_publicize_connections":[],"jetpack_featured_media_url":"https:\/\/www.hoymercedes.com.ar\/principal\/wp-content\/uploads\/2015\/05\/castelucci-brown.jpg","wps_subtitle":"Critican la gesti\u00f3n Selva","jetpack_sharing_enabled":true,"jetpack-related-posts":[{"id":41133,"url":"https:\/\/www.hoymercedes.com.ar\/principal\/2015\/04\/26\/castelucci-pide-informes-sobre-los-fondos-educativos-provinciales-que-recibe-el-municipio\/","url_meta":{"origin":41583,"position":0},"title":"Castelucci pide informes sobre los fondos educativos provinciales que recibe el Municipio","author":"hoymercedes","date":"26 abril, 2015","format":false,"excerpt":"La Agrupaci\u00f3n Jauretche sigue interesada en conocer los destinos del dinero que mensualmente llega al Ejecutivo Municipal en concepto de Fondo Educativo para ser destinado a educaci\u00f3n, ciencia y tecnolog\u00eda. Ya en septiembre del a\u00f1o pasado presentaron ante el Concejo Deliberante un proyecto de pedido de informe al Departamento Ejecutivo\u00a0\u2026","rel":"","context":"En \u00abPol\u00edtica\u00bb","block_context":{"text":"Pol\u00edtica","link":"https:\/\/www.hoymercedes.com.ar\/principal\/category\/politica\/"},"img":{"alt_text":"","src":"https:\/\/i0.wp.com\/www.hoymercedes.com.ar\/principal\/wp-content\/uploads\/2015\/04\/jauretcheintegrantes.jpg?resize=350%2C200&ssl=1","width":350,"height":200,"srcset":"https:\/\/i0.wp.com\/www.hoymercedes.com.ar\/principal\/wp-content\/uploads\/2015\/04\/jauretcheintegrantes.jpg?resize=350%2C200&ssl=1 1x, https:\/\/i0.wp.com\/www.hoymercedes.com.ar\/principal\/wp-content\/uploads\/2015\/04\/jauretcheintegrantes.jpg?resize=525%2C300&ssl=1 1.5x"},"classes":[]},{"id":100123,"url":"https:\/\/www.hoymercedes.com.ar\/principal\/2019\/09\/21\/lola-albanese-y-sofia-castelucci-campeonas-en-el-nacional-de-patin\/","url_meta":{"origin":41583,"position":1},"title":"Lola Albanese y Sof\u00eda Castelucci, campeonas en el Nacional de Pat\u00edn","author":"hoymercedes","date":"21 septiembre, 2019","format":false,"excerpt":"Se realiz\u00f3 el Campeonato Argentino de Patinaje Art\u00edstico \u201cCopa Roberto Rodr\u00edguez\u201d del 7 al 14 de septiembre en el estadio Lujan Barrientos del club Deportivo Madryn donde m\u00e1s de 1500 patinadoras de todos los puntos de Argentina, participaron en las distintas categor\u00edas buscando acomodarse en el podio nacional. Las patinadoras\u2026","rel":"","context":"En \u00abDeportes\u00bb","block_context":{"text":"Deportes","link":"https:\/\/www.hoymercedes.com.ar\/principal\/category\/deportes\/"},"img":{"alt_text":"","src":"https:\/\/i0.wp.com\/www.hoymercedes.com.ar\/principal\/wp-content\/uploads\/2019\/09\/70258535_10219469747036219_1503585058676539392_n.jpg?resize=350%2C200&ssl=1","width":350,"height":200,"srcset":"https:\/\/i0.wp.com\/www.hoymercedes.com.ar\/principal\/wp-content\/uploads\/2019\/09\/70258535_10219469747036219_1503585058676539392_n.jpg?resize=350%2C200&ssl=1 1x, https:\/\/i0.wp.com\/www.hoymercedes.com.ar\/principal\/wp-content\/uploads\/2019\/09\/70258535_10219469747036219_1503585058676539392_n.jpg?resize=525%2C300&ssl=1 1.5x, https:\/\/i0.wp.com\/www.hoymercedes.com.ar\/principal\/wp-content\/uploads\/2019\/09\/70258535_10219469747036219_1503585058676539392_n.jpg?resize=700%2C400&ssl=1 2x"},"classes":[]},{"id":186407,"url":"https:\/\/www.hoymercedes.com.ar\/principal\/2025\/07\/21\/tenis-felipe-flores-campeon-de-la-categoria-b\/","url_meta":{"origin":41583,"position":2},"title":"Tenis: Felipe Flores campe\u00f3n de la Categor\u00eda B","author":"hoymercedes","date":"21 julio, 2025","format":false,"excerpt":"En la ma\u00f1ana del domingo se realiz\u00f3 un torneo m\u00e1s del calendario anual de torneos internos de las Escuelas de tenis del Club Mercedes y de la Liga de Padres, que dirigen los profesores Mauricio Pisoni y Hern\u00e1n Ricaldoni.\u00a0 Bajo la direcci\u00f3n de los profesores Alan Demattei y Emiliano Marcelo\u2026","rel":"","context":"En \u00abSociedad\u00bb","block_context":{"text":"Sociedad","link":"https:\/\/www.hoymercedes.com.ar\/principal\/category\/sociedad\/"},"img":{"alt_text":"","src":"https:\/\/i0.wp.com\/www.hoymercedes.com.ar\/principal\/wp-content\/uploads\/2025\/07\/IMG-20250720-WA0055.jpg?resize=350%2C200&ssl=1","width":350,"height":200,"srcset":"https:\/\/i0.wp.com\/www.hoymercedes.com.ar\/principal\/wp-content\/uploads\/2025\/07\/IMG-20250720-WA0055.jpg?resize=350%2C200&ssl=1 1x, https:\/\/i0.wp.com\/www.hoymercedes.com.ar\/principal\/wp-content\/uploads\/2025\/07\/IMG-20250720-WA0055.jpg?resize=525%2C300&ssl=1 1.5x, https:\/\/i0.wp.com\/www.hoymercedes.com.ar\/principal\/wp-content\/uploads\/2025\/07\/IMG-20250720-WA0055.jpg?resize=700%2C400&ssl=1 2x"},"classes":[]},{"id":32144,"url":"https:\/\/www.hoymercedes.com.ar\/principal\/2014\/04\/24\/castelucci-buscamos-transitar-una-nueva-politica-sin-mezquindades\/","url_meta":{"origin":41583,"position":3},"title":"Castelucci: \u201cBuscamos transitar una nueva pol\u00edtica sin mezquindades\u201d","author":"hoymercedes","date":"24 abril, 2014","format":false,"excerpt":"El referente m\u00e1ximo de la Agrupaci\u00f3n \u201cArturo Jauretche\u201d dej\u00f3 en claro que piensa jugar fuerte en pol\u00edtica. Busca desmarcarse de la actual antinomia existente entre los Frentes y se presenta como un espacio peronista que buscar\u00e1 conducir la ciudad en 2015. El escribano Mariano Castelucci manifest\u00f3 que: \u201cBuscamos transitar una\u2026","rel":"","context":"En \u00abSociedad\u00bb","block_context":{"text":"Sociedad","link":"https:\/\/www.hoymercedes.com.ar\/principal\/category\/sociedad\/"},"img":{"alt_text":"CASTELUCCI.22.04.2014DSC_0233","src":"https:\/\/i0.wp.com\/www.hoymercedes.com.ar\/principal\/wp-content\/uploads\/2014\/04\/CASTELUCCI.22.04.2014DSC_0233.jpg?resize=350%2C200","width":350,"height":200,"srcset":"https:\/\/i0.wp.com\/www.hoymercedes.com.ar\/principal\/wp-content\/uploads\/2014\/04\/CASTELUCCI.22.04.2014DSC_0233.jpg?resize=350%2C200 1x, https:\/\/i0.wp.com\/www.hoymercedes.com.ar\/principal\/wp-content\/uploads\/2014\/04\/CASTELUCCI.22.04.2014DSC_0233.jpg?resize=525%2C300 1.5x"},"classes":[]},{"id":107644,"url":"https:\/\/www.hoymercedes.com.ar\/principal\/2020\/03\/15\/all-boys-solidario-entrega-utiles-escolares\/","url_meta":{"origin":41583,"position":4},"title":"All Boys Solidario entrega \u00fatiles escolares","author":"hoymercedes","date":"15 marzo, 2020","format":false,"excerpt":"Finalizando con la \"Campa\u00f1a Seamos Muy \u00datiles\", los integrantes de All Boys Solidario entreg\u00f3 los \u00fatiles escolares destinados a los merenderos de Mar\u00eda Jos\u00e9 Gonz\u00e1lez y Rosana Lucero. Fueron muchas las personas que apoyaron y donaron el material para que los chicos empiecen las clases. Adem\u00e1s, contaron con el apoyo\u2026","rel":"","context":"En \u00abSociedad\u00bb","block_context":{"text":"Sociedad","link":"https:\/\/www.hoymercedes.com.ar\/principal\/category\/sociedad\/"},"img":{"alt_text":"","src":"https:\/\/i0.wp.com\/www.hoymercedes.com.ar\/principal\/wp-content\/uploads\/2020\/03\/15-utiles-all-boys-2.jpg?resize=350%2C200&ssl=1","width":350,"height":200,"srcset":"https:\/\/i0.wp.com\/www.hoymercedes.com.ar\/principal\/wp-content\/uploads\/2020\/03\/15-utiles-all-boys-2.jpg?resize=350%2C200&ssl=1 1x, https:\/\/i0.wp.com\/www.hoymercedes.com.ar\/principal\/wp-content\/uploads\/2020\/03\/15-utiles-all-boys-2.jpg?resize=525%2C300&ssl=1 1.5x, https:\/\/i0.wp.com\/www.hoymercedes.com.ar\/principal\/wp-content\/uploads\/2020\/03\/15-utiles-all-boys-2.jpg?resize=700%2C400&ssl=1 2x"},"classes":[]},{"id":140506,"url":"https:\/\/www.hoymercedes.com.ar\/principal\/2021\/11\/23\/sofia-castelucci-en-el-podio-argentino\/","url_meta":{"origin":41583,"position":5},"title":"Sof\u00eda Castelucci en el podio Argentino","author":"hoymercedes","date":"23 noviembre, 2021","format":false,"excerpt":"Qued\u00f3 tercera en la categor\u00eda 4ta c 10 a\u00f1os del Campeonato Argentino de pat\u00edn art\u00edstico denominado Copa Roberto Rodr\u00edguez. La\u00a0mercedina\u00a0ya hab\u00eda obtenido en 2019 el primer puesto en la categor\u00eda Esc. Formativa. Campeones.\u00a0 Por estos d\u00edas se est\u00e1 llevando a cabo el Campeonato Argentino de pat\u00edn art\u00edstico denominado Copa Roberto\u2026","rel":"","context":"En \u00abDeportes\u00bb","block_context":{"text":"Deportes","link":"https:\/\/www.hoymercedes.com.ar\/principal\/category\/deportes\/"},"img":{"alt_text":"","src":"https:\/\/i0.wp.com\/www.hoymercedes.com.ar\/principal\/wp-content\/uploads\/2021\/11\/dpatin322.jpeg?resize=350%2C200&ssl=1","width":350,"height":200,"srcset":"https:\/\/i0.wp.com\/www.hoymercedes.com.ar\/principal\/wp-content\/uploads\/2021\/11\/dpatin322.jpeg?resize=350%2C200&ssl=1 1x, https:\/\/i0.wp.com\/www.hoymercedes.com.ar\/principal\/wp-content\/uploads\/2021\/11\/dpatin322.jpeg?resize=525%2C300&ssl=1 1.5x, https:\/\/i0.wp.com\/www.hoymercedes.com.ar\/principal\/wp-content\/uploads\/2021\/11\/dpatin322.jpeg?resize=700%2C400&ssl=1 2x"},"classes":[]}],"_links":{"self":[{"href":"https:\/\/www.hoymercedes.com.ar\/principal\/wp-json\/wp\/v2\/posts\/41583","targetHints":{"allow":["GET"]}}],"collection":[{"href":"https:\/\/www.hoymercedes.com.ar\/principal\/wp-json\/wp\/v2\/posts"}],"about":[{"href":"https:\/\/www.hoymercedes.com.ar\/principal\/wp-json\/wp\/v2\/types\/post"}],"author":[{"embeddable":true,"href":"https:\/\/www.hoymercedes.com.ar\/principal\/wp-json\/wp\/v2\/users\/1"}],"replies":[{"embeddable":true,"href":"https:\/\/www.hoymercedes.com.ar\/principal\/wp-json\/wp\/v2\/comments?post=41583"}],"version-history":[{"count":0,"href":"https:\/\/www.hoymercedes.com.ar\/principal\/wp-json\/wp\/v2\/posts\/41583\/revisions"}],"wp:featuredmedia":[{"embeddable":true,"href":"https:\/\/www.hoymercedes.com.ar\/principal\/wp-json\/wp\/v2\/media\/41584"}],"wp:attachment":[{"href":"https:\/\/www.hoymercedes.com.ar\/principal\/wp-json\/wp\/v2\/media?parent=41583"}],"wp:term":[{"taxonomy":"category","embeddable":true,"href":"https:\/\/www.hoymercedes.com.ar\/principal\/wp-json\/wp\/v2\/categories?post=41583"},{"taxonomy":"post_tag","embeddable":true,"href":"https:\/\/www.hoymercedes.com.ar\/principal\/wp-json\/wp\/v2\/tags?post=41583"}],"curies":[{"name":"wp","href":"https:\/\/api.w.org\/{rel}","templated":true}]}}