{"id":41610,"date":"2015-05-13T22:12:42","date_gmt":"2015-05-14T01:12:42","guid":{"rendered":"http:\/\/www.hoymercedes.com.ar\/principal\/?p=41610"},"modified":"2015-05-20T13:48:25","modified_gmt":"2015-05-20T16:48:25","slug":"ustarroz-destaco-la-incorporacion-de-mercedes-al-programa-de-descentralizacion-de-la-policia-bonaerense","status":"publish","type":"post","link":"https:\/\/www.hoymercedes.com.ar\/principal\/2015\/05\/13\/ustarroz-destaco-la-incorporacion-de-mercedes-al-programa-de-descentralizacion-de-la-policia-bonaerense\/","title":{"rendered":"Ustarroz destac\u00f3 la incorporaci\u00f3n de Mercedes al programa de descentralizaci\u00f3n de la polic\u00eda bonaerense"},"content":{"rendered":"<p><a href=\"https:\/\/www.hoymercedes.com.ar\/principal\/wp-content\/uploads\/2015\/05\/comision-seguridad-concejodeliberante.jpg\"><img loading=\"lazy\" decoding=\"async\" data-attachment-id=\"41611\" data-permalink=\"https:\/\/www.hoymercedes.com.ar\/principal\/2015\/05\/13\/ustarroz-destaco-la-incorporacion-de-mercedes-al-programa-de-descentralizacion-de-la-policia-bonaerense\/comision-seguridad-concejodeliberante\/#main\" data-orig-file=\"https:\/\/www.hoymercedes.com.ar\/principal\/wp-content\/uploads\/2015\/05\/comision-seguridad-concejodeliberante.jpg\" data-orig-size=\"697,523\" data-comments-opened=\"1\" data-image-meta=\"{&quot;aperture&quot;:&quot;0&quot;,&quot;credit&quot;:&quot;&quot;,&quot;camera&quot;:&quot;&quot;,&quot;caption&quot;:&quot;&quot;,&quot;created_timestamp&quot;:&quot;0&quot;,&quot;copyright&quot;:&quot;&quot;,&quot;focal_length&quot;:&quot;0&quot;,&quot;iso&quot;:&quot;0&quot;,&quot;shutter_speed&quot;:&quot;0&quot;,&quot;title&quot;:&quot;&quot;,&quot;orientation&quot;:&quot;0&quot;}\" data-image-title=\"comision-seguridad-concejodeliberante\" data-image-description=\"\" data-image-caption=\"\" data-large-file=\"https:\/\/www.hoymercedes.com.ar\/principal\/wp-content\/uploads\/2015\/05\/comision-seguridad-concejodeliberante.jpg\" class=\"aligncenter size-full wp-image-41611\" src=\"https:\/\/www.hoymercedes.com.ar\/principal\/wp-content\/uploads\/2015\/05\/comision-seguridad-concejodeliberante.jpg\" alt=\"comision-seguridad-concejodeliberante\" width=\"697\" height=\"523\" srcset=\"https:\/\/www.hoymercedes.com.ar\/principal\/wp-content\/uploads\/2015\/05\/comision-seguridad-concejodeliberante.jpg 697w, https:\/\/www.hoymercedes.com.ar\/principal\/wp-content\/uploads\/2015\/05\/comision-seguridad-concejodeliberante-150x113.jpg 150w, https:\/\/www.hoymercedes.com.ar\/principal\/wp-content\/uploads\/2015\/05\/comision-seguridad-concejodeliberante-630x473.jpg 630w, https:\/\/www.hoymercedes.com.ar\/principal\/wp-content\/uploads\/2015\/05\/comision-seguridad-concejodeliberante-290x218.jpg 290w, https:\/\/www.hoymercedes.com.ar\/principal\/wp-content\/uploads\/2015\/05\/comision-seguridad-concejodeliberante-50x38.jpg 50w\" sizes=\"auto, (max-width: 697px) 100vw, 697px\" \/><\/a><\/p>\n<p><em><strong>El presidente del bloque de concejales del Frente Mercedino para la Victoria, Juan Ignacio Ustarroz, destac\u00f3 la incorporaci\u00f3n de nuestra ciudad a la pol\u00edtica de polic\u00edas municipales impulsada por el gobierno bonaerense, despu\u00e9s de participar esta ma\u00f1ana de la reuni\u00f3n de comisi\u00f3n en el Honorable Concejo Deliberante a la que fueron invitados el Director de Seguridad, Esteban Rossi, y el Secretario de Control Urbano, Daniel Loch.<\/strong><\/em><\/p>\n<p>\u201cLa tranquilidad de los vecinos es uno de los ejes para mejorar su calidad de vida, por eso apoyamos la iniciativa del municipio de adherir al programa de descentralizaci\u00f3n de la polic\u00eda que viene llevando adelante el gobierno bonaerense\u201d, asegur\u00f3 Ustarroz<\/p>\n<p>El convenio entre el municipio y el ministerio de Seguridad de la provincia fue firmado d\u00edas atr\u00e1s y el lunes tuvo la aprobaci\u00f3n del HCD. All\u00ed mismo se invit\u00f3 a Rossi y a Loch a la reuni\u00f3n de la Comisi\u00f3n del \u00e1rea, que tuvo lugar este mi\u00e9rcoles y en la que los funcionarios dieron detalles de lo que ser\u00e1 la implementaci\u00f3n de la nueva polic\u00eda municipal<\/p>\n<p>\u201cDesde nuestro espacio impulsamos siempre la posibilidad de gestionar recursos para ponerlos a disposici\u00f3n del municipio, porque es fundamental la articulaci\u00f3n entre todos los actores para garantizar que los beneficios lleguen a la gente\u201d, explic\u00f3 Juani<\/p>\n<div class=\"citandoG\">Frente Mercedino destaca la tarea de sus legisladores en sumar policias y la comisaria de la mujer a Mercedes<\/div>\n<p>La gesti\u00f3n m\u00e1s reciente del Frente para la Victoria fue la inauguraci\u00f3n de la Comisar\u00eda de la Mujer y la Familia \u2013impulsada por el diputado provincial Alberto Espa\u00f1a y a cuyo acto de apertura asisti\u00f3 el ministro de Seguridad bonaerense, Alejandro Granados-, y la llegada de cuatro nuevos patrulleros (camionetas Toyota, dos 4&#215;4 y otras dos 2&#215;4), en este caso una iniciativa del actual Secretario General de la Presidencia, Eduardo \u2018Wado\u2019 de Pedro<\/p>\n<p>Tiempo atr\u00e1s, el propio Ustarroz hab\u00eda permitido la llegada de m\u00e1s recursos de la Polic\u00eda Federal y tambi\u00e9n la instalaci\u00f3n de c\u00e1maras de seguridad en los accesos a Mercedes<\/p>\n<p>\u201cEsa gesti\u00f3n se hizo ante el \u00d3rgano de Control de Concesiones Viales (OCCOVI) y logramos que se instalaran c\u00e1maras de seguridad en la rotonda principal de entrada a nuestra ciudad y en los cruces de la ruta nacional 5 con la calle 11 y el Acceso Sur. Tambi\u00e9n se articul\u00f3 con el municipio y quedaron conectadas al centro de monitoreo\u201d, dijo Juani<\/p>\n<p>Seg\u00fan se anunci\u00f3 oficialmente, ya est\u00e1 abierta la inscripci\u00f3n para la incorporaci\u00f3n de 100 agentes a la Polic\u00eda Municipal. Los aspirantes deber\u00e1n dar un curso de seis meses y los gastos salariales (o las becas de estudio) ser\u00e1n afrontados por el gobierno de la provincia de Buenos Aires, que aportar\u00e1 tambi\u00e9n dos nuevos patrulleros. Los nuevos efectivos tendr\u00e1n exclusivamente tareas de calle, y el municipio deber\u00e1 sostener econ\u00f3micamente los gastos de combustible, mantenimiento y edilicios que demande la nueva estructura.<\/p>\n","protected":false},"excerpt":{"rendered":"<p>El presidente del bloque de concejales del Frente Mercedino para la Victoria, Juan Ignacio Ustarroz, destac\u00f3 la incorporaci\u00f3n de nuestra &#8230; <a title=\"Ustarroz destac\u00f3 la incorporaci\u00f3n de Mercedes al programa de descentralizaci\u00f3n de la polic\u00eda bonaerense\" class=\"read-more\" href=\"https:\/\/www.hoymercedes.com.ar\/principal\/2015\/05\/13\/ustarroz-destaco-la-incorporacion-de-mercedes-al-programa-de-descentralizacion-de-la-policia-bonaerense\/\" aria-label=\"Leer m\u00e1s sobre Ustarroz destac\u00f3 la incorporaci\u00f3n de Mercedes al programa de descentralizaci\u00f3n de la polic\u00eda bonaerense\">Leer m\u00e1s<\/a><\/p>\n","protected":false},"author":1,"featured_media":41611,"comment_status":"open","ping_status":"open","sticky":false,"template":"","format":"standard","meta":{"_monsterinsights_skip_tracking":false,"_monsterinsights_sitenote_active":false,"_monsterinsights_sitenote_note":"","_monsterinsights_sitenote_category":0,"jetpack_post_was_ever_published":false,"_jetpack_newsletter_access":"","_jetpack_dont_email_post_to_subs":false,"_jetpack_newsletter_tier_id":0,"_jetpack_memberships_contains_paywalled_content":false,"_jetpack_memberships_contains_paid_content":false,"footnotes":"","jetpack_publicize_message":"","jetpack_publicize_feature_enabled":true,"jetpack_social_post_already_shared":true,"jetpack_social_options":{"image_generator_settings":{"template":"highway","default_image_id":0,"font":"","enabled":false},"version":2},"_wpas_customize_per_network":false},"categories":[8],"tags":[236,333,585],"class_list":["post-41610","post","type-post","status-publish","format-standard","has-post-thumbnail","hentry","category-sociedad","tag-concejo-deliberante","tag-esteban-rossi","tag-juan-ustarroz","generate-columns","tablet-grid-50","mobile-grid-100","grid-parent","grid-50"],"jetpack_publicize_connections":[],"jetpack_featured_media_url":"https:\/\/www.hoymercedes.com.ar\/principal\/wp-content\/uploads\/2015\/05\/comision-seguridad-concejodeliberante.jpg","wps_subtitle":"Seguridad ciudadana","jetpack_sharing_enabled":true,"_links":{"self":[{"href":"https:\/\/www.hoymercedes.com.ar\/principal\/wp-json\/wp\/v2\/posts\/41610","targetHints":{"allow":["GET"]}}],"collection":[{"href":"https:\/\/www.hoymercedes.com.ar\/principal\/wp-json\/wp\/v2\/posts"}],"about":[{"href":"https:\/\/www.hoymercedes.com.ar\/principal\/wp-json\/wp\/v2\/types\/post"}],"author":[{"embeddable":true,"href":"https:\/\/www.hoymercedes.com.ar\/principal\/wp-json\/wp\/v2\/users\/1"}],"replies":[{"embeddable":true,"href":"https:\/\/www.hoymercedes.com.ar\/principal\/wp-json\/wp\/v2\/comments?post=41610"}],"version-history":[{"count":0,"href":"https:\/\/www.hoymercedes.com.ar\/principal\/wp-json\/wp\/v2\/posts\/41610\/revisions"}],"wp:featuredmedia":[{"embeddable":true,"href":"https:\/\/www.hoymercedes.com.ar\/principal\/wp-json\/wp\/v2\/media\/41611"}],"wp:attachment":[{"href":"https:\/\/www.hoymercedes.com.ar\/principal\/wp-json\/wp\/v2\/media?parent=41610"}],"wp:term":[{"taxonomy":"category","embeddable":true,"href":"https:\/\/www.hoymercedes.com.ar\/principal\/wp-json\/wp\/v2\/categories?post=41610"},{"taxonomy":"post_tag","embeddable":true,"href":"https:\/\/www.hoymercedes.com.ar\/principal\/wp-json\/wp\/v2\/tags?post=41610"}],"curies":[{"name":"wp","href":"https:\/\/api.w.org\/{rel}","templated":true}]}}