{"id":41700,"date":"2015-05-16T00:08:59","date_gmt":"2015-05-16T03:08:59","guid":{"rendered":"http:\/\/www.hoymercedes.com.ar\/principal\/?p=41700"},"modified":"2015-05-17T22:24:54","modified_gmt":"2015-05-18T01:24:54","slug":"casa-joven-celebro-sus-primeros-5-anos-de-vida-institucional-con-gran-asistencia-de-publico","status":"publish","type":"post","link":"https:\/\/www.hoymercedes.com.ar\/principal\/2015\/05\/16\/casa-joven-celebro-sus-primeros-5-anos-de-vida-institucional-con-gran-asistencia-de-publico\/","title":{"rendered":"Casa Joven celebr\u00f3 sus primeros 5 a\u00f1os de vida institucional con gran asistencia de p\u00fablico"},"content":{"rendered":"<p><a href=\"https:\/\/www.hoymercedes.com.ar\/principal\/wp-content\/uploads\/2015\/05\/casajoven-mercedes-5a\u00f1os.jpg\"><img loading=\"lazy\" decoding=\"async\" data-attachment-id=\"41701\" data-permalink=\"https:\/\/www.hoymercedes.com.ar\/principal\/2015\/05\/16\/casa-joven-celebro-sus-primeros-5-anos-de-vida-institucional-con-gran-asistencia-de-publico\/casajoven-mercedes-5anos\/#main\" data-orig-file=\"https:\/\/www.hoymercedes.com.ar\/principal\/wp-content\/uploads\/2015\/05\/casajoven-mercedes-5a\u00f1os.jpg\" data-orig-size=\"620,465\" data-comments-opened=\"1\" data-image-meta=\"{&quot;aperture&quot;:&quot;2.5&quot;,&quot;credit&quot;:&quot;&quot;,&quot;camera&quot;:&quot;ST64&quot;,&quot;caption&quot;:&quot;&quot;,&quot;created_timestamp&quot;:&quot;1431704327&quot;,&quot;copyright&quot;:&quot;COPYRIGHT, 2011&quot;,&quot;focal_length&quot;:&quot;4.5&quot;,&quot;iso&quot;:&quot;640&quot;,&quot;shutter_speed&quot;:&quot;0.0333333333333&quot;,&quot;title&quot;:&quot;&quot;,&quot;orientation&quot;:&quot;0&quot;}\" data-image-title=\"casajoven-mercedes-5a\u00f1os\" data-image-description=\"\" data-image-caption=\"\" data-large-file=\"https:\/\/www.hoymercedes.com.ar\/principal\/wp-content\/uploads\/2015\/05\/casajoven-mercedes-5a\u00f1os.jpg\" class=\"Img2014 aligncenter wp-image-41701 size-full\" title=\"Casa Joven Mercedes\" src=\"https:\/\/www.hoymercedes.com.ar\/principal\/wp-content\/uploads\/2015\/05\/casajoven-mercedes-5a\u00f1os.jpg\" alt=\"casajoven-mercedes-5a\u00f1os\" width=\"620\" height=\"465\" srcset=\"https:\/\/www.hoymercedes.com.ar\/principal\/wp-content\/uploads\/2015\/05\/casajoven-mercedes-5a\u00f1os.jpg 620w, https:\/\/www.hoymercedes.com.ar\/principal\/wp-content\/uploads\/2015\/05\/casajoven-mercedes-5a\u00f1os-150x113.jpg 150w, https:\/\/www.hoymercedes.com.ar\/principal\/wp-content\/uploads\/2015\/05\/casajoven-mercedes-5a\u00f1os-290x218.jpg 290w, https:\/\/www.hoymercedes.com.ar\/principal\/wp-content\/uploads\/2015\/05\/casajoven-mercedes-5a\u00f1os-50x38.jpg 50w\" sizes=\"auto, (max-width: 620px) 100vw, 620px\" \/><\/a><\/p>\n<p><em><strong>Casa Joven celebr\u00f3 sus primeros cinco a\u00f1os de vida este viernes por la noche con un centenar de personas que pasaron, entre militantes, invitados y amigos, por su local, a brindar y compartir un momento.<\/strong><\/em><\/p>\n<p>En el espacio de calle 33 y 14 encabezados por Juan Pablo L\u00f3pez una importante cantidad de j\u00f3venes y personalidades de la pol\u00edtica local pasaron a brindar y disfrutar del encuentro que gener\u00f3 que casi se corte la calle por los j\u00f3venes que disfrutaban de una noche con un clima ideal.<\/p>\n<p>Juan Pablo L\u00f3pez marc\u00f3 que \u201clos j\u00f3venes de la agrupaci\u00f3n organizador todo, es un orgullo el trabajo que realizan y el sentido de pertenencia que tienen\u201d dejando en claro que: \u201cellos son un grupo maravilloso,siempre presentes y compartiendo desinteresada y solidariamente\u201d.<\/p>\n<p>La Agrupaci\u00f3n, que participa en el Frente Mercedino para la Victoria, ha efectuado m\u00faltiples acciones ciudadanas y solidarias, la mayor\u00eda de ellas nunca publicitadas, como la entrega de delantales, \u00fatiles escolares, apoyo a los inundados, asistencia alimenticia, recientemente una murga, apoyo deportivo y a deportistas, entre otras cuestiones.<\/p>\n<p>Este viernes celebraron los primeros cinco a\u00f1os de vida que se cumplieron el jueves 14.<img loading=\"lazy\" decoding=\"async\" data-attachment-id=\"41702\" data-permalink=\"https:\/\/www.hoymercedes.com.ar\/principal\/2015\/05\/16\/casa-joven-celebro-sus-primeros-5-anos-de-vida-institucional-con-gran-asistencia-de-publico\/casajoven-mercedes-5anos-2\/#main\" data-orig-file=\"https:\/\/www.hoymercedes.com.ar\/principal\/wp-content\/uploads\/2015\/05\/casajoven-mercedes-5a\u00f1os-2.jpg\" data-orig-size=\"620,465\" data-comments-opened=\"1\" data-image-meta=\"{&quot;aperture&quot;:&quot;2.5&quot;,&quot;credit&quot;:&quot;&quot;,&quot;camera&quot;:&quot;ST64&quot;,&quot;caption&quot;:&quot;&quot;,&quot;created_timestamp&quot;:&quot;1431704429&quot;,&quot;copyright&quot;:&quot;COPYRIGHT, 2011&quot;,&quot;focal_length&quot;:&quot;4.5&quot;,&quot;iso&quot;:&quot;640&quot;,&quot;shutter_speed&quot;:&quot;0.0666666666667&quot;,&quot;title&quot;:&quot;&quot;,&quot;orientation&quot;:&quot;0&quot;}\" data-image-title=\"casajoven-mercedes-5a\u00f1os-2\" data-image-description=\"\" data-image-caption=\"\" data-large-file=\"https:\/\/www.hoymercedes.com.ar\/principal\/wp-content\/uploads\/2015\/05\/casajoven-mercedes-5a\u00f1os-2.jpg\" class=\"Img2014 aligncenter wp-image-41702 size-full\" title=\"Casa Joven Mercedes\" src=\"https:\/\/www.hoymercedes.com.ar\/principal\/wp-content\/uploads\/2015\/05\/casajoven-mercedes-5a\u00f1os-2.jpg\" alt=\"casajoven-mercedes-5a\u00f1os-2\" width=\"620\" height=\"465\" srcset=\"https:\/\/www.hoymercedes.com.ar\/principal\/wp-content\/uploads\/2015\/05\/casajoven-mercedes-5a\u00f1os-2.jpg 620w, https:\/\/www.hoymercedes.com.ar\/principal\/wp-content\/uploads\/2015\/05\/casajoven-mercedes-5a\u00f1os-2-150x113.jpg 150w, https:\/\/www.hoymercedes.com.ar\/principal\/wp-content\/uploads\/2015\/05\/casajoven-mercedes-5a\u00f1os-2-290x218.jpg 290w, https:\/\/www.hoymercedes.com.ar\/principal\/wp-content\/uploads\/2015\/05\/casajoven-mercedes-5a\u00f1os-2-50x38.jpg 50w\" sizes=\"auto, (max-width: 620px) 100vw, 620px\" \/><\/p>\n<p>&nbsp;<\/p>\n<p>&nbsp;<\/p>\n<p>&nbsp;<\/p>\n<p>&nbsp;<\/p>\n","protected":false},"excerpt":{"rendered":"<p>Casa Joven celebr\u00f3 sus primeros cinco a\u00f1os de vida este viernes por la noche con un centenar de personas que &#8230; <a title=\"Casa Joven celebr\u00f3 sus primeros 5 a\u00f1os de vida institucional con gran asistencia de p\u00fablico\" class=\"read-more\" href=\"https:\/\/www.hoymercedes.com.ar\/principal\/2015\/05\/16\/casa-joven-celebro-sus-primeros-5-anos-de-vida-institucional-con-gran-asistencia-de-publico\/\" aria-label=\"Leer m\u00e1s sobre Casa Joven celebr\u00f3 sus primeros 5 a\u00f1os de vida institucional con gran asistencia de p\u00fablico\">Leer m\u00e1s<\/a><\/p>\n","protected":false},"author":1,"featured_media":41701,"comment_status":"open","ping_status":"open","sticky":false,"template":"","format":"standard","meta":{"_monsterinsights_skip_tracking":false,"_monsterinsights_sitenote_active":false,"_monsterinsights_sitenote_note":"","_monsterinsights_sitenote_category":0,"jetpack_post_was_ever_published":false,"_jetpack_newsletter_access":"","_jetpack_dont_email_post_to_subs":false,"_jetpack_newsletter_tier_id":0,"_jetpack_memberships_contains_paywalled_content":false,"_jetpack_memberships_contains_paid_content":false,"footnotes":"","jetpack_publicize_message":"","jetpack_publicize_feature_enabled":true,"jetpack_social_post_already_shared":true,"jetpack_social_options":{"image_generator_settings":{"template":"highway","default_image_id":0,"font":"","enabled":false},"version":2},"_wpas_customize_per_network":false},"categories":[5],"tags":[298,4180,102],"class_list":["post-41700","post","type-post","status-publish","format-standard","has-post-thumbnail","hentry","category-politica","tag-casa-joven-mercedes","tag-juan-pablo-lopez-baggio","tag-peronismo-mercedes","generate-columns","tablet-grid-50","mobile-grid-100","grid-parent","grid-50"],"jetpack_publicize_connections":[],"jetpack_featured_media_url":"https:\/\/www.hoymercedes.com.ar\/principal\/wp-content\/uploads\/2015\/05\/casajoven-mercedes-5a\u00f1os.jpg","wps_subtitle":"Fue en su sede de 33 y 14","jetpack_sharing_enabled":true,"jetpack-related-posts":[{"id":63175,"url":"https:\/\/www.hoymercedes.com.ar\/principal\/2017\/05\/26\/la-agrupacion-politica-casa-joven-celebro-un-nuevo-aniversario\/","url_meta":{"origin":41700,"position":0},"title":"La agrupaci\u00f3n pol\u00edtica Casa Joven celebr\u00f3 un nuevo aniversario","author":"hoymercedes","date":"26 mayo, 2017","format":false,"excerpt":"El espacio que conduce Juan Pablo L\u00f3pez Baggio celebr\u00f3 este 24 de mayo su s\u00e9ptimo aniversario de vida institucional en Mercedes. Lo hizo con una gran asistencia que super\u00f3 el centenar de amigos, visitantes, vecinos y militantes. La conmemoraci\u00f3n se realiz\u00f3 en momentos en que ampl\u00eda sus v\u00ednculos con la\u2026","rel":"","context":"En \u00abPol\u00edtica\u00bb","block_context":{"text":"Pol\u00edtica","link":"https:\/\/www.hoymercedes.com.ar\/principal\/category\/politica\/"},"img":{"alt_text":"","src":"https:\/\/i0.wp.com\/www.hoymercedes.com.ar\/principal\/wp-content\/uploads\/2017\/05\/25-CasaJoven-2.jpeg?resize=350%2C200&ssl=1","width":350,"height":200,"srcset":"https:\/\/i0.wp.com\/www.hoymercedes.com.ar\/principal\/wp-content\/uploads\/2017\/05\/25-CasaJoven-2.jpeg?resize=350%2C200&ssl=1 1x, https:\/\/i0.wp.com\/www.hoymercedes.com.ar\/principal\/wp-content\/uploads\/2017\/05\/25-CasaJoven-2.jpeg?resize=525%2C300&ssl=1 1.5x, https:\/\/i0.wp.com\/www.hoymercedes.com.ar\/principal\/wp-content\/uploads\/2017\/05\/25-CasaJoven-2.jpeg?resize=700%2C400&ssl=1 2x"},"classes":[]},{"id":37343,"url":"https:\/\/www.hoymercedes.com.ar\/principal\/2014\/10\/29\/casa-joven-estara-recibiendo-donaciones-para-inundados\/","url_meta":{"origin":41700,"position":1},"title":"Casa Joven estar\u00e1 recibiendo donaciones para inundados","author":"hoymercedes","date":"29 octubre, 2014","format":false,"excerpt":"La Agrupaci\u00f3n pol\u00edtica de calle 14 y 33 estar\u00e1 recibiendo y recolectado donativos de la solidaridad de los mercedinos para hacer entrega a los m\u00e1s necesitados. Como en ocasiones anteriores abre sus puestas para dar apoyo a la ciudadan\u00eda. La agrupaci\u00f3n que conduce Juan Pablo L\u00f3pez nuevamente y desde primera\u2026","rel":"","context":"En \u00abSociedad\u00bb","block_context":{"text":"Sociedad","link":"https:\/\/www.hoymercedes.com.ar\/principal\/category\/sociedad\/"},"img":{"alt_text":"casajoven-viendasinundados","src":"https:\/\/i0.wp.com\/www.hoymercedes.com.ar\/principal\/wp-content\/uploads\/2014\/10\/casajoven-viendasinundados.jpg?resize=350%2C200","width":350,"height":200,"srcset":"https:\/\/i0.wp.com\/www.hoymercedes.com.ar\/principal\/wp-content\/uploads\/2014\/10\/casajoven-viendasinundados.jpg?resize=350%2C200 1x, https:\/\/i0.wp.com\/www.hoymercedes.com.ar\/principal\/wp-content\/uploads\/2014\/10\/casajoven-viendasinundados.jpg?resize=525%2C300 1.5x"},"classes":[]},{"id":17575,"url":"https:\/\/www.hoymercedes.com.ar\/principal\/2012\/11\/05\/juan-pablo-lopezlos-jovenes-son-personas-con-gran-lucidez-y-capacidad-creativa\/","url_meta":{"origin":41700,"position":2},"title":"Juan Pablo L\u00f3pez:\u00bbLos j\u00f3venes son personas con gran lucidez y capacidad creativa\u00bb","author":"hoymercedes","date":"5 noviembre, 2012","format":false,"excerpt":"\u00a0 La nueva ley que habilita a los j\u00f3venes a partir de 16 a\u00f1os de edad a votar, de manera voluntaria, ha despertado m\u00faltiples voces, a favor y en contra y con variadas opiniones. Uno de los hombres de la pol\u00edtica local que est\u00e1 a favor y nos da sus\u2026","rel":"","context":"En \u00abPol\u00edtica\u00bb","block_context":{"text":"Pol\u00edtica","link":"https:\/\/www.hoymercedes.com.ar\/principal\/category\/politica\/"},"img":{"alt_text":"","src":"https:\/\/i0.wp.com\/www.hoymercedes.com.ar\/principal\/wp-content\/uploads\/2012\/11\/JuanPabloLopez.jpg?resize=350%2C200","width":350,"height":200,"srcset":"https:\/\/i0.wp.com\/www.hoymercedes.com.ar\/principal\/wp-content\/uploads\/2012\/11\/JuanPabloLopez.jpg?resize=350%2C200 1x, https:\/\/i0.wp.com\/www.hoymercedes.com.ar\/principal\/wp-content\/uploads\/2012\/11\/JuanPabloLopez.jpg?resize=525%2C300 1.5x"},"classes":[]},{"id":2761,"url":"https:\/\/www.hoymercedes.com.ar\/principal\/2011\/03\/13\/nuevamente-casa-joven-acompanando-a-la-presidenta\/","url_meta":{"origin":41700,"position":3},"title":"Nuevamente Casa Joven acompa\u00f1ando a la presidenta","author":"hoymercedes","date":"13 marzo, 2011","format":false,"excerpt":"Casa Joven dijo presente en el estadio de Hurac\u00e1n junto a sus referentes y j\u00f3venes militantes en un acto encabezado por la presidenta de la Naci\u00f3n: \u201cFue emotivo, pol\u00edtico, de uni\u00f3n y de lucha, qu\u00e9 m\u00e1s se puede pedir\u201d, manifest\u00f3 Juan Pablo L\u00f3pez agregando: \u201ces impactante c\u00f3mo un estadio repleto\u2026","rel":"","context":"En \u00abPol\u00edtica\u00bb","block_context":{"text":"Pol\u00edtica","link":"https:\/\/www.hoymercedes.com.ar\/principal\/category\/politica\/"},"img":{"alt_text":"","src":"https:\/\/i0.wp.com\/www.hoymercedes.com.ar\/principal\/wp-content\/uploads\/2011\/03\/CasaJovenHurac%C3%A1n11.03.2011DSC04197_20110312.jpg?resize=350%2C200","width":350,"height":200},"classes":[]},{"id":10704,"url":"https:\/\/www.hoymercedes.com.ar\/principal\/2012\/02\/04\/casa-joven-sera-sede-de-gestion-de-tarjeta-sube\/","url_meta":{"origin":41700,"position":4},"title":"Casa Joven ser\u00e1 sede de gesti\u00f3n de Tarjeta Sube","author":"hoymercedes","date":"4 febrero, 2012","format":false,"excerpt":"La popular agrupaci\u00f3n pol\u00edtica local conducida por Juan Pablo L\u00f3pez ser\u00e1 parte de la programaci\u00f3n nacional de emisi\u00f3n de tarjetas Sube para el transporte a partir de convertirse en centro de gesti\u00f3n en nuestra ciudad para complementar las tareas del Correo que se ha visto saturado en las \u00faltimas jornadas.\u2026","rel":"","context":"En \u00abSociedad\u00bb","block_context":{"text":"Sociedad","link":"https:\/\/www.hoymercedes.com.ar\/principal\/category\/sociedad\/"},"img":{"alt_text":"","src":"","width":0,"height":0},"classes":[]},{"id":4,"url":"https:\/\/www.hoymercedes.com.ar\/principal\/2010\/10\/24\/gestionada-por-casa-joven-noche-inolvidable-de-la-mano-de-anses\/","url_meta":{"origin":41700,"position":5},"title":"Gestionada por Casa Joven: noche inolvidable de la mano de Anses","author":"hoymercedes","date":"24 octubre, 2010","format":false,"excerpt":"Los jubilados vivieron una noche muy especial en la cual recordaron lo m\u00e1s memorable y destacado de su juventud \u2022 El evento fue financiado y auspiciado por el Programa de Acci\u00f3n Cultural del organismo. El pasado jueves, alrededor de las 19 horas, unos 400 jubilados de Mercedes pudieron participar de\u2026","rel":"","context":"En \u00abPol\u00edtica\u00bb","block_context":{"text":"Pol\u00edtica","link":"https:\/\/www.hoymercedes.com.ar\/principal\/category\/politica\/"},"img":{"alt_text":"","src":"https:\/\/i0.wp.com\/www.hoymercedes.com.ar\/principal\/wp-content\/uploads\/2010\/10\/ansescasajoven-300x199.jpg?resize=350%2C200","width":350,"height":200},"classes":[]}],"_links":{"self":[{"href":"https:\/\/www.hoymercedes.com.ar\/principal\/wp-json\/wp\/v2\/posts\/41700","targetHints":{"allow":["GET"]}}],"collection":[{"href":"https:\/\/www.hoymercedes.com.ar\/principal\/wp-json\/wp\/v2\/posts"}],"about":[{"href":"https:\/\/www.hoymercedes.com.ar\/principal\/wp-json\/wp\/v2\/types\/post"}],"author":[{"embeddable":true,"href":"https:\/\/www.hoymercedes.com.ar\/principal\/wp-json\/wp\/v2\/users\/1"}],"replies":[{"embeddable":true,"href":"https:\/\/www.hoymercedes.com.ar\/principal\/wp-json\/wp\/v2\/comments?post=41700"}],"version-history":[{"count":0,"href":"https:\/\/www.hoymercedes.com.ar\/principal\/wp-json\/wp\/v2\/posts\/41700\/revisions"}],"wp:featuredmedia":[{"embeddable":true,"href":"https:\/\/www.hoymercedes.com.ar\/principal\/wp-json\/wp\/v2\/media\/41701"}],"wp:attachment":[{"href":"https:\/\/www.hoymercedes.com.ar\/principal\/wp-json\/wp\/v2\/media?parent=41700"}],"wp:term":[{"taxonomy":"category","embeddable":true,"href":"https:\/\/www.hoymercedes.com.ar\/principal\/wp-json\/wp\/v2\/categories?post=41700"},{"taxonomy":"post_tag","embeddable":true,"href":"https:\/\/www.hoymercedes.com.ar\/principal\/wp-json\/wp\/v2\/tags?post=41700"}],"curies":[{"name":"wp","href":"https:\/\/api.w.org\/{rel}","templated":true}]}}