{"id":41728,"date":"2015-05-18T12:54:28","date_gmt":"2015-05-18T15:54:28","guid":{"rendered":"http:\/\/www.hoymercedes.com.ar\/principal\/?p=41728"},"modified":"2015-05-19T21:51:04","modified_gmt":"2015-05-20T00:51:04","slug":"ustarroz-presento-su-equipo-de-trabajo-para-el-deporte-mercedino","status":"publish","type":"post","link":"https:\/\/www.hoymercedes.com.ar\/principal\/2015\/05\/18\/ustarroz-presento-su-equipo-de-trabajo-para-el-deporte-mercedino\/","title":{"rendered":"Ustarroz present\u00f3 su equipo de trabajo para el deporte mercedino"},"content":{"rendered":"<p><a href=\"https:\/\/www.hoymercedes.com.ar\/principal\/wp-content\/uploads\/2015\/05\/deportes-ustarroz.jpg\"><img loading=\"lazy\" decoding=\"async\" data-attachment-id=\"41729\" data-permalink=\"https:\/\/www.hoymercedes.com.ar\/principal\/2015\/05\/18\/ustarroz-presento-su-equipo-de-trabajo-para-el-deporte-mercedino\/deportes-ustarroz\/#main\" data-orig-file=\"https:\/\/www.hoymercedes.com.ar\/principal\/wp-content\/uploads\/2015\/05\/deportes-ustarroz.jpg\" data-orig-size=\"620,412\" data-comments-opened=\"1\" data-image-meta=\"{&quot;aperture&quot;:&quot;0&quot;,&quot;credit&quot;:&quot;Moreira Mario Hugo&quot;,&quot;camera&quot;:&quot;&quot;,&quot;caption&quot;:&quot;&quot;,&quot;created_timestamp&quot;:&quot;0&quot;,&quot;copyright&quot;:&quot;Moreira Mario Hugo&quot;,&quot;focal_length&quot;:&quot;0&quot;,&quot;iso&quot;:&quot;0&quot;,&quot;shutter_speed&quot;:&quot;0&quot;,&quot;title&quot;:&quot;&quot;,&quot;orientation&quot;:&quot;0&quot;}\" data-image-title=\"deportes-ustarroz\" data-image-description=\"\" data-image-caption=\"\" data-large-file=\"https:\/\/www.hoymercedes.com.ar\/principal\/wp-content\/uploads\/2015\/05\/deportes-ustarroz.jpg\" class=\"Img2014 aligncenter wp-image-41729 size-full\" title=\"Juan Ustarroz, Frente Mercedino, \u00c1rea Deportes Ustarroz\" src=\"https:\/\/www.hoymercedes.com.ar\/principal\/wp-content\/uploads\/2015\/05\/deportes-ustarroz.jpg\" alt=\"deportes-ustarroz\" width=\"620\" height=\"412\" srcset=\"https:\/\/www.hoymercedes.com.ar\/principal\/wp-content\/uploads\/2015\/05\/deportes-ustarroz.jpg 620w, https:\/\/www.hoymercedes.com.ar\/principal\/wp-content\/uploads\/2015\/05\/deportes-ustarroz-150x100.jpg 150w, https:\/\/www.hoymercedes.com.ar\/principal\/wp-content\/uploads\/2015\/05\/deportes-ustarroz-290x193.jpg 290w, https:\/\/www.hoymercedes.com.ar\/principal\/wp-content\/uploads\/2015\/05\/deportes-ustarroz-50x33.jpg 50w\" sizes=\"auto, (max-width: 620px) 100vw, 620px\" \/><\/a><\/p>\n<p><em><strong>Mostrando un fuerte trabajo en distintos puntos de la ciudad, el presidente del bloque de concejales del Frente para la Victoria en Mercedes mostr\u00f3 algunas propuestas que actualmente se llevan a cabo para fortalecer el deporte social como forma de inclusi\u00f3n social y ligando el deporte como un eje fundamental de la salud local<\/strong><\/em><\/p>\n<p>En las \u00faltimas horas y en conferencia de prensa el Dr. Juani Ustarroz present\u00f3 parte de su equipo de trabajo en el deporte para que la ciudadan\u00eda pueda conocer qui\u00e9nes son los referentes que ya vienen trabajando en distintos aspectos de las distintas disciplinas deportivas en distintos sectores de la ciudad.<\/p>\n<p>Uno de los referentes de este equipo de trabajo es el profesor Fabi\u00e1n Brandoni destacaba, \u201ceste es nuestro equipo de trabajo que buscamos un desarrollo deportivo para los pr\u00f3ximos 10 a\u00f1os. Tenemos tres grandes ejes,\u201d <strong>deporte social\u201d<\/strong>\u00a0 (trabajo con ni\u00f1os con capacidades diferentes, en los barrios y con gente de la tercera edad),\u201d <strong>deporte de alto rendimiento\u201d<\/strong> dentro de las grandes competencias porque sabemos que hay muchos mercedinos en competencias muy importantes y finalmente en \u201c<strong>infraestructura deportiva<\/strong>\u201d pensando siempre en las prioridades deportivas de los pr\u00f3ximos a\u00f1os.<br \/>\nTodos estos ejes muy comprometidos con otro eje muy importante como es el de la \u201c<strong>salud<\/strong>\u201d por lo que consideramos destacar este trabajo en equipo. Y no vamos a decir qu\u00e9 es lo que vamos a hacer, sino que les vamos a contar a la ciudadan\u00eda lo que ya venimos haciendo hace varios meses\u201d.<\/p>\n<p>Entres los profes presentes estaban Mart\u00edn \u201cChino\u201d Silvestre quien trabaja junto a Ignacio Caprioli en escuelitas de rugby para el barrio Marquetti y barrios aleda\u00f1os. En ese sector de la ciudad lo primero que hicieron fue la inclusi\u00f3n deportiva en el Rugby pero hoy en d\u00eda tambi\u00e9n desarrollan Voley y F\u00fatbol entre otros.<\/p>\n<p>Tambi\u00e9n estaba Rodrigo \u201cLole\u201d Gauna quien trabaja con los ni\u00f1os de los clubes Uni\u00f3n y Quilmes para coordinar t\u00e9cnicas deportivas para que los chicos en un futuro lleguen formados a las categor\u00edas que compiten en un buen nivel futbol\u00edstico.<\/p>\n<p>Franco Pavoni es entrenador nacional de Tenis y desarrolla el \u201ctenis para todos\u201d quien junto a Maximiliano Gim\u00e9nez (tambi\u00e9n entrenador nacional de tenis) \u00a0llevan adelante la ense\u00f1anza de este deporte que en alg\u00fan momento se trat\u00f3 de elitista, y buscan que todos los chicos de todas las clases sociales puedan disfrutarlo y jugarlo. Por el momento ense\u00f1an en el Club Estudiantes pero es abierto a toda la comunidad.<\/p>\n<p>Claudio Rojas, el reconocido entrenador nacional de Boxeo y preparador f\u00edsico y lleva adelante la Escuela Raul Cosentino en el club Estudiantes. Claudio buscar\u00e1 desarrollar este deporte como inserci\u00f3n social para hombres y mujeres de distintas edades. Rojas destacaba, \u201ctodo lo hacemos con amor por el pr\u00f3ximo porque me interesa el proyecto de Juani y el desaf\u00edo de darle un vuelco al deporte en todas las disciplinas en la ciudad de Mercedes\u201d.<\/p>\n<p>Luego se present\u00f3 Trinidad L\u00f3pez profesora de educaci\u00f3n f\u00edsica quien junto a la profesora Daniela Libares llevan adelante desde hace tiempo un trabajo profundo con los chicos con capacidades diferentes. Buscando salidas y posibilidades a los chicos que en Mercedes no tienen alternativas en la actualidad del deporte local.<\/p>\n<p>Tambi\u00e9n hay lugar para el baile en el equipo deportivo porque Sof\u00eda Quevedo que es preparadora f\u00edsica y ense\u00f1a\u00a0 Regaton y bailes latinos. Inicialmente esta actividad se desempe\u00f1a de forma gratuita en el barrio la Amistad pero pronto pretenden llevarla a m\u00e1s barrios de Mercedes.<\/p>\n<p>Luego el reconocido profesor de educaci\u00f3n f\u00edsica y de larga trayectoria de trabajo deportivo en Mercedes, Juli\u00e1n Inzaugarat dijo, \u201csoy profesor en distintos sectores rurales del partido de Mercedes. Apuntamos desde lo deportivo a lo recreativo y de inclusi\u00f3n, y en Gowland, Agote, Altamira y Tom\u00e1s Jofr\u00e9 entre otras lo podemos llevar adelante con mucho orgullo. La propuesta no tiene distinci\u00f3n de edades ni sexos. Trabajamos tambi\u00e9n junto a los pap\u00e1s para que todos tengan un espacio y se sientan identificados para llevar adelante sus actividades deportivas\u201d.<\/p>\n<p>Tambi\u00e9n forman parte de este equipo Silvio Erramuspe, Juan Pablo Vitetta y Bel\u00e9n Tejedor en distintos barrios de la ciudad.<\/p>\n<p>Junto a Juani Ustarroz estaban Celeste Burone y Mat\u00edas Dematei quienes desde el Concejo Deliberante apoyan con proyectos y presentaciones todas las iniciativas deportivas que surgen desde el equipo de trabajo.<\/p>\n<p>Finalmente y para cerrar el Dr. Ustarroz se\u00f1alaba en torno a su equipo deportivo, \u201cestoy orgulloso\u00a0 de este equipo de trabajo conformado por personas que tienen un alto compromiso y un grado de responsabilidad muy grande.<\/p>\n<p>Nosotros pensamos desarrollar el deporte en Mercedes anteponiendo el bien com\u00fan por sobre el resto de las cosas dejando de lado toda cuesti\u00f3n pol\u00edtica de lado. Es as\u00ed como convocamos a aquellas personas que quer\u00edan hacer algo por la ciudad y es as\u00ed como llegamos esta formaci\u00f3n humana tan interesante\u201d.<\/p>\n<p>Por otro lado indic\u00f3, \u201cnosotros buscamos en el eje del deporte lograr una herramienta que genera valores, inclusi\u00f3n, principios, donde todos podemos socializarnos y aprender muchas cosas sin dejar de lado que todo lo que venimos haciendo tambi\u00e9n ayuda a la salud de todos los mercedinos. Por eso la idea de apoyar a todos los clubes con infraestructura \u00a0tal como lo hicimos en los \u00faltimos d\u00edas\u201d.<\/p>\n<p>&nbsp;<\/p>\n<p>&nbsp;<\/p>\n<p>&nbsp;<\/p>\n<p>&nbsp;<\/p>\n<p>&nbsp;<\/p>\n","protected":false},"excerpt":{"rendered":"<p>Mostrando un fuerte trabajo en distintos puntos de la ciudad, el presidente del bloque de concejales del Frente para la &#8230; <a title=\"Ustarroz present\u00f3 su equipo de trabajo para el deporte mercedino\" class=\"read-more\" href=\"https:\/\/www.hoymercedes.com.ar\/principal\/2015\/05\/18\/ustarroz-presento-su-equipo-de-trabajo-para-el-deporte-mercedino\/\" aria-label=\"Leer m\u00e1s sobre Ustarroz present\u00f3 su equipo de trabajo para el deporte mercedino\">Leer m\u00e1s<\/a><\/p>\n","protected":false},"author":1,"featured_media":41729,"comment_status":"open","ping_status":"open","sticky":false,"template":"","format":"standard","meta":{"_monsterinsights_skip_tracking":false,"_monsterinsights_sitenote_active":false,"_monsterinsights_sitenote_note":"","_monsterinsights_sitenote_category":0,"jetpack_post_was_ever_published":false,"_jetpack_newsletter_access":"","_jetpack_dont_email_post_to_subs":false,"_jetpack_newsletter_tier_id":0,"_jetpack_memberships_contains_paywalled_content":false,"_jetpack_memberships_contains_paid_content":false,"footnotes":"","jetpack_publicize_message":"","jetpack_publicize_feature_enabled":true,"jetpack_social_post_already_shared":true,"jetpack_social_options":{"image_generator_settings":{"template":"highway","default_image_id":0,"font":"","enabled":false},"version":2},"_wpas_customize_per_network":false},"categories":[5],"tags":[7338,1007,585],"class_list":["post-41728","post","type-post","status-publish","format-standard","has-post-thumbnail","hentry","category-politica","tag-area-deportes-ustarroz","tag-frente-mercedino","tag-juan-ustarroz","generate-columns","tablet-grid-50","mobile-grid-100","grid-parent","grid-50"],"jetpack_publicize_connections":[],"jetpack_featured_media_url":"https:\/\/www.hoymercedes.com.ar\/principal\/wp-content\/uploads\/2015\/05\/deportes-ustarroz.jpg","wps_subtitle":"Equipo interdisciplinario ","jetpack_sharing_enabled":true,"jetpack-related-posts":[{"id":5204,"url":"https:\/\/www.hoymercedes.com.ar\/principal\/2011\/06\/24\/juan-ustarroz-entrego-materiales-de-trabajo-a-los-clubes-de-la-ciudad\/","url_meta":{"origin":41728,"position":0},"title":"Juan Ustarroz entreg\u00f3 materiales de trabajo a los clubes de la ciudad","author":"hoymercedes","date":"24 junio, 2011","format":false,"excerpt":"Con la visita de Claudio Morresi, secretario de Deportes de la Naci\u00f3n, y de Ubaldo Matildo Fillol, subsecretario de esa cartera, Juani Ustarroz entreg\u00f3 materiales de trabajo a los clubes de la ciudad. \u201cQueremos acompa\u00f1ar a Juan y estar cerca de todos ustedes\u201d, dijo el ex jugador de Hurac\u00e1n. En\u2026","rel":"","context":"En \u00abOpini\u00f3n\u00bb","block_context":{"text":"Opini\u00f3n","link":"https:\/\/www.hoymercedes.com.ar\/principal\/category\/opinion\/"},"img":{"alt_text":"","src":"https:\/\/i0.wp.com\/www.hoymercedes.com.ar\/principal\/wp-content\/uploads\/2011\/06\/Ustarroz-morresi-fillol.jpg?resize=350%2C200","width":350,"height":200,"srcset":"https:\/\/i0.wp.com\/www.hoymercedes.com.ar\/principal\/wp-content\/uploads\/2011\/06\/Ustarroz-morresi-fillol.jpg?resize=350%2C200 1x, https:\/\/i0.wp.com\/www.hoymercedes.com.ar\/principal\/wp-content\/uploads\/2011\/06\/Ustarroz-morresi-fillol.jpg?resize=525%2C300 1.5x"},"classes":[]},{"id":44618,"url":"https:\/\/www.hoymercedes.com.ar\/principal\/2015\/09\/17\/ustarroz-presento-ante-una-multitud-su-plan-de-gobierno\/","url_meta":{"origin":41728,"position":1},"title":"Ustarroz presento, ante una multitud, su Plan de Gobierno","author":"hoymercedes","date":"17 septiembre, 2015","format":false,"excerpt":"El candidato a intendente del Frente para la Victoria, Juan Ustarroz, present\u00f3 en la noche del mi\u00e9rcoles su Plan de Gobierno 2015\/2019, una plataforma integral y participativa que re\u00fane propuestas de especialistas, vecinos, instituciones y espacios pol\u00edticos para cada \u00e1rea del municipio y cada sector de la ciudad y en\u2026","rel":"","context":"En \u00abPol\u00edtica\u00bb","block_context":{"text":"Pol\u00edtica","link":"https:\/\/www.hoymercedes.com.ar\/principal\/category\/politica\/"},"img":{"alt_text":"","src":"https:\/\/i0.wp.com\/www.hoymercedes.com.ar\/principal\/wp-content\/uploads\/2015\/09\/ustarroz-plandegobierno.2.jpg?resize=350%2C200&ssl=1","width":350,"height":200,"srcset":"https:\/\/i0.wp.com\/www.hoymercedes.com.ar\/principal\/wp-content\/uploads\/2015\/09\/ustarroz-plandegobierno.2.jpg?resize=350%2C200&ssl=1 1x, https:\/\/i0.wp.com\/www.hoymercedes.com.ar\/principal\/wp-content\/uploads\/2015\/09\/ustarroz-plandegobierno.2.jpg?resize=525%2C300&ssl=1 1.5x"},"classes":[]},{"id":7317,"url":"https:\/\/www.hoymercedes.com.ar\/principal\/2011\/09\/15\/frente-mercedino-gestiona-subsidio-para-clubes-deportivos\/","url_meta":{"origin":41728,"position":2},"title":"Frente Mercedino gestiona subsidio para Clubes Deportivos","author":"hoymercedes","date":"15 septiembre, 2011","format":false,"excerpt":"Este viernes el Dr. Ustarroz convoc\u00f3 a autoridades de las instituciones deportivas que recibir\u00e1n el subsidio gestionado hace unos meses por su equipo de trabajo en esa \u00e1rea, el acto protocolar se llevar\u00e1 a cabo este viernes en el Hotel Mercedes a las 15. En los \u00faltimos d\u00edas del mes\u2026","rel":"","context":"En \u00abPol\u00edtica\u00bb","block_context":{"text":"Pol\u00edtica","link":"https:\/\/www.hoymercedes.com.ar\/principal\/category\/politica\/"},"img":{"alt_text":"","src":"","width":0,"height":0},"classes":[]},{"id":134495,"url":"https:\/\/www.hoymercedes.com.ar\/principal\/2021\/08\/01\/municipio-presento-programa-mercedes-aprende-unida\/","url_meta":{"origin":41728,"position":3},"title":"Municipio present\u00f3 programa \u00abMercedes Aprende Unida\u00bb","author":"hoymercedes","date":"1 agosto, 2021","format":false,"excerpt":"Ante un auditorio con referentes de instituciones educativas, el viernes a la ma\u00f1ana, el Municipio de Mercedes present\u00f3 el programa \"Mercedes Aprende Unida\". Una propuesta que buscar\u00e1 articular el trabajo en materia socioeducativa entre la comuna, las instituciones educativas de todos los niveles (primarias, secundarias, terciarios y universidades), las organizaciones\u2026","rel":"","context":"En \u00abMunicipio\u00bb","block_context":{"text":"Municipio","link":"https:\/\/www.hoymercedes.com.ar\/principal\/category\/municipio\/"},"img":{"alt_text":"","src":"https:\/\/i0.wp.com\/www.hoymercedes.com.ar\/principal\/wp-content\/uploads\/2021\/08\/mercedes-aprende-1.jpg?resize=350%2C200&ssl=1","width":350,"height":200,"srcset":"https:\/\/i0.wp.com\/www.hoymercedes.com.ar\/principal\/wp-content\/uploads\/2021\/08\/mercedes-aprende-1.jpg?resize=350%2C200&ssl=1 1x, https:\/\/i0.wp.com\/www.hoymercedes.com.ar\/principal\/wp-content\/uploads\/2021\/08\/mercedes-aprende-1.jpg?resize=525%2C300&ssl=1 1.5x, https:\/\/i0.wp.com\/www.hoymercedes.com.ar\/principal\/wp-content\/uploads\/2021\/08\/mercedes-aprende-1.jpg?resize=700%2C400&ssl=1 2x"},"classes":[]},{"id":157297,"url":"https:\/\/www.hoymercedes.com.ar\/principal\/2023\/01\/13\/ustarroz-firma-convenio-con-instituto-universitario-river-plate-y-llega-licenciatura-en-educacion-fisica-a-mercedes\/","url_meta":{"origin":41728,"position":4},"title":"Ustarroz firma convenio con Instituto Universitario River Plate y llega licenciatura en Educaci\u00f3n F\u00edsica a Mercedes","author":"hoymercedes","date":"13 enero, 2023","format":false,"excerpt":"\u00a0 El Municipio de Mercedes mediante un trabajo conjunto entre el \u00e1rea de deporte y educaci\u00f3n, firm\u00f3 un convenio marco de cooperaci\u00f3n con el Instituto Universitario River Plate mediante por el cual permitir\u00e1 que en la ciudad se realicen estudios superiores. En este caso, se trata de la Licenciatura en\u2026","rel":"","context":"En \u00abEducaci\u00f3n\u00bb","block_context":{"text":"Educaci\u00f3n","link":"https:\/\/www.hoymercedes.com.ar\/principal\/category\/educacion\/"},"img":{"alt_text":"","src":"https:\/\/i0.wp.com\/www.hoymercedes.com.ar\/principal\/wp-content\/uploads\/2023\/01\/DSC08068.jpg?resize=350%2C200&ssl=1","width":350,"height":200,"srcset":"https:\/\/i0.wp.com\/www.hoymercedes.com.ar\/principal\/wp-content\/uploads\/2023\/01\/DSC08068.jpg?resize=350%2C200&ssl=1 1x, https:\/\/i0.wp.com\/www.hoymercedes.com.ar\/principal\/wp-content\/uploads\/2023\/01\/DSC08068.jpg?resize=525%2C300&ssl=1 1.5x, https:\/\/i0.wp.com\/www.hoymercedes.com.ar\/principal\/wp-content\/uploads\/2023\/01\/DSC08068.jpg?resize=700%2C400&ssl=1 2x, https:\/\/i0.wp.com\/www.hoymercedes.com.ar\/principal\/wp-content\/uploads\/2023\/01\/DSC08068.jpg?resize=1050%2C600&ssl=1 3x"},"classes":[]},{"id":183379,"url":"https:\/\/www.hoymercedes.com.ar\/principal\/2025\/03\/19\/jose-meolans-dio-clinica-de-natacion-en-nuestra-ciudad\/","url_meta":{"origin":41728,"position":5},"title":"Jos\u00e9 Meolans dio cl\u00ednica de nataci\u00f3n en nuestra ciudad","author":"hoymercedes","date":"19 marzo, 2025","format":false,"excerpt":"Jos\u00e9 Pepe Meolans brind\u00f3 cl\u00ednica de nataci\u00f3n en nuestra ciudad. El exitoso deportista que particip\u00f3 de mundiales y juegos ol\u00edmpicos en nataci\u00f3n en esta ocasi\u00f3n visit\u00f3 el Club Mercedes donde efectu\u00f3 un proceso de ense\u00f1anza y aprendizaje ante casi medio centenar de vecinos y vecinas. Estuvo presente el intendente Juani\u2026","rel":"","context":"En \u00abDeportes\u00bb","block_context":{"text":"Deportes","link":"https:\/\/www.hoymercedes.com.ar\/principal\/category\/deportes\/"},"img":{"alt_text":"Jos\u00e9 Meolans dio cl\u00ednica de nataci\u00f3n en nuestra ciudad","src":"https:\/\/i0.wp.com\/www.hoymercedes.com.ar\/principal\/wp-content\/uploads\/2025\/03\/DSC_0499.jpg?resize=350%2C200&ssl=1","width":350,"height":200,"srcset":"https:\/\/i0.wp.com\/www.hoymercedes.com.ar\/principal\/wp-content\/uploads\/2025\/03\/DSC_0499.jpg?resize=350%2C200&ssl=1 1x, https:\/\/i0.wp.com\/www.hoymercedes.com.ar\/principal\/wp-content\/uploads\/2025\/03\/DSC_0499.jpg?resize=525%2C300&ssl=1 1.5x, https:\/\/i0.wp.com\/www.hoymercedes.com.ar\/principal\/wp-content\/uploads\/2025\/03\/DSC_0499.jpg?resize=700%2C400&ssl=1 2x, https:\/\/i0.wp.com\/www.hoymercedes.com.ar\/principal\/wp-content\/uploads\/2025\/03\/DSC_0499.jpg?resize=1050%2C600&ssl=1 3x"},"classes":[]}],"_links":{"self":[{"href":"https:\/\/www.hoymercedes.com.ar\/principal\/wp-json\/wp\/v2\/posts\/41728","targetHints":{"allow":["GET"]}}],"collection":[{"href":"https:\/\/www.hoymercedes.com.ar\/principal\/wp-json\/wp\/v2\/posts"}],"about":[{"href":"https:\/\/www.hoymercedes.com.ar\/principal\/wp-json\/wp\/v2\/types\/post"}],"author":[{"embeddable":true,"href":"https:\/\/www.hoymercedes.com.ar\/principal\/wp-json\/wp\/v2\/users\/1"}],"replies":[{"embeddable":true,"href":"https:\/\/www.hoymercedes.com.ar\/principal\/wp-json\/wp\/v2\/comments?post=41728"}],"version-history":[{"count":0,"href":"https:\/\/www.hoymercedes.com.ar\/principal\/wp-json\/wp\/v2\/posts\/41728\/revisions"}],"wp:featuredmedia":[{"embeddable":true,"href":"https:\/\/www.hoymercedes.com.ar\/principal\/wp-json\/wp\/v2\/media\/41729"}],"wp:attachment":[{"href":"https:\/\/www.hoymercedes.com.ar\/principal\/wp-json\/wp\/v2\/media?parent=41728"}],"wp:term":[{"taxonomy":"category","embeddable":true,"href":"https:\/\/www.hoymercedes.com.ar\/principal\/wp-json\/wp\/v2\/categories?post=41728"},{"taxonomy":"post_tag","embeddable":true,"href":"https:\/\/www.hoymercedes.com.ar\/principal\/wp-json\/wp\/v2\/tags?post=41728"}],"curies":[{"name":"wp","href":"https:\/\/api.w.org\/{rel}","templated":true}]}}