{"id":41769,"date":"2015-05-19T09:56:57","date_gmt":"2015-05-19T12:56:57","guid":{"rendered":"http:\/\/www.hoymercedes.com.ar\/principal\/?p=41769"},"modified":"2015-05-19T21:50:50","modified_gmt":"2015-05-20T00:50:50","slug":"roban-conocido-comercio-en-calle-25-y-26-a-mano-armada","status":"publish","type":"post","link":"https:\/\/www.hoymercedes.com.ar\/principal\/2015\/05\/19\/roban-conocido-comercio-en-calle-25-y-26-a-mano-armada\/","title":{"rendered":"Roban conocido comercio en calle 25 y 26 a mano armada por un masculino"},"content":{"rendered":"<p><em><strong>A primera hora de \u00e9ste martes se produjo en pleno radio c\u00e9ntrico un robo con un fuerte susto para la empleada del comercio asaltado dado que intent\u00f3 el delincuente encerrarla en el ba\u00f1o, se supo extra oficialmente, a pesar de haber entregado todo lo solicitado.\u00a0<\/strong><\/em><\/p>\n<p>Alrededor de las 08.30am cuando el local abr\u00eda sus puestas un desconocido ingres\u00f3\u00a0y sin terminar de saber si pose\u00eda o no un arma amenaz\u00f3 a la joven empleada que atend\u00eda el comercio \u201cLegacy\u201d de calle 25 esquina 26. Con su mano en el bolsillo se mostraba amenazante ante la joven como si \u00abposeyera un arma\u00bb<\/p>\n<p>En el robo se llevaron $4000 pesos en efectivo y buena cantidad de ropa.<\/p>\n<p>Al momento de escribir estas l\u00edneas trabajaba la polic\u00eda en el lugar ante lo cual se espera el resultado de la investigaci\u00f3n y peritajes. Tambi\u00e9n entrevistaron a los comerciantes de los alrededores y buscaban filmaciones en las c\u00e1maras cercanas.<\/p>\n<p>Los comerciantes de la zona quedaron ampliamente sorprendidos. Comentaban que no vieron nada sospechoso y que ni imaginaban lo que estaba sucediendo hasta que empez\u00f3 a saberse la noticia cuando la joven logr\u00f3 llamar a la due\u00f1a del local que r\u00e1pidamente arrib\u00f3 al mismo.<\/p>\n<p>El local \u201cLegacy\u201d espera abrir sus puertas normalmente tras las acciones policiales.<\/p>\n<p>&nbsp;<\/p>\n<p><img loading=\"lazy\" decoding=\"async\" data-attachment-id=\"41770\" data-permalink=\"https:\/\/www.hoymercedes.com.ar\/principal\/2015\/05\/19\/roban-conocido-comercio-en-calle-25-y-26-a-mano-armada\/policia-legacy\/#main\" data-orig-file=\"https:\/\/www.hoymercedes.com.ar\/principal\/wp-content\/uploads\/2015\/05\/policia-legacy.jpg\" data-orig-size=\"620,465\" data-comments-opened=\"1\" data-image-meta=\"{&quot;aperture&quot;:&quot;0&quot;,&quot;credit&quot;:&quot;&quot;,&quot;camera&quot;:&quot;&quot;,&quot;caption&quot;:&quot;&quot;,&quot;created_timestamp&quot;:&quot;0&quot;,&quot;copyright&quot;:&quot;&quot;,&quot;focal_length&quot;:&quot;0&quot;,&quot;iso&quot;:&quot;0&quot;,&quot;shutter_speed&quot;:&quot;0&quot;,&quot;title&quot;:&quot;&quot;,&quot;orientation&quot;:&quot;0&quot;}\" data-image-title=\"policia-legacy\" data-image-description=\"\" data-image-caption=\"\" data-large-file=\"https:\/\/www.hoymercedes.com.ar\/principal\/wp-content\/uploads\/2015\/05\/policia-legacy.jpg\" class=\"Img2014 aligncenter wp-image-41770\" title=\"robo en mercedes, legacy\" src=\"https:\/\/www.hoymercedes.com.ar\/principal\/wp-content\/uploads\/2015\/05\/policia-legacy.jpg\" alt=\"policia-legacy\" width=\"630\" height=\"473\" srcset=\"https:\/\/www.hoymercedes.com.ar\/principal\/wp-content\/uploads\/2015\/05\/policia-legacy.jpg 620w, https:\/\/www.hoymercedes.com.ar\/principal\/wp-content\/uploads\/2015\/05\/policia-legacy-150x113.jpg 150w, https:\/\/www.hoymercedes.com.ar\/principal\/wp-content\/uploads\/2015\/05\/policia-legacy-290x218.jpg 290w, https:\/\/www.hoymercedes.com.ar\/principal\/wp-content\/uploads\/2015\/05\/policia-legacy-50x38.jpg 50w\" sizes=\"auto, (max-width: 630px) 100vw, 630px\" \/><\/p>\n<p>&nbsp;<\/p>\n<p>&nbsp;<\/p>\n<p>&nbsp;<\/p>\n<p>&nbsp;<\/p>\n<p>&nbsp;<\/p>\n","protected":false},"excerpt":{"rendered":"<p>A primera hora de \u00e9ste martes se produjo en pleno radio c\u00e9ntrico un robo con un fuerte susto para la &#8230; <a title=\"Roban conocido comercio en calle 25 y 26 a mano armada por un masculino\" class=\"read-more\" href=\"https:\/\/www.hoymercedes.com.ar\/principal\/2015\/05\/19\/roban-conocido-comercio-en-calle-25-y-26-a-mano-armada\/\" aria-label=\"Leer m\u00e1s sobre Roban conocido comercio en calle 25 y 26 a mano armada por un masculino\">Leer m\u00e1s<\/a><\/p>\n","protected":false},"author":1,"featured_media":41770,"comment_status":"open","ping_status":"open","sticky":false,"template":"","format":"standard","meta":{"_monsterinsights_skip_tracking":false,"_monsterinsights_sitenote_active":false,"_monsterinsights_sitenote_note":"","_monsterinsights_sitenote_category":0,"jetpack_post_was_ever_published":false,"_jetpack_newsletter_access":"","_jetpack_dont_email_post_to_subs":false,"_jetpack_newsletter_tier_id":0,"_jetpack_memberships_contains_paywalled_content":false,"_jetpack_memberships_contains_paid_content":false,"footnotes":"","jetpack_publicize_message":"","jetpack_publicize_feature_enabled":true,"jetpack_social_post_already_shared":true,"jetpack_social_options":{"image_generator_settings":{"template":"highway","default_image_id":0,"font":"","enabled":false},"version":2},"_wpas_customize_per_network":false},"categories":[85],"tags":[7343,2302],"class_list":["post-41769","post","type-post","status-publish","format-standard","has-post-thumbnail","hentry","category-policial","tag-legacy","tag-robo-en-mercedes","generate-columns","tablet-grid-50","mobile-grid-100","grid-parent","grid-50"],"jetpack_publicize_connections":[],"jetpack_featured_media_url":"https:\/\/www.hoymercedes.com.ar\/principal\/wp-content\/uploads\/2015\/05\/policia-legacy.jpg","wps_subtitle":"Fuerte susto para la empleada","jetpack_sharing_enabled":true,"_links":{"self":[{"href":"https:\/\/www.hoymercedes.com.ar\/principal\/wp-json\/wp\/v2\/posts\/41769","targetHints":{"allow":["GET"]}}],"collection":[{"href":"https:\/\/www.hoymercedes.com.ar\/principal\/wp-json\/wp\/v2\/posts"}],"about":[{"href":"https:\/\/www.hoymercedes.com.ar\/principal\/wp-json\/wp\/v2\/types\/post"}],"author":[{"embeddable":true,"href":"https:\/\/www.hoymercedes.com.ar\/principal\/wp-json\/wp\/v2\/users\/1"}],"replies":[{"embeddable":true,"href":"https:\/\/www.hoymercedes.com.ar\/principal\/wp-json\/wp\/v2\/comments?post=41769"}],"version-history":[{"count":0,"href":"https:\/\/www.hoymercedes.com.ar\/principal\/wp-json\/wp\/v2\/posts\/41769\/revisions"}],"wp:featuredmedia":[{"embeddable":true,"href":"https:\/\/www.hoymercedes.com.ar\/principal\/wp-json\/wp\/v2\/media\/41770"}],"wp:attachment":[{"href":"https:\/\/www.hoymercedes.com.ar\/principal\/wp-json\/wp\/v2\/media?parent=41769"}],"wp:term":[{"taxonomy":"category","embeddable":true,"href":"https:\/\/www.hoymercedes.com.ar\/principal\/wp-json\/wp\/v2\/categories?post=41769"},{"taxonomy":"post_tag","embeddable":true,"href":"https:\/\/www.hoymercedes.com.ar\/principal\/wp-json\/wp\/v2\/tags?post=41769"}],"curies":[{"name":"wp","href":"https:\/\/api.w.org\/{rel}","templated":true}]}}