{"id":41804,"date":"2015-05-20T12:00:55","date_gmt":"2015-05-20T15:00:55","guid":{"rendered":"http:\/\/www.hoymercedes.com.ar\/principal\/?p=41804"},"modified":"2015-05-21T13:47:05","modified_gmt":"2015-05-21T16:47:05","slug":"agrupacion-jauretche-el-intendente-solo-se-acuerda-de-la-ciudad-unos-meses-antes-de-las-elecciones","status":"publish","type":"post","link":"https:\/\/www.hoymercedes.com.ar\/principal\/2015\/05\/20\/agrupacion-jauretche-el-intendente-solo-se-acuerda-de-la-ciudad-unos-meses-antes-de-las-elecciones\/","title":{"rendered":"Agrupaci\u00f3n Jauretche: \u201cEl intendente s\u00f3lo se acuerda de la ciudad unos meses antes de las elecciones\u201d"},"content":{"rendered":"<p><a href=\"https:\/\/www.hoymercedes.com.ar\/principal\/wp-content\/uploads\/2014\/11\/marianocastelucci-mercedes.jpg\"><img loading=\"lazy\" decoding=\"async\" data-attachment-id=\"37973\" data-permalink=\"https:\/\/www.hoymercedes.com.ar\/principal\/2014\/11\/24\/proponen-crear-direccion-de-estadisticas-y-censos-en-mercedes\/marianocastelucci-mercedes-2\/#main\" data-orig-file=\"https:\/\/www.hoymercedes.com.ar\/principal\/wp-content\/uploads\/2014\/11\/marianocastelucci-mercedes.jpg\" data-orig-size=\"620,463\" data-comments-opened=\"1\" data-image-meta=\"{&quot;aperture&quot;:&quot;0&quot;,&quot;credit&quot;:&quot;&quot;,&quot;camera&quot;:&quot;&quot;,&quot;caption&quot;:&quot;&quot;,&quot;created_timestamp&quot;:&quot;0&quot;,&quot;copyright&quot;:&quot;&quot;,&quot;focal_length&quot;:&quot;0&quot;,&quot;iso&quot;:&quot;0&quot;,&quot;shutter_speed&quot;:&quot;0&quot;,&quot;title&quot;:&quot;&quot;,&quot;orientation&quot;:&quot;0&quot;}\" data-image-title=\"marianocastelucci-mercedes\" data-image-description=\"\" data-image-caption=\"\" data-large-file=\"https:\/\/www.hoymercedes.com.ar\/principal\/wp-content\/uploads\/2014\/11\/marianocastelucci-mercedes.jpg\" class=\"Img2014 aligncenter wp-image-37973 size-full\" title=\"Castelucci, mariano\" src=\"https:\/\/www.hoymercedes.com.ar\/principal\/wp-content\/uploads\/2014\/11\/marianocastelucci-mercedes.jpg\" alt=\"marianocastelucci-mercedes\" width=\"620\" height=\"463\" \/><\/a><\/p>\n<p><em><strong>La Juventud de la Agrupaci\u00f3n Dr. Arturo Jauretche se encuentra preocupada por el lamentable estado general en que se encuentra nuestra querida ciudad. Y cuando ven el slogan \u201cun cambio justo\u201d que promueve el Intendente Carlos Selva, se preguntan \u00bfde qu\u00e9 cambio estamos hablando? \u00bfAcaso su reelecci\u00f3n no significa continuar con una gesti\u00f3n tal cual a la que hemos vivido en los \u00faltimos doce a\u00f1os?<\/strong><\/em><\/p>\n<p>\u201cEl intendente s\u00f3lo se acuerda de la ciudad unos meses antes de las elecciones\u201d afirman, \u201cy encima los mercedinos parece que tuvi\u00e9ramos memoria corta porque nos olvidamos que unos meses antes estaba todo sucio y abandonado\u201d. Basta con repasar los diarios locales para refrescarnos la memoria: reclamos por la inseguridad, calles sucias por plantas sin podar, calles de tierra sin regar, caminos rurales intransitables, falta de mantenimiento en zanjas y desag\u00fces, escasa iluminaci\u00f3n en los barrios, ausencia de obra p\u00fablica, caos vehicular. \u201cCaen cuatro gotas y Mercedes colapsa\u201d sostienen.<\/p>\n<p>Si bien tener intendentes \u201ceternos\u201d no es bueno porque les hace pensar que son due\u00f1os de la ciudad, por otro lado, la existencia de una municipalidad \u201cparalela\u201d tampoco es saludable para el sistema democr\u00e1tico. \u201cNuestra agrupaci\u00f3n no adhiere con ninguna de las dos, ac\u00e1 no se trata de quien ser\u00e1 el due\u00f1o de Mercedes, ac\u00e1 se trata tener un poder ejecutivo leg\u00edtimamente elegido que haga lo mejor para la ciudad y la gente, porque la ciudad es de todos y para todos, \u00a1\u00e9ste es el cambio justo!\u201d.<br \/>\n(Prensa Agrupaci\u00f3n Jauretche)<\/p>\n<p>&nbsp;<\/p>\n<p>&nbsp;<\/p>\n<p>&nbsp;<\/p>\n<p>&nbsp;<\/p>\n","protected":false},"excerpt":{"rendered":"<p>La Juventud de la Agrupaci\u00f3n Dr. Arturo Jauretche se encuentra preocupada por el lamentable estado general en que se encuentra &#8230; <a title=\"Agrupaci\u00f3n Jauretche: \u201cEl intendente s\u00f3lo se acuerda de la ciudad unos meses antes de las elecciones\u201d\" class=\"read-more\" href=\"https:\/\/www.hoymercedes.com.ar\/principal\/2015\/05\/20\/agrupacion-jauretche-el-intendente-solo-se-acuerda-de-la-ciudad-unos-meses-antes-de-las-elecciones\/\" aria-label=\"Leer m\u00e1s sobre Agrupaci\u00f3n Jauretche: \u201cEl intendente s\u00f3lo se acuerda de la ciudad unos meses antes de las elecciones\u201d\">Leer m\u00e1s<\/a><\/p>\n","protected":false},"author":1,"featured_media":37973,"comment_status":"open","ping_status":"open","sticky":false,"template":"","format":"standard","meta":{"_monsterinsights_skip_tracking":false,"_monsterinsights_sitenote_active":false,"_monsterinsights_sitenote_note":"","_monsterinsights_sitenote_category":0,"jetpack_post_was_ever_published":false,"_jetpack_newsletter_access":"","_jetpack_dont_email_post_to_subs":false,"_jetpack_newsletter_tier_id":0,"_jetpack_memberships_contains_paywalled_content":false,"_jetpack_memberships_contains_paid_content":false,"footnotes":"","jetpack_publicize_message":"","jetpack_publicize_feature_enabled":true,"jetpack_social_post_already_shared":true,"jetpack_social_options":{"image_generator_settings":{"template":"highway","default_image_id":0,"font":"","enabled":false},"version":2},"_wpas_customize_per_network":false},"categories":[5],"tags":[513],"class_list":["post-41804","post","type-post","status-publish","format-standard","has-post-thumbnail","hentry","category-politica","tag-mariano-castelucci","generate-columns","tablet-grid-50","mobile-grid-100","grid-parent","grid-50"],"jetpack_publicize_connections":[],"jetpack_featured_media_url":"https:\/\/www.hoymercedes.com.ar\/principal\/wp-content\/uploads\/2014\/11\/marianocastelucci-mercedes.jpg","wps_subtitle":"Armado 2015","jetpack_sharing_enabled":true,"_links":{"self":[{"href":"https:\/\/www.hoymercedes.com.ar\/principal\/wp-json\/wp\/v2\/posts\/41804","targetHints":{"allow":["GET"]}}],"collection":[{"href":"https:\/\/www.hoymercedes.com.ar\/principal\/wp-json\/wp\/v2\/posts"}],"about":[{"href":"https:\/\/www.hoymercedes.com.ar\/principal\/wp-json\/wp\/v2\/types\/post"}],"author":[{"embeddable":true,"href":"https:\/\/www.hoymercedes.com.ar\/principal\/wp-json\/wp\/v2\/users\/1"}],"replies":[{"embeddable":true,"href":"https:\/\/www.hoymercedes.com.ar\/principal\/wp-json\/wp\/v2\/comments?post=41804"}],"version-history":[{"count":0,"href":"https:\/\/www.hoymercedes.com.ar\/principal\/wp-json\/wp\/v2\/posts\/41804\/revisions"}],"wp:featuredmedia":[{"embeddable":true,"href":"https:\/\/www.hoymercedes.com.ar\/principal\/wp-json\/wp\/v2\/media\/37973"}],"wp:attachment":[{"href":"https:\/\/www.hoymercedes.com.ar\/principal\/wp-json\/wp\/v2\/media?parent=41804"}],"wp:term":[{"taxonomy":"category","embeddable":true,"href":"https:\/\/www.hoymercedes.com.ar\/principal\/wp-json\/wp\/v2\/categories?post=41804"},{"taxonomy":"post_tag","embeddable":true,"href":"https:\/\/www.hoymercedes.com.ar\/principal\/wp-json\/wp\/v2\/tags?post=41804"}],"curies":[{"name":"wp","href":"https:\/\/api.w.org\/{rel}","templated":true}]}}