{"id":41815,"date":"2015-05-20T21:46:24","date_gmt":"2015-05-21T00:46:24","guid":{"rendered":"http:\/\/www.hoymercedes.com.ar\/principal\/?p=41815"},"modified":"2015-05-21T23:50:56","modified_gmt":"2015-05-22T02:50:56","slug":"roban-en-el-consejo-escolar-violentando-ventana-y-la-escuela-no12","status":"publish","type":"post","link":"https:\/\/www.hoymercedes.com.ar\/principal\/2015\/05\/20\/roban-en-el-consejo-escolar-violentando-ventana-y-la-escuela-no12\/","title":{"rendered":"Roban en el Consejo Escolar \u00a0violentando ventana y la Escuela N\u00ba12"},"content":{"rendered":"<p><a href=\"https:\/\/www.hoymercedes.com.ar\/principal\/wp-content\/uploads\/2014\/10\/MaggyOliva-ConsejoEscolarMercedes.jpg\"><img loading=\"lazy\" decoding=\"async\" data-attachment-id=\"37347\" data-permalink=\"https:\/\/www.hoymercedes.com.ar\/principal\/2014\/10\/29\/maggie-olivadio-detalles-de-las-escuelas-cerradas-este-jueves\/maggyoliva-consejoescolarmercedes\/#main\" data-orig-file=\"https:\/\/www.hoymercedes.com.ar\/principal\/wp-content\/uploads\/2014\/10\/MaggyOliva-ConsejoEscolarMercedes.jpg\" data-orig-size=\"620,465\" data-comments-opened=\"1\" data-image-meta=\"{&quot;aperture&quot;:&quot;5.3&quot;,&quot;credit&quot;:&quot;&quot;,&quot;camera&quot;:&quot;COOLPIX L820&quot;,&quot;caption&quot;:&quot;&quot;,&quot;created_timestamp&quot;:&quot;1401106523&quot;,&quot;copyright&quot;:&quot;&quot;,&quot;focal_length&quot;:&quot;32.8&quot;,&quot;iso&quot;:&quot;640&quot;,&quot;shutter_speed&quot;:&quot;0.0333333333333&quot;,&quot;title&quot;:&quot;&quot;,&quot;orientation&quot;:&quot;0&quot;}\" data-image-title=\"MaggyOliva-ConsejoEscolarMercedes\" data-image-description=\"\" data-image-caption=\"\" data-large-file=\"https:\/\/www.hoymercedes.com.ar\/principal\/wp-content\/uploads\/2014\/10\/MaggyOliva-ConsejoEscolarMercedes.jpg\" class=\"Img2014 aligncenter wp-image-37347 size-full\" title=\"Maggy Oliva, Consejo Escolar Mercedes, Robo Concejo Escolar Mercedes\" src=\"https:\/\/www.hoymercedes.com.ar\/principal\/wp-content\/uploads\/2014\/10\/MaggyOliva-ConsejoEscolarMercedes.jpg\" alt=\"MaggyOliva-ConsejoEscolarMercedes\" width=\"620\" height=\"465\" \/><\/a><\/p>\n<p>&nbsp;<\/p>\n<p><em><strong>Un nuevo hecho delictivo se dio contra el Sistema Educativo. En esta ocasi\u00f3n robaron en la Escuela N\u00ba12 y en el Consejo Escolar, tal como confirm\u00f3 su presidenta, Mar\u00eda Elena Oliva. Se robaron bienes inform\u00e1ticos donde estaban alojadas diversas informaciones de valor.<\/strong><\/em><\/p>\n<p>La presidente del Consejo Escolar coment\u00f3 que: \u201cencontramos una de las ventanas abierta de la parte de tesorer\u00eda donde observamos el faltante de dos computadoras\u201d, afirm\u00f3 ante la prensa, y remarcando que: \u201cestamos haciendo un relevamiento si hay alguna otra cosa o documentaci\u00f3n que se hayan llevado. La verdad que \u00e9stos hechos de inseguridad en las instituciones educativas son muy preocupantes y no es la primera vez. Tambi\u00e9n ingresaron y robaron en la Escuela N\u00ba12. Esto genera una incertidumbre, indignaci\u00f3n e impotencia. Genera un da\u00f1o a la instituci\u00f3n y al propio desenvolvimiento del Consejo Escolar\u201d, coment\u00f3\u00a0 Maggy Oliva visiblemente indignada por un nuevo golpe a las instituciones educativa o de gesti\u00f3n educativa, como lo es el Consejo Escolar.<\/p>\n<p>Recordemos que el Consejo Escolar se encuentra en el predio del ex Mart\u00edn Rodr\u00edguez luego de que fueran intimados a desalojo de la casa que ocupaban porque la Provincia dej\u00f3 de pagar el alquiler siendo hospedados en el edificio del Estado Nacional bajo gastos solventados por la Municipalidad. En el mismo predio se encuentra la Direcci\u00f3n de Deportes, la Secretar\u00eda de Control Urbano y el Centro de Referencia Regional del Ministerio de Desarrollo Social de la Naci\u00f3n.<\/p>\n<p>En el \u00e1rea municipal hay una guardia de seguridad, pero, no cubre dicho sector. Tampoco hay c\u00e1maras de seguridad en la zona en que violentaron la ventana que por el momento no posee rejas, pero, a partir de ahora se empez\u00f3 a evaluar c\u00f3mo mejorar la seguridad del edificio.<\/p>\n<p>Maggy Oliva expreso tambi\u00e9n que: \u201cestuvieron trabajando la polic\u00eda, donde se radic\u00f3 la denuncia, as\u00ed como la Cient\u00edfica que busc\u00f3 huellas digitales\u201d.<\/p>\n<p><strong>Golpe<\/strong><\/p>\n<p>Los golpes de la delincuencia a la educaci\u00f3n sin duda son los que m\u00e1s indignan. El Consejo Escolar es un ente que regula actividades en torno a las instituciones. A las escuelas, como la 12, les cuesta much\u00edsimo tener cada uno de los bienes, como las computadoras o impresoras, que poseen. Las cooperadoras trabajan much\u00edsimo para cada insumo o elemento que son parte de la vida educativa de los m\u00e1s peque\u00f1os. Indudablemente la indignaci\u00f3n es mayor porque se aprovechan de los que menos tienen y es un golpe a toda la ciudadan\u00eda.<\/p>\n<p>&nbsp;<\/p>\n","protected":false},"excerpt":{"rendered":"<p>&nbsp; Un nuevo hecho delictivo se dio contra el Sistema Educativo. En esta ocasi\u00f3n robaron en la Escuela N\u00ba12 y &#8230; <a title=\"Roban en el Consejo Escolar \u00a0violentando ventana y la Escuela N\u00ba12\" class=\"read-more\" href=\"https:\/\/www.hoymercedes.com.ar\/principal\/2015\/05\/20\/roban-en-el-consejo-escolar-violentando-ventana-y-la-escuela-no12\/\" aria-label=\"Leer m\u00e1s sobre Roban en el Consejo Escolar \u00a0violentando ventana y la Escuela N\u00ba12\">Leer m\u00e1s<\/a><\/p>\n","protected":false},"author":1,"featured_media":37347,"comment_status":"open","ping_status":"open","sticky":false,"template":"","format":"standard","meta":{"_monsterinsights_skip_tracking":false,"_monsterinsights_sitenote_active":false,"_monsterinsights_sitenote_note":"","_monsterinsights_sitenote_category":0,"jetpack_post_was_ever_published":false,"_jetpack_newsletter_access":"","_jetpack_dont_email_post_to_subs":false,"_jetpack_newsletter_tier_id":0,"_jetpack_memberships_contains_paywalled_content":false,"_jetpack_memberships_contains_paid_content":false,"footnotes":"","jetpack_publicize_message":"","jetpack_publicize_feature_enabled":true,"jetpack_social_post_already_shared":true,"jetpack_social_options":{"image_generator_settings":{"template":"highway","default_image_id":0,"font":"","enabled":false},"version":2},"_wpas_customize_per_network":false},"categories":[85],"tags":[628,5326,7354],"class_list":["post-41815","post","type-post","status-publish","format-standard","has-post-thumbnail","hentry","category-policial","tag-consejo-escolar-mercedes","tag-maggy-oliva","tag-robo-concejo-escolar-mercedes","generate-columns","tablet-grid-50","mobile-grid-100","grid-parent","grid-50"],"jetpack_publicize_connections":[],"jetpack_featured_media_url":"https:\/\/www.hoymercedes.com.ar\/principal\/wp-content\/uploads\/2014\/10\/MaggyOliva-ConsejoEscolarMercedes.jpg","wps_subtitle":"Golpe a la educaci\u00f3n","jetpack_sharing_enabled":true,"_links":{"self":[{"href":"https:\/\/www.hoymercedes.com.ar\/principal\/wp-json\/wp\/v2\/posts\/41815","targetHints":{"allow":["GET"]}}],"collection":[{"href":"https:\/\/www.hoymercedes.com.ar\/principal\/wp-json\/wp\/v2\/posts"}],"about":[{"href":"https:\/\/www.hoymercedes.com.ar\/principal\/wp-json\/wp\/v2\/types\/post"}],"author":[{"embeddable":true,"href":"https:\/\/www.hoymercedes.com.ar\/principal\/wp-json\/wp\/v2\/users\/1"}],"replies":[{"embeddable":true,"href":"https:\/\/www.hoymercedes.com.ar\/principal\/wp-json\/wp\/v2\/comments?post=41815"}],"version-history":[{"count":0,"href":"https:\/\/www.hoymercedes.com.ar\/principal\/wp-json\/wp\/v2\/posts\/41815\/revisions"}],"wp:featuredmedia":[{"embeddable":true,"href":"https:\/\/www.hoymercedes.com.ar\/principal\/wp-json\/wp\/v2\/media\/37347"}],"wp:attachment":[{"href":"https:\/\/www.hoymercedes.com.ar\/principal\/wp-json\/wp\/v2\/media?parent=41815"}],"wp:term":[{"taxonomy":"category","embeddable":true,"href":"https:\/\/www.hoymercedes.com.ar\/principal\/wp-json\/wp\/v2\/categories?post=41815"},{"taxonomy":"post_tag","embeddable":true,"href":"https:\/\/www.hoymercedes.com.ar\/principal\/wp-json\/wp\/v2\/tags?post=41815"}],"curies":[{"name":"wp","href":"https:\/\/api.w.org\/{rel}","templated":true}]}}