{"id":41830,"date":"2015-05-21T13:31:52","date_gmt":"2015-05-21T16:31:52","guid":{"rendered":"http:\/\/www.hoymercedes.com.ar\/principal\/?p=41830"},"modified":"2015-05-21T23:47:31","modified_gmt":"2015-05-22T02:47:31","slug":"lucas-fal-rodeado-de-candidatos-a-concejal-presento-ideas-de-gobierno","status":"publish","type":"post","link":"https:\/\/www.hoymercedes.com.ar\/principal\/2015\/05\/21\/lucas-fal-rodeado-de-candidatos-a-concejal-presento-ideas-de-gobierno\/","title":{"rendered":"Lucas Fal, rodeado de candidatos a concejal, present\u00f3 \u201cideas de gobierno\u201d"},"content":{"rendered":"<p><a href=\"https:\/\/www.hoymercedes.com.ar\/principal\/wp-content\/uploads\/2015\/05\/fal-2015-3.jpg\"><img loading=\"lazy\" decoding=\"async\" data-attachment-id=\"41831\" data-permalink=\"https:\/\/www.hoymercedes.com.ar\/principal\/2015\/05\/21\/lucas-fal-rodeado-de-candidatos-a-concejal-presento-ideas-de-gobierno\/fal-2015-3\/#main\" data-orig-file=\"https:\/\/www.hoymercedes.com.ar\/principal\/wp-content\/uploads\/2015\/05\/fal-2015-3.jpg\" data-orig-size=\"620,412\" data-comments-opened=\"1\" data-image-meta=\"{&quot;aperture&quot;:&quot;0&quot;,&quot;credit&quot;:&quot;&quot;,&quot;camera&quot;:&quot;&quot;,&quot;caption&quot;:&quot;&quot;,&quot;created_timestamp&quot;:&quot;0&quot;,&quot;copyright&quot;:&quot;&quot;,&quot;focal_length&quot;:&quot;0&quot;,&quot;iso&quot;:&quot;0&quot;,&quot;shutter_speed&quot;:&quot;0&quot;,&quot;title&quot;:&quot;&quot;,&quot;orientation&quot;:&quot;0&quot;}\" data-image-title=\"fal-2015-3\" data-image-description=\"\" data-image-caption=\"\" data-large-file=\"https:\/\/www.hoymercedes.com.ar\/principal\/wp-content\/uploads\/2015\/05\/fal-2015-3.jpg\" class=\"Img2014 aligncenter wp-image-41831 size-full\" title=\"Lucas Fal, UCR, Oscar Albini\" src=\"https:\/\/www.hoymercedes.com.ar\/principal\/wp-content\/uploads\/2015\/05\/fal-2015-3.jpg\" alt=\"fal-2015-3\" width=\"620\" height=\"412\" srcset=\"https:\/\/www.hoymercedes.com.ar\/principal\/wp-content\/uploads\/2015\/05\/fal-2015-3.jpg 620w, https:\/\/www.hoymercedes.com.ar\/principal\/wp-content\/uploads\/2015\/05\/fal-2015-3-150x100.jpg 150w, https:\/\/www.hoymercedes.com.ar\/principal\/wp-content\/uploads\/2015\/05\/fal-2015-3-290x193.jpg 290w, https:\/\/www.hoymercedes.com.ar\/principal\/wp-content\/uploads\/2015\/05\/fal-2015-3-50x33.jpg 50w\" sizes=\"auto, (max-width: 620px) 100vw, 620px\" \/><\/a><\/p>\n<p><em><strong>Desde la Uni\u00f3n C\u00edvica Radical Lucas Fal encabez\u00f3 la presentaci\u00f3n de \u201cIdeas de gobierno\u201d con miras a las pr\u00f3ximas elecciones a intendente. Lo hizo rodeado de los futuros candidatos a concejal: Oscar Albini, Alejandro Repetto y Edgar Killmeate. <\/strong><\/em><br \/>\nFue la formalizaci\u00f3n de la candidatura de Lucas Fal, que desde hace tiempo viene exponiendo a la ciudadan\u00eda las ideas y propuesta de gesti\u00f3n buscando ser gobierno local desde octubre. A su vez confirmaron ser\u00e1n parte de la interna \u201cJuntos\u201d que lo llevar\u00e1 a competir con los pre candidatos del PRO.<br \/>\n\u201cA menos de 90 d\u00edas de las elecciones es importante que los que pretendemos ser candidatos junto a sus colaboradores y equipos de trabajo nos presentemos p\u00fablicamente\u201d, dijo ante los medios de comunicaci\u00f3n Fal, a la vez que coment\u00f3 que: \u201cmuchos vecinos que comparten nuestras preocupaciones e ideas se siguen sumando. Estamos muy agradecidos por su apoyo. Muchas veces uno se muestra s\u00f3lo, pero, la realidad es que se trata de un fornido grupo de trabajo, de un proyecto solidario donde muchos aportan ideas que vamos haciendo p\u00fablicas\u201d, destac\u00f3 el hombre del radicalismo local rodeado de integrantes de su fuerza pol\u00edtica.<br \/>\n\u201cDesde agosto venimos exponiendo y elaborando ideas y proyectos. Muchos vecinos nos han aportado y queremos decirles que se acerquen y manifiesten sus preocupaciones, adhesi\u00f3n o discrepancia, que podamos construir ideas entre todo\u201d, remarc\u00f3 Lucas Fal en miras de continuar la gestaci\u00f3n de un proyecto colectivo.<br \/>\nLa mirada de largo plazo es la que expusieron, ya que: \u201ctenemos que hablar de un proyecto para los pr\u00f3ximos 20 a\u00f1os\u201d, mostrando la noci\u00f3n de planificaci\u00f3n m\u00e1s all\u00e1 de lo contextual.<br \/>\nDestacaron la necesidad de reafirmar las cuestiones barriales, las instituciones sociales y los clubes de barrios, la cultura amplia e integral.<br \/>\nFal tambi\u00e9n efectu\u00f3 una propuesta fuerte respecto al tema basura, donde \u201cMercedes tiene que estar m\u00e1s limpia. Por eso proponemos una gesti\u00f3n descentralizada de la basura\u201d.<\/p>\n<p><a href=\"https:\/\/www.hoymercedes.com.ar\/principal\/wp-content\/uploads\/2015\/05\/fal-2015.jpg\"><img loading=\"lazy\" decoding=\"async\" data-attachment-id=\"41832\" data-permalink=\"https:\/\/www.hoymercedes.com.ar\/principal\/2015\/05\/21\/lucas-fal-rodeado-de-candidatos-a-concejal-presento-ideas-de-gobierno\/fal-2015\/#main\" data-orig-file=\"https:\/\/www.hoymercedes.com.ar\/principal\/wp-content\/uploads\/2015\/05\/fal-2015.jpg\" data-orig-size=\"620,344\" data-comments-opened=\"1\" data-image-meta=\"{&quot;aperture&quot;:&quot;0&quot;,&quot;credit&quot;:&quot;&quot;,&quot;camera&quot;:&quot;&quot;,&quot;caption&quot;:&quot;&quot;,&quot;created_timestamp&quot;:&quot;0&quot;,&quot;copyright&quot;:&quot;&quot;,&quot;focal_length&quot;:&quot;0&quot;,&quot;iso&quot;:&quot;0&quot;,&quot;shutter_speed&quot;:&quot;0&quot;,&quot;title&quot;:&quot;&quot;,&quot;orientation&quot;:&quot;0&quot;}\" data-image-title=\"fal-2015\" data-image-description=\"\" data-image-caption=\"\" data-large-file=\"https:\/\/www.hoymercedes.com.ar\/principal\/wp-content\/uploads\/2015\/05\/fal-2015.jpg\" class=\"Img2014 aligncenter wp-image-41832 size-full\" title=\"Lucas Fal, UCR, Oscal Albini\" src=\"https:\/\/www.hoymercedes.com.ar\/principal\/wp-content\/uploads\/2015\/05\/fal-2015.jpg\" alt=\"fal-2015\" width=\"620\" height=\"344\" srcset=\"https:\/\/www.hoymercedes.com.ar\/principal\/wp-content\/uploads\/2015\/05\/fal-2015.jpg 620w, https:\/\/www.hoymercedes.com.ar\/principal\/wp-content\/uploads\/2015\/05\/fal-2015-150x83.jpg 150w, https:\/\/www.hoymercedes.com.ar\/principal\/wp-content\/uploads\/2015\/05\/fal-2015-290x161.jpg 290w, https:\/\/www.hoymercedes.com.ar\/principal\/wp-content\/uploads\/2015\/05\/fal-2015-50x28.jpg 50w\" sizes=\"auto, (max-width: 620px) 100vw, 620px\" \/><\/a><br \/>\nEn Gowland proponen, por ejemplo, la creaci\u00f3n de un CAP policonsultorio, mostrando la mirada integral de la ciudad que poseen.<br \/>\n\u201cEl \u00e9xito de mi gesti\u00f3n ser\u00e1 conformar equipos de trabajo para darle soluci\u00f3n a los problemas de la ciudad y sentar las bases de los proyectos a largo plazo, peo, fundamentalmente generar las condiciones para que otro vecino me suceda\u201d, remarc\u00f3 Lucas Fal dejando en claro la idea de no perpetuarse en el poder.<\/p>\n<p>&nbsp;<\/p>\n<p>&nbsp;<\/p>\n<p>&nbsp;<\/p>\n<p>&nbsp;<\/p>\n","protected":false},"excerpt":{"rendered":"<p>Desde la Uni\u00f3n C\u00edvica Radical Lucas Fal encabez\u00f3 la presentaci\u00f3n de \u201cIdeas de gobierno\u201d con miras a las pr\u00f3ximas elecciones &#8230; <a title=\"Lucas Fal, rodeado de candidatos a concejal, present\u00f3 \u201cideas de gobierno\u201d\" class=\"read-more\" href=\"https:\/\/www.hoymercedes.com.ar\/principal\/2015\/05\/21\/lucas-fal-rodeado-de-candidatos-a-concejal-presento-ideas-de-gobierno\/\" aria-label=\"Leer m\u00e1s sobre Lucas Fal, rodeado de candidatos a concejal, present\u00f3 \u201cideas de gobierno\u201d\">Leer m\u00e1s<\/a><\/p>\n","protected":false},"author":1,"featured_media":41831,"comment_status":"open","ping_status":"open","sticky":false,"template":"","format":"standard","meta":{"_monsterinsights_skip_tracking":false,"_monsterinsights_sitenote_active":false,"_monsterinsights_sitenote_note":"","_monsterinsights_sitenote_category":0,"jetpack_post_was_ever_published":false,"_jetpack_newsletter_access":"","_jetpack_dont_email_post_to_subs":false,"_jetpack_newsletter_tier_id":0,"_jetpack_memberships_contains_paywalled_content":false,"_jetpack_memberships_contains_paid_content":false,"footnotes":"","jetpack_publicize_message":"","jetpack_publicize_feature_enabled":true,"jetpack_social_post_already_shared":true,"jetpack_social_options":{"image_generator_settings":{"template":"highway","default_image_id":0,"font":"","enabled":false},"version":2},"_wpas_customize_per_network":false},"categories":[5],"tags":[6011,7357,2008,2834,408],"class_list":["post-41830","post","type-post","status-publish","format-standard","has-post-thumbnail","hentry","category-politica","tag-esteban-biagini","tag-intendentes-2015","tag-lucas-fal","tag-oscar-albini","tag-ucr","generate-columns","tablet-grid-50","mobile-grid-100","grid-parent","grid-50"],"jetpack_publicize_connections":[],"jetpack_featured_media_url":"https:\/\/www.hoymercedes.com.ar\/principal\/wp-content\/uploads\/2015\/05\/fal-2015-3.jpg","wps_subtitle":"Camino a la Intendencia 2015","jetpack_sharing_enabled":true,"jetpack-related-posts":[{"id":43144,"url":"https:\/\/www.hoymercedes.com.ar\/principal\/2015\/07\/16\/lucas-fal-debe-ser-el-proximo-intendente-de-mercedes-sostuvo-jorge-retegui\/","url_meta":{"origin":41830,"position":0},"title":"\u201cLucas Fal debe ser el pr\u00f3ximo Intendente de Mercedes\u201d, sostuvo Jorge Retegui","author":"hoymercedes","date":"16 julio, 2015","format":false,"excerpt":"\u00a0 Lo\u00a0 manifest\u00f3 el concejal mandato cumplido Jorge Retegui, quien trabaja en el equipo de Lucas Fal, en su carrera a ser Jefe Comunal. \u201cEs el candidato m\u00e1s capacitado para ocupar ese lugar\u201d dijo. \u00a0 El referente mercedino de la Coalici\u00f3n C\u00edvica Ari, cont\u00f3 porque el junto a un grupo\u2026","rel":"","context":"En \u00abPol\u00edtica\u00bb","block_context":{"text":"Pol\u00edtica","link":"https:\/\/www.hoymercedes.com.ar\/principal\/category\/politica\/"},"img":{"alt_text":"","src":"https:\/\/i0.wp.com\/www.hoymercedes.com.ar\/principal\/wp-content\/uploads\/2015\/07\/jorgeretegui-lucasfal.jpg?resize=350%2C200&ssl=1","width":350,"height":200,"srcset":"https:\/\/i0.wp.com\/www.hoymercedes.com.ar\/principal\/wp-content\/uploads\/2015\/07\/jorgeretegui-lucasfal.jpg?resize=350%2C200&ssl=1 1x, https:\/\/i0.wp.com\/www.hoymercedes.com.ar\/principal\/wp-content\/uploads\/2015\/07\/jorgeretegui-lucasfal.jpg?resize=525%2C300&ssl=1 1.5x"},"classes":[]},{"id":42610,"url":"https:\/\/www.hoymercedes.com.ar\/principal\/2015\/06\/25\/lucas-fal-con-criticas-e-ideas-de-gestion-se-lanzo-a-la-intendencia\/","url_meta":{"origin":41830,"position":1},"title":"Lucas Fal, con cr\u00edticas, ideas de gesti\u00f3n e importante visita se lanz\u00f3 a la intendencia","author":"hoymercedes","date":"25 junio, 2015","format":false,"excerpt":"\u00a0 Desde el \u201cFrente Cambiemos\u201d y en la Uni\u00f3n C\u00edvica Radical el pre candidato Lucas Fal se lanz\u00f3 con miras a las PASO que lo tendr\u00e1 como protagonista en las pr\u00f3ximas elecciones de agosto. En el acto, con m\u00e1s de 300 asistentes, estuvieron todos los integrantes de la lista y\u2026","rel":"","context":"En \u00abPol\u00edtica\u00bb","block_context":{"text":"Pol\u00edtica","link":"https:\/\/www.hoymercedes.com.ar\/principal\/category\/politica\/"},"img":{"alt_text":"","src":"https:\/\/i0.wp.com\/www.hoymercedes.com.ar\/principal\/wp-content\/uploads\/2015\/06\/FAL024.jpg?resize=350%2C200&ssl=1","width":350,"height":200,"srcset":"https:\/\/i0.wp.com\/www.hoymercedes.com.ar\/principal\/wp-content\/uploads\/2015\/06\/FAL024.jpg?resize=350%2C200&ssl=1 1x, https:\/\/i0.wp.com\/www.hoymercedes.com.ar\/principal\/wp-content\/uploads\/2015\/06\/FAL024.jpg?resize=525%2C300&ssl=1 1.5x"},"classes":[]},{"id":43546,"url":"https:\/\/www.hoymercedes.com.ar\/principal\/2015\/07\/31\/oscar-albini-estamos-preparados-con-lucas-para-gobernar-la-ciudad\/","url_meta":{"origin":41830,"position":2},"title":"Oscar Albini: \u201cEstamos\u00a0 preparados\u00a0 con Lucas para gobernar la ciudad\u201d","author":"hoymercedes","date":"31 julio, 2015","format":false,"excerpt":"El candidato a concejal por el Frente Cambiemos,\u00a0 lo manifest\u00f3 e hizo una evaluaci\u00f3n de todo su trabajo al frente de la Uni\u00f3n C\u00edvica Radical, donde lleva dos periodos como Presidente del comit\u00e9 distrital. En medio de la campa\u00f1a electoral el \u201cFlaco\u201d Albini, se tom\u00f3 un minuto para reflexionar acerca\u2026","rel":"","context":"En \u00abPol\u00edtica\u00bb","block_context":{"text":"Pol\u00edtica","link":"https:\/\/www.hoymercedes.com.ar\/principal\/category\/politica\/"},"img":{"alt_text":"","src":"https:\/\/i0.wp.com\/www.hoymercedes.com.ar\/principal\/wp-content\/uploads\/2015\/07\/Albini-Fal.jpg?resize=350%2C200&ssl=1","width":350,"height":200,"srcset":"https:\/\/i0.wp.com\/www.hoymercedes.com.ar\/principal\/wp-content\/uploads\/2015\/07\/Albini-Fal.jpg?resize=350%2C200&ssl=1 1x, https:\/\/i0.wp.com\/www.hoymercedes.com.ar\/principal\/wp-content\/uploads\/2015\/07\/Albini-Fal.jpg?resize=525%2C300&ssl=1 1.5x"},"classes":[]},{"id":42513,"url":"https:\/\/www.hoymercedes.com.ar\/principal\/2015\/06\/20\/lista-ucr-encabeza-lucas-fal-y-oscar-albini-primer-concejal\/","url_meta":{"origin":41830,"position":3},"title":"Lista UCR: Encabeza Lucas Fal y Oscar Albini primer concejal","author":"hoymercedes","date":"20 junio, 2015","format":false,"excerpt":"Dentro del Frente Cambiemos, con la interna de Macri, Sanz y Carri\u00f3 se enmarca la Uni\u00f3n C\u00edvica Radical de Mercedes donde Lucas Fal es el pre candidato a intendente y el actual presidente del comit\u00e9 partidario local, Oscar Albini, primer concejal. El listado completo es el siguiente: 1 - Oscar\u2026","rel":"","context":"En \u00abPol\u00edtica\u00bb","block_context":{"text":"Pol\u00edtica","link":"https:\/\/www.hoymercedes.com.ar\/principal\/category\/politica\/"},"img":{"alt_text":"","src":"https:\/\/i0.wp.com\/www.hoymercedes.com.ar\/principal\/wp-content\/uploads\/2015\/05\/fal-2015.jpg?resize=350%2C200&ssl=1","width":350,"height":200,"srcset":"https:\/\/i0.wp.com\/www.hoymercedes.com.ar\/principal\/wp-content\/uploads\/2015\/05\/fal-2015.jpg?resize=350%2C200&ssl=1 1x, https:\/\/i0.wp.com\/www.hoymercedes.com.ar\/principal\/wp-content\/uploads\/2015\/05\/fal-2015.jpg?resize=525%2C300&ssl=1 1.5x"},"classes":[]},{"id":170469,"url":"https:\/\/www.hoymercedes.com.ar\/principal\/2023\/12\/09\/calle-y-paseo-en-homenaje-a-lucas-fal\/","url_meta":{"origin":41830,"position":4},"title":"Calle y paseo en homenaje a Lucas Fal","author":"hoymercedes","date":"9 diciembre, 2023","format":false,"excerpt":"Durante la ma\u00f1ana de este s\u00e1bado 9 de diciembre, a pocas horas de celebrarse los 40 a\u00f1os de Democracia ininterrumpida en Argentina, en la plaza que est\u00e1 entre las principales estaciones de trenes y que se conoce como Paseo de la Juventud se oficializ\u00f3 la imposici\u00f3n de nombre a la\u2026","rel":"","context":"En \u00abSociedad\u00bb","block_context":{"text":"Sociedad","link":"https:\/\/www.hoymercedes.com.ar\/principal\/category\/sociedad\/"},"img":{"alt_text":"","src":"https:\/\/i0.wp.com\/www.hoymercedes.com.ar\/principal\/wp-content\/uploads\/2023\/12\/pasaje-lucas-fal-1.jpg?resize=350%2C200&ssl=1","width":350,"height":200,"srcset":"https:\/\/i0.wp.com\/www.hoymercedes.com.ar\/principal\/wp-content\/uploads\/2023\/12\/pasaje-lucas-fal-1.jpg?resize=350%2C200&ssl=1 1x, https:\/\/i0.wp.com\/www.hoymercedes.com.ar\/principal\/wp-content\/uploads\/2023\/12\/pasaje-lucas-fal-1.jpg?resize=525%2C300&ssl=1 1.5x, https:\/\/i0.wp.com\/www.hoymercedes.com.ar\/principal\/wp-content\/uploads\/2023\/12\/pasaje-lucas-fal-1.jpg?resize=700%2C400&ssl=1 2x"},"classes":[]},{"id":44294,"url":"https:\/\/www.hoymercedes.com.ar\/principal\/2015\/08\/30\/lucas-fal-vamos-a-gobernar-con-ideas-decencia-y-honradez\/","url_meta":{"origin":41830,"position":5},"title":"Lucas Fal: \u201cVamos a gobernar con ideas, decencia y honradez\u201d","author":"hoymercedes","date":"30 agosto, 2015","format":false,"excerpt":"\u00a0 \u201cVamos a gobernar con ideas, decencia y honradez\u201d, Lo dijo el candidato a Intendente Lucas Fal, quien a menos de 60\u00a0idas\u00a0de las elecciones generales se\u00a0muestra confiado, que el trabajo que viene realizando lo llevara a ser el pr\u00f3ximo Jefe Comunal. El Frente Cambiemos, sumados los votos de los cuatro\u2026","rel":"","context":"En \u00abPol\u00edtica\u00bb","block_context":{"text":"Pol\u00edtica","link":"https:\/\/www.hoymercedes.com.ar\/principal\/category\/politica\/"},"img":{"alt_text":"","src":"https:\/\/i0.wp.com\/www.hoymercedes.com.ar\/principal\/wp-content\/uploads\/2015\/07\/lucasfal.jpg?resize=350%2C200&ssl=1","width":350,"height":200,"srcset":"https:\/\/i0.wp.com\/www.hoymercedes.com.ar\/principal\/wp-content\/uploads\/2015\/07\/lucasfal.jpg?resize=350%2C200&ssl=1 1x, https:\/\/i0.wp.com\/www.hoymercedes.com.ar\/principal\/wp-content\/uploads\/2015\/07\/lucasfal.jpg?resize=525%2C300&ssl=1 1.5x"},"classes":[]}],"_links":{"self":[{"href":"https:\/\/www.hoymercedes.com.ar\/principal\/wp-json\/wp\/v2\/posts\/41830","targetHints":{"allow":["GET"]}}],"collection":[{"href":"https:\/\/www.hoymercedes.com.ar\/principal\/wp-json\/wp\/v2\/posts"}],"about":[{"href":"https:\/\/www.hoymercedes.com.ar\/principal\/wp-json\/wp\/v2\/types\/post"}],"author":[{"embeddable":true,"href":"https:\/\/www.hoymercedes.com.ar\/principal\/wp-json\/wp\/v2\/users\/1"}],"replies":[{"embeddable":true,"href":"https:\/\/www.hoymercedes.com.ar\/principal\/wp-json\/wp\/v2\/comments?post=41830"}],"version-history":[{"count":0,"href":"https:\/\/www.hoymercedes.com.ar\/principal\/wp-json\/wp\/v2\/posts\/41830\/revisions"}],"wp:featuredmedia":[{"embeddable":true,"href":"https:\/\/www.hoymercedes.com.ar\/principal\/wp-json\/wp\/v2\/media\/41831"}],"wp:attachment":[{"href":"https:\/\/www.hoymercedes.com.ar\/principal\/wp-json\/wp\/v2\/media?parent=41830"}],"wp:term":[{"taxonomy":"category","embeddable":true,"href":"https:\/\/www.hoymercedes.com.ar\/principal\/wp-json\/wp\/v2\/categories?post=41830"},{"taxonomy":"post_tag","embeddable":true,"href":"https:\/\/www.hoymercedes.com.ar\/principal\/wp-json\/wp\/v2\/tags?post=41830"}],"curies":[{"name":"wp","href":"https:\/\/api.w.org\/{rel}","templated":true}]}}