{"id":41844,"date":"2015-05-21T23:46:46","date_gmt":"2015-05-22T02:46:46","guid":{"rendered":"http:\/\/www.hoymercedes.com.ar\/principal\/?p=41844"},"modified":"2015-05-22T20:40:44","modified_gmt":"2015-05-22T23:40:44","slug":"importante-encuentro-de-fomentistas-en-ajb-pensando-en-el-presupuesto-participativo","status":"publish","type":"post","link":"https:\/\/www.hoymercedes.com.ar\/principal\/2015\/05\/21\/importante-encuentro-de-fomentistas-en-ajb-pensando-en-el-presupuesto-participativo\/","title":{"rendered":"Importante encuentro de fomentistas en AJB pensando en el \u201cPresupuesto participativo\u201d"},"content":{"rendered":"<p><a href=\"https:\/\/www.hoymercedes.com.ar\/principal\/wp-content\/uploads\/2015\/05\/fomentistas-ajb-mercedes.jpg\"><img loading=\"lazy\" decoding=\"async\" data-attachment-id=\"41845\" data-permalink=\"https:\/\/www.hoymercedes.com.ar\/principal\/2015\/05\/21\/importante-encuentro-de-fomentistas-en-ajb-pensando-en-el-presupuesto-participativo\/fomentistas-ajb-mercedes\/#main\" data-orig-file=\"https:\/\/www.hoymercedes.com.ar\/principal\/wp-content\/uploads\/2015\/05\/fomentistas-ajb-mercedes.jpg\" data-orig-size=\"620,356\" data-comments-opened=\"1\" data-image-meta=\"{&quot;aperture&quot;:&quot;0&quot;,&quot;credit&quot;:&quot;&quot;,&quot;camera&quot;:&quot;&quot;,&quot;caption&quot;:&quot;&quot;,&quot;created_timestamp&quot;:&quot;0&quot;,&quot;copyright&quot;:&quot;&quot;,&quot;focal_length&quot;:&quot;0&quot;,&quot;iso&quot;:&quot;0&quot;,&quot;shutter_speed&quot;:&quot;0&quot;,&quot;title&quot;:&quot;&quot;,&quot;orientation&quot;:&quot;0&quot;}\" data-image-title=\"fomentistas-ajb-mercedes\" data-image-description=\"\" data-image-caption=\"\" data-large-file=\"https:\/\/www.hoymercedes.com.ar\/principal\/wp-content\/uploads\/2015\/05\/fomentistas-ajb-mercedes.jpg\" class=\"Img2014 aligncenter wp-image-41845 size-full\" title=\"Fomentistas de Mercedes, Presupuesto Participativo, Barrios de Mercedes\" src=\"https:\/\/www.hoymercedes.com.ar\/principal\/wp-content\/uploads\/2015\/05\/fomentistas-ajb-mercedes.jpg\" alt=\"fomentistas-ajb-mercedes\" width=\"620\" height=\"356\" srcset=\"https:\/\/www.hoymercedes.com.ar\/principal\/wp-content\/uploads\/2015\/05\/fomentistas-ajb-mercedes.jpg 620w, https:\/\/www.hoymercedes.com.ar\/principal\/wp-content\/uploads\/2015\/05\/fomentistas-ajb-mercedes-150x86.jpg 150w, https:\/\/www.hoymercedes.com.ar\/principal\/wp-content\/uploads\/2015\/05\/fomentistas-ajb-mercedes-290x167.jpg 290w, https:\/\/www.hoymercedes.com.ar\/principal\/wp-content\/uploads\/2015\/05\/fomentistas-ajb-mercedes-50x29.jpg 50w\" sizes=\"auto, (max-width: 620px) 100vw, 620px\" \/><\/a><\/p>\n<p>Un importante encuentro se llev\u00f3 a cabo en la AJB donde representes de diferentes barrios se encontraron para debatir e informarse respecto a \u201cpresupuesto participativo\u201d. Fue durante la tarde de \u00e9ste jueves.<\/p>\n<p>Este jueves 21 a las 19.30 hs en las instalaciones de la AJB, se llev\u00f3 a cabo una gran reuni\u00f3n de representantes barriales, ellos son: La Amistad, Virgen del Rosario, Villa del Parque Oeste, San Jorge, Seminario, Soldado Balvidares, G\u00fcemes, Blandengues, Hip\u00f3lito Yrigoyen, Esperanza y Mitre.<\/p>\n<p>Resaltando que tambi\u00e9n estaba la Presidenta de la Federaci\u00f3n de Sociedades de Fomento, dicho encuentro dio por finalizado a las 21 hs.<\/p>\n<p>\u201cLa convocatoria fue clara y con invitaci\u00f3n masiva hacia todos los barrios de la ciudad por distintos medios, \u00fanico tema, Debatir el \u201cel proyecto sobre el presupuesto participativo\u201d, remarcaron desde la organizaci\u00f3n.<\/p>\n<p>Entre las cuestiones que resolvieron desde la organizaci\u00f3n mencionan:<\/p>\n<ul>\n<li>Que desde el 22\/10\/2014, d\u00eda que fue ingresado por Secretar\u00eda, hasta hace 20 d\u00edas, estuvo en la Comisi\u00f3n de Legislaci\u00f3n y ahora en el Ejecutivo.<\/li>\n<li>Realmente la reuni\u00f3n fue informativa y enriquecedora, exponiendo Sobre el Proyecto en s\u00ed, que entendemos que hay que mejorarlo en varios puntos, sobre las reuniones anteriores con los Concejales que integran la comisi\u00f3n de Legislaci\u00f3n y una semana despu\u00e9s con el Se\u00f1or Intendente Municipal.<\/li>\n<li>Todos, libremente expresaron sus dudas, inquietudes e ideas.<\/li>\n<li>Quedamos, viendo la gran predisposici\u00f3n y crecimiento de los representantes barriales, en coordinar una nueva reuni\u00f3n a definir Fecha y lugar, insistiendo a los barrios ausentes que de este Proyecto depende el futuro de partidas presupuestarias para solucionarle la calidad de vida a los ciudadanos, implementando una modalidad que en otras ciudades como en Z\u00e1rate, La Plata, Mor\u00f3n entre otras, funciona y muy bien.<\/li>\n<\/ul>\n<p>Tambien desde la organizaci\u00f3n el encuentro sostuvieron: \u201cAgradecemos a los Referentes que entendieron que este Proyecto, se transformar\u00e1 en Ordenanza y perdurara en el tiempo, pero las comisiones Barriales as\u00ed como el Intendente y Concejales, se renuevan cada 2 y 4 a\u00f1os.\u00a0 Hoy quedo demostrado que la onvocatoria tuvo un s\u00f3lo objetivo y bien alejado de lo partidario, es por eso que ac\u00e1 no hay nombres propios, La consigna fue que los Fomentistas convocan a Los Fomentistas\u201d.<\/p>\n<p>Agradecieron a AJB por prestar las instalaciones y remarcaron lo positivo del encuentro, que dej\u00f3 una puerta m\u00e1s que abierta para seguir trabajando.<\/p>\n","protected":false},"excerpt":{"rendered":"<p>Un importante encuentro se llev\u00f3 a cabo en la AJB donde representes de diferentes barrios se encontraron para debatir e &#8230; <a title=\"Importante encuentro de fomentistas en AJB pensando en el \u201cPresupuesto participativo\u201d\" class=\"read-more\" href=\"https:\/\/www.hoymercedes.com.ar\/principal\/2015\/05\/21\/importante-encuentro-de-fomentistas-en-ajb-pensando-en-el-presupuesto-participativo\/\" aria-label=\"Leer m\u00e1s sobre Importante encuentro de fomentistas en AJB pensando en el \u201cPresupuesto participativo\u201d\">Leer m\u00e1s<\/a><\/p>\n","protected":false},"author":1,"featured_media":41845,"comment_status":"open","ping_status":"open","sticky":false,"template":"","format":"standard","meta":{"_monsterinsights_skip_tracking":false,"_monsterinsights_sitenote_active":false,"_monsterinsights_sitenote_note":"","_monsterinsights_sitenote_category":0,"jetpack_post_was_ever_published":false,"_jetpack_newsletter_access":"","_jetpack_dont_email_post_to_subs":false,"_jetpack_newsletter_tier_id":0,"_jetpack_memberships_contains_paywalled_content":false,"_jetpack_memberships_contains_paid_content":false,"footnotes":"","jetpack_publicize_message":"","jetpack_publicize_feature_enabled":true,"jetpack_social_post_already_shared":true,"jetpack_social_options":{"image_generator_settings":{"template":"highway","default_image_id":0,"font":"","enabled":false},"version":2},"_wpas_customize_per_network":false},"categories":[8],"tags":[7361,7359,7360],"class_list":["post-41844","post","type-post","status-publish","format-standard","has-post-thumbnail","hentry","category-sociedad","tag-barrios-de-mercedes","tag-fomentistas-de-mercedes","tag-presupuesto-participativo","generate-columns","tablet-grid-50","mobile-grid-100","grid-parent","grid-50"],"jetpack_publicize_connections":[],"jetpack_featured_media_url":"https:\/\/www.hoymercedes.com.ar\/principal\/wp-content\/uploads\/2015\/05\/fomentistas-ajb-mercedes.jpg","wps_subtitle":"Organizaci\u00f3n y lucha","jetpack_sharing_enabled":true,"_links":{"self":[{"href":"https:\/\/www.hoymercedes.com.ar\/principal\/wp-json\/wp\/v2\/posts\/41844","targetHints":{"allow":["GET"]}}],"collection":[{"href":"https:\/\/www.hoymercedes.com.ar\/principal\/wp-json\/wp\/v2\/posts"}],"about":[{"href":"https:\/\/www.hoymercedes.com.ar\/principal\/wp-json\/wp\/v2\/types\/post"}],"author":[{"embeddable":true,"href":"https:\/\/www.hoymercedes.com.ar\/principal\/wp-json\/wp\/v2\/users\/1"}],"replies":[{"embeddable":true,"href":"https:\/\/www.hoymercedes.com.ar\/principal\/wp-json\/wp\/v2\/comments?post=41844"}],"version-history":[{"count":0,"href":"https:\/\/www.hoymercedes.com.ar\/principal\/wp-json\/wp\/v2\/posts\/41844\/revisions"}],"wp:featuredmedia":[{"embeddable":true,"href":"https:\/\/www.hoymercedes.com.ar\/principal\/wp-json\/wp\/v2\/media\/41845"}],"wp:attachment":[{"href":"https:\/\/www.hoymercedes.com.ar\/principal\/wp-json\/wp\/v2\/media?parent=41844"}],"wp:term":[{"taxonomy":"category","embeddable":true,"href":"https:\/\/www.hoymercedes.com.ar\/principal\/wp-json\/wp\/v2\/categories?post=41844"},{"taxonomy":"post_tag","embeddable":true,"href":"https:\/\/www.hoymercedes.com.ar\/principal\/wp-json\/wp\/v2\/tags?post=41844"}],"curies":[{"name":"wp","href":"https:\/\/api.w.org\/{rel}","templated":true}]}}