{"id":41875,"date":"2015-05-24T22:02:20","date_gmt":"2015-05-25T01:02:20","guid":{"rendered":"http:\/\/www.hoymercedes.com.ar\/principal\/?p=41875"},"modified":"2015-05-27T09:08:18","modified_gmt":"2015-05-27T12:08:18","slug":"salomone-los-municipios-afectados-por-las-inundaciones-no-tienen-ninguna-responsabilidad-legal-sobre-la-inaccion-de-los-gobiernos-provinciales","status":"publish","type":"post","link":"https:\/\/www.hoymercedes.com.ar\/principal\/2015\/05\/24\/salomone-los-municipios-afectados-por-las-inundaciones-no-tienen-ninguna-responsabilidad-legal-sobre-la-inaccion-de-los-gobiernos-provinciales\/","title":{"rendered":"Salomone: \u201cLos municipios afectados por las inundaciones no tienen ninguna responsabilidad legal sobre la inacci\u00f3n de los gobiernos provinciales\u201d"},"content":{"rendered":"<p><a href=\"https:\/\/www.hoymercedes.com.ar\/principal\/wp-content\/uploads\/2015\/05\/gustavosalomone.jpg\"><img loading=\"lazy\" decoding=\"async\" data-attachment-id=\"41877\" data-permalink=\"https:\/\/www.hoymercedes.com.ar\/principal\/2015\/05\/24\/salomone-los-municipios-afectados-por-las-inundaciones-no-tienen-ninguna-responsabilidad-legal-sobre-la-inaccion-de-los-gobiernos-provinciales\/gustavosalomone-2\/#main\" data-orig-file=\"https:\/\/www.hoymercedes.com.ar\/principal\/wp-content\/uploads\/2015\/05\/gustavosalomone.jpg\" data-orig-size=\"620,465\" data-comments-opened=\"1\" data-image-meta=\"{&quot;aperture&quot;:&quot;0&quot;,&quot;credit&quot;:&quot;&quot;,&quot;camera&quot;:&quot;&quot;,&quot;caption&quot;:&quot;&quot;,&quot;created_timestamp&quot;:&quot;0&quot;,&quot;copyright&quot;:&quot;Copyright 2006&quot;,&quot;focal_length&quot;:&quot;0&quot;,&quot;iso&quot;:&quot;0&quot;,&quot;shutter_speed&quot;:&quot;0&quot;,&quot;title&quot;:&quot;&quot;,&quot;orientation&quot;:&quot;0&quot;}\" data-image-title=\"gustavosalomone\" data-image-description=\"\" data-image-caption=\"\" data-large-file=\"https:\/\/www.hoymercedes.com.ar\/principal\/wp-content\/uploads\/2015\/05\/gustavosalomone.jpg\" class=\"Img2014 aligncenter wp-image-41877 size-full\" title=\"Gustavo Salomone\" src=\"https:\/\/www.hoymercedes.com.ar\/principal\/wp-content\/uploads\/2015\/05\/gustavosalomone.jpg\" alt=\"gustavosalomone\" width=\"620\" height=\"465\" srcset=\"https:\/\/www.hoymercedes.com.ar\/principal\/wp-content\/uploads\/2015\/05\/gustavosalomone.jpg 620w, https:\/\/www.hoymercedes.com.ar\/principal\/wp-content\/uploads\/2015\/05\/gustavosalomone-150x113.jpg 150w, https:\/\/www.hoymercedes.com.ar\/principal\/wp-content\/uploads\/2015\/05\/gustavosalomone-290x218.jpg 290w, https:\/\/www.hoymercedes.com.ar\/principal\/wp-content\/uploads\/2015\/05\/gustavosalomone-50x38.jpg 50w\" sizes=\"auto, (max-width: 620px) 100vw, 620px\" \/><\/a><\/p>\n<p>&nbsp;<\/p>\n<p><strong><em>El secretario de Obras P\u00fablicas municipal, asegur\u00f3 que el Estado municipal termina siendo reh\u00e9n de la inacci\u00f3n de los gobiernos nacionales y provinciales. Puntualiz\u00f3 reuniones y acuerdos y convenios nunca llevados a cabo por el gobierno de Scioli. \u201cEl gobierno provincial hace 9 a\u00f1os que est\u00e1 tratando de ver qu\u00e9 hace con el r\u00edo Luj\u00e1n\u201d<\/em><\/strong><\/p>\n<p>El secretario de Obras P\u00fablicas de la Municipalidad de Mercedes, ingeniero Gustavo Salomone, sali\u00f3 al cruce de lo publicado el lunes en el semanario \u201cEl Nuevo Cronista\u201d, asegurando que el municipio sigue trabajando con ah\u00ednco para que la provincia de Buenos Aires realice las obras h\u00eddricas correspondientes para mejorar la situaci\u00f3n de posibles inundaciones en nuestro partido.<\/p>\n<p>En un extenso di\u00e1logo, el funcionario municipal habl\u00f3 de todo.<\/p>\n<p>\u201cHoy el Municipio de Mercedes est\u00e1 siendo demandado por La C\u00e1mpora por una posible comisi\u00f3n de delito de acci\u00f3n p\u00fablica. El municipio ha aportado a la Fiscal\u00eda actuante todas las explicaciones y documentaci\u00f3n que acreditan lo realizado, esperando que la propia Fiscal\u00eda convoque a la Provincia de Buenos Aires en esta causa\u201d, sostuvo el responsable de la cartera de Obras, que desde hace un tiempo viene respondiendo a cada versi\u00f3n circulante, dando cuenta que desde la gesti\u00f3n municipal se ha actuado en tiempo y forma, tal como sostuvo a lo largo del extenso reportaje.<\/p>\n<p>El Ingeniero Salomone expuso los detalles de las diversas solicitudes efectuadas por la Comuna a instancias provinciales por obras y servicios. \u201cEl d\u00eda 1 de abril del 2015 el Municipio de Mercedes \u00a0envi\u00f3 reclamo e intimaci\u00f3n v\u00eda carta documento a la Gobernaci\u00f3n de la Provincia de Buenos Aires, a fin de intimar a la brevedad a ejecutar la obra hidr\u00e1ulica de canalizaci\u00f3n paralela a la Ruta Nacional N\u00b05 \u00a0entre calle 11 y el Arroyo Las Pulgas, ya que este tema excede las responsabilidades del estado municipal\u201d, coment\u00f3.<\/p>\n<p>M\u00e1s adelante, agreg\u00f3 que \u201ces importante recalcar que el agua ingresada hist\u00f3ricamente desde la Ruta Nacional N\u00b05 intersecci\u00f3n de calle 11, inunda y satura los pluviales urbanos de la ciudad, agua que debe seguir por los pr\u00e9stamos de la Ruta Nacional N\u00b05, proyecto efectuado y aprobado por Hidr\u00e1ulica de la Provincia de Buenos Aires desde calle 11 a Arroyo Las Pulgas, el cual data del a\u00f1o 1994, y su ejecuci\u00f3n no puede ser realizada por el Municipio de Mercedes por no tener jurisdicci\u00f3n ni legal ni operativa sobre la traza de la ruta nacional\u201d. \u201cAdem\u00e1s, las obras necesarias para dicha canalizaci\u00f3n paralela a la Ruta N\u00b05, tambi\u00e9n contempla la readecuaci\u00f3n del propio arroyo, convenio firmado en el a\u00f1o 1994 entre el intendente de esa \u00e9poca y la Direcci\u00f3n Provincial de Hidr\u00e1ulica, lo cual es oportuno se\u00f1alar que dichas obras \u201cfueron ejecutadas\u201d, se efectu\u00f3 el dragado y ensanche de las alcantarillas del propio arroyo, o sea que la Provincia de Buenos Aires en esos a\u00f1os comenz\u00f3 las obras, y estas fueron abandonadas por el propio estado provincial, ya que falt\u00f3 ejecutar la canalizaci\u00f3n paralela a la Ruta, que de haberse realizado en tiempo y forma dicha obra los barrios de la ciudad mencionados, no hubieran sufrido las consecuencias de las inundaciones.\u201d Afirm\u00f3 dando detalles hist\u00f3ricos de la problem\u00e1tica.<\/p>\n<p>Salomone a\u00f1adi\u00f3 que \u201ceste municipio ha reclamado al Ministerio de Obras Publicas de la Provincia de Buenos Aires desde su origen hasta la fecha, \u00a0se incorpor\u00f3 dicho estudio hidr\u00e1ulico al proyecto \u00a0de la Autov\u00eda Mercedes- Carlos Casares en el a\u00f1o 2010, y reiterado en el a\u00f1o 2013 con el cambio de concesi\u00f3n de la propia autopista, \u00a0siendo hoy \u201cH5\u201d, a\u00fan no ejecutado ni por el estado nacional ni provincial. \u00a0Dicha obra ha sido pedida adem\u00e1s, en la \u00faltima reuni\u00f3n con el Director de Hidr\u00e1ulica de la Provincia de Buenos Aires llevada a cabo en el mes de noviembre del 2014, entre dicho funcionario y el Intendente Municipal, y reiterado por nota fechada el ingreso a Hidr\u00e1ulica de la Provincia el d\u00eda 09 de enero del 2015, sin respuestas a la fecha.\u201d, afirm\u00f3 el funcionario.<\/p>\n<p>\u201cEs sumamente importante destacar \u2013asever\u00f3 el ingeniero- que la causa de toda la problem\u00e1tica en \u00e9sta zona \u00a0es la gran masa de agua que ingresa desde la ruta nacional, poniendo en situaci\u00f3n de inundabilidad a los barrios Villa Industrial Este y Oeste, Mutti, Lopardo, San Martin y aleda\u00f1os al Acceso Manuel Sanmart\u00edn, de los l\u00edquidos ingresados de la cuenca alta de m\u00e1s de 500 hect\u00e1reas de la zona rural del partido de la margen Sur (Ruta Nacional n\u00b05 y calle 11), situaci\u00f3n que el Estado municipal viene siendo reh\u00e9n de la inacci\u00f3n de los gobiernos provinciales y nacionales.\u201d, remarc\u00f3 el Ingeniero Gustavo Salomone dando detalles, momentos, tr\u00e1mites e historia de una obra que se sigue esperando.<\/p>\n<p><b>Dragado y limpieza <\/b><\/p>\n<p>El secretario de Obras P\u00fablicas recalc\u00f3 que el mantenimiento y dragado del Rio Lujan es netamente jurisdicci\u00f3n de la Provincia de Buenos Aires, siendo adem\u00e1s una de las cuencas m\u00e1s grandes de la provincia, en los \u00faltimos a\u00f1os no realizaron trabajo alguno sobre el r\u00edo, marcando una desidia total del estado provincial sobre las responsabilidades que les compete\u201d. A modo de rese\u00f1a, y recordando la inundaci\u00f3n del a\u00f1o 2010, el Gobernador de la Provincia decret\u00f3 la Emergencia H\u00eddrica por el Decreto Provincial n\u00b051\/2010, en la cual el Municipio de Mercedes se adhiri\u00f3 y solicit\u00f3 la limpieza y desmalezado de las m\u00e1rgenes del rio Luj\u00e1n entre los puentes Amarillo y del Ca\u00f1\u00f3n. Ingresado al Ministerio de Infraestructura provincial el 12 de Marzo de 2010, conform\u00e1ndose el expediente n\u00b0 2400-217\/2010. Desde entonces, y reclamado en toda reuni\u00f3n y visita al Ministerio por parte del intendente Carlos Selva, reiterado el pedido al Ministro Arl\u00eda, con nota ingresada el d\u00eda 4 de agosto del 2012, y en diversas reuniones del comit\u00e9 de Cuenca del R\u00edo Luj\u00e1n, \u201cpues de haberse atendido este trabajo por parte de la Provincia de Buenos Aires se podr\u00eda haber evitado y\/o minimizado los da\u00f1os producidos en la zona y las inundaciones en estos barrios.\u201d<\/p>\n<p>\u201cComo es de p\u00fablico conocimiento, los intendentes de la Cuenca del R\u00edo Luj\u00e1n, luego de haber reclamado en varias ocasiones ante las autoridades de Hidr\u00e1ulica de la Provincias y ante la Autoridad del Agua, lograron que el Ministro de Infraestructura, Alejandro Arl\u00eda, gestionara ante el PROFIDE una obra de desmalezamiento de acacias en las m\u00e1rgenes, unos 30 kil\u00f3metros cuenca abajo por un valor de $ 70.000.000, y qued\u00f3 la promesa de atender los reclamos puntuales de cada distrito en la reuni\u00f3n efectuada en las oficinas del PROFIDE el d\u00eda 16 de abril del 2014. El 8 de junio de 2014, el propio ministro de Infraestructura visit\u00f3 el inicio de las obras en la ciudad de Luj\u00e1n, junto al Intendente Oscar Luciani de esa localidad y al Intendente Selva de Mercedes.<\/p>\n<p><b>Rese\u00f1a hist\u00f3rica<\/b><\/p>\n<ul>\n<li>\u00a0En el a\u00f1o 2005, el Comit\u00e9 de Cuenca del R\u00edo Luj\u00e1n y la Secretaria de Recursos H\u00eddricos de la Naci\u00f3n concretaron un estudio con el Instituto Nacional del Agua (INA).<\/li>\n<li>\u00a0En junio del 2007, el INA emiti\u00f3 las conclusiones sobre los trabajos que deb\u00edan hacerse en el r\u00edo para evitar las inundaciones.<\/li>\n<li>En el a\u00f1o 2011, \u00a0la direcci\u00f3n de Hidr\u00e1ulica de la Provincia de Buenos Aires llama a Licitaci\u00f3n para un estudio integral y proyecto de las obras de saneamiento del r\u00edo.<\/li>\n<li>En el a\u00f1o 2014, se adjudican los estudios que una consultora va a realizar en el lapso de un a\u00f1o, con fecha de culminaci\u00f3n en julio del 2015.<\/li>\n<\/ul>\n<p>El secretario de Obras P\u00fablicas de la Municipalidad de Mercedes asegura que en el distrito no han comenzado con ninguna tarea sobre el r\u00edo Luj\u00e1n que haga minimizar los riesgos de futuras inundaciones. \u201cEl Gobierno de la Provincia de Buenos Aires lleva 9 a\u00f1os en tratar de ver lo que hay que hacer en el r\u00edo Luj\u00e1n para que no se produzcan inundaciones. Los municipios afectados no tienen ninguna responsabilidad legal sobre la inacci\u00f3n de los gobiernos provinciales\u201d, afirm\u00f3 contundentemente.<\/p>\n<p>&nbsp;<\/p>\n<p>&nbsp;<\/p>\n<p>&nbsp;<\/p>\n","protected":false},"excerpt":{"rendered":"<p>&nbsp; El secretario de Obras P\u00fablicas municipal, asegur\u00f3 que el Estado municipal termina siendo reh\u00e9n de la inacci\u00f3n de los &#8230; <a title=\"Salomone: \u201cLos municipios afectados por las inundaciones no tienen ninguna responsabilidad legal sobre la inacci\u00f3n de los gobiernos provinciales\u201d\" class=\"read-more\" href=\"https:\/\/www.hoymercedes.com.ar\/principal\/2015\/05\/24\/salomone-los-municipios-afectados-por-las-inundaciones-no-tienen-ninguna-responsabilidad-legal-sobre-la-inaccion-de-los-gobiernos-provinciales\/\" aria-label=\"Leer m\u00e1s sobre Salomone: \u201cLos municipios afectados por las inundaciones no tienen ninguna responsabilidad legal sobre la inacci\u00f3n de los gobiernos provinciales\u201d\">Leer m\u00e1s<\/a><\/p>\n","protected":false},"author":1,"featured_media":41877,"comment_status":"open","ping_status":"open","sticky":false,"template":"","format":"standard","meta":{"_monsterinsights_skip_tracking":false,"_monsterinsights_sitenote_active":false,"_monsterinsights_sitenote_note":"","_monsterinsights_sitenote_category":0,"jetpack_post_was_ever_published":false,"_jetpack_newsletter_access":"","_jetpack_dont_email_post_to_subs":false,"_jetpack_newsletter_tier_id":0,"_jetpack_memberships_contains_paywalled_content":false,"_jetpack_memberships_contains_paid_content":false,"footnotes":"","jetpack_publicize_message":"","jetpack_publicize_feature_enabled":true,"jetpack_social_post_already_shared":true,"jetpack_social_options":{"image_generator_settings":{"template":"highway","default_image_id":0,"font":"","enabled":false},"version":2},"_wpas_customize_per_network":false},"categories":[30],"tags":[229,2226],"class_list":["post-41875","post","type-post","status-publish","format-standard","has-post-thumbnail","hentry","category-municipio","tag-gustavo-salomone","tag-obras-publicas-mercedes","generate-columns","tablet-grid-50","mobile-grid-100","grid-parent","grid-50"],"jetpack_publicize_connections":[],"jetpack_featured_media_url":"https:\/\/www.hoymercedes.com.ar\/principal\/wp-content\/uploads\/2015\/05\/gustavosalomone.jpg","wps_subtitle":"Desde la Comuna afirmaron","jetpack_sharing_enabled":true,"_links":{"self":[{"href":"https:\/\/www.hoymercedes.com.ar\/principal\/wp-json\/wp\/v2\/posts\/41875","targetHints":{"allow":["GET"]}}],"collection":[{"href":"https:\/\/www.hoymercedes.com.ar\/principal\/wp-json\/wp\/v2\/posts"}],"about":[{"href":"https:\/\/www.hoymercedes.com.ar\/principal\/wp-json\/wp\/v2\/types\/post"}],"author":[{"embeddable":true,"href":"https:\/\/www.hoymercedes.com.ar\/principal\/wp-json\/wp\/v2\/users\/1"}],"replies":[{"embeddable":true,"href":"https:\/\/www.hoymercedes.com.ar\/principal\/wp-json\/wp\/v2\/comments?post=41875"}],"version-history":[{"count":0,"href":"https:\/\/www.hoymercedes.com.ar\/principal\/wp-json\/wp\/v2\/posts\/41875\/revisions"}],"wp:featuredmedia":[{"embeddable":true,"href":"https:\/\/www.hoymercedes.com.ar\/principal\/wp-json\/wp\/v2\/media\/41877"}],"wp:attachment":[{"href":"https:\/\/www.hoymercedes.com.ar\/principal\/wp-json\/wp\/v2\/media?parent=41875"}],"wp:term":[{"taxonomy":"category","embeddable":true,"href":"https:\/\/www.hoymercedes.com.ar\/principal\/wp-json\/wp\/v2\/categories?post=41875"},{"taxonomy":"post_tag","embeddable":true,"href":"https:\/\/www.hoymercedes.com.ar\/principal\/wp-json\/wp\/v2\/tags?post=41875"}],"curies":[{"name":"wp","href":"https:\/\/api.w.org\/{rel}","templated":true}]}}